{"id":10483,"date":"2023-07-21T11:33:17","date_gmt":"2023-07-21T11:33:17","guid":{"rendered":"https:\/\/salutieducacioemocional.com\/sense-categoria\/20e-aniversari-de-seer\/"},"modified":"2023-07-24T12:44:09","modified_gmt":"2023-07-24T12:44:09","slug":"20-aniversari-seer","status":"publish","type":"post","link":"https:\/\/salutieducacioemocional.com\/ca\/blog\/20-aniversari-seer\/","title":{"rendered":"20 anys d&#8217;Educaci\u00f3 Emocional als Centres Educatius"},"content":{"rendered":"\t\t<div data-elementor-type=\"wp-post\" data-elementor-id=\"10483\" class=\"elementor elementor-10483 elementor-10469\" data-elementor-post-type=\"post\">\n\t\t\t\t\t\t<section class=\"elementor-section elementor-top-section elementor-element elementor-element-328118d4 elementor-section-boxed elementor-section-height-default elementor-section-height-default\" data-id=\"328118d4\" data-element_type=\"section\" data-e-type=\"section\">\n\t\t\t\t\t\t<div class=\"elementor-container elementor-column-gap-default\">\n\t\t\t\t\t<div class=\"elementor-column elementor-col-100 elementor-top-column elementor-element elementor-element-225cddc4\" data-id=\"225cddc4\" data-element_type=\"column\" data-e-type=\"column\">\n\t\t\t<div class=\"elementor-widget-wrap elementor-element-populated\">\n\t\t\t\t\t\t<div class=\"elementor-element elementor-element-d0f6f7f elementor-widget elementor-widget-theme-post-featured-image elementor-widget-image\" data-id=\"d0f6f7f\" data-element_type=\"widget\" data-e-type=\"widget\" data-widget_type=\"theme-post-featured-image.default\">\n\t\t\t\t<div class=\"elementor-widget-container\">\n\t\t\t\t\t\t\t\t\t\t\t\t\t\t\t<img decoding=\"async\" src=\"https:\/\/salutieducacioemocional.com\/wp-content\/uploads\/elementor\/thumbs\/foto_grupal_SEER-q9qk1js0nhhkfx8lnzu0orz05y7sy133w97teh0wi0.jpeg\" title=\"foto_grupal_SEER\" alt=\"foto_grupal_SEER\" loading=\"lazy\" \/>\t\t\t\t\t\t\t\t\t\t\t\t\t\t\t<\/div>\n\t\t\t\t<\/div>\n\t\t\t\t\t<\/div>\n\t\t<\/div>\n\t\t\t\t\t<\/div>\n\t\t<\/section>\n\t\t\t\t<section class=\"elementor-section elementor-top-section elementor-element elementor-element-7be9f8b1 elementor-section-boxed elementor-section-height-default elementor-section-height-default\" data-id=\"7be9f8b1\" data-element_type=\"section\" data-e-type=\"section\">\n\t\t\t\t\t\t<div class=\"elementor-container elementor-column-gap-default\">\n\t\t\t\t\t<div class=\"elementor-column elementor-col-100 elementor-top-column elementor-element elementor-element-6809508d\" data-id=\"6809508d\" data-element_type=\"column\" data-e-type=\"column\">\n\t\t\t<div class=\"elementor-widget-wrap elementor-element-populated\">\n\t\t\t\t\t\t<div class=\"elementor-element elementor-element-666e19d5 elementor-widget elementor-widget-heading\" data-id=\"666e19d5\" data-element_type=\"widget\" data-e-type=\"widget\" data-widget_type=\"heading.default\">\n\t\t\t\t<div class=\"elementor-widget-container\">\n\t\t\t\t\t<h1 class=\"elementor-heading-title elementor-size-large\">Celebrem els 20 anys de SEER duent l\u2019educaci\u00f3 emocional als centres educatius<\/h1>\t\t\t\t<\/div>\n\t\t\t\t<\/div>\n\t\t\t\t<div class=\"elementor-element elementor-element-5d63d7aa elementor-widget-divider--view-line elementor-widget elementor-widget-divider\" data-id=\"5d63d7aa\" data-element_type=\"widget\" data-e-type=\"widget\" data-widget_type=\"divider.default\">\n\t\t\t\t<div class=\"elementor-widget-container\">\n\t\t\t\t\t\t\t<div class=\"elementor-divider\">\n\t\t\t<span class=\"elementor-divider-separator\">\n\t\t\t\t\t\t<\/span>\n\t\t<\/div>\n\t\t\t\t\t\t<\/div>\n\t\t\t\t<\/div>\n\t\t\t\t\t<\/div>\n\t\t<\/div>\n\t\t\t\t\t<\/div>\n\t\t<\/section>\n\t\t\t\t<section class=\"elementor-section elementor-top-section elementor-element elementor-element-7ef25af9 elementor-section-boxed elementor-section-height-default elementor-section-height-default\" data-id=\"7ef25af9\" data-element_type=\"section\" data-e-type=\"section\">\n\t\t\t\t\t\t<div class=\"elementor-container elementor-column-gap-default\">\n\t\t\t\t\t<div class=\"elementor-column elementor-col-100 elementor-top-column elementor-element elementor-element-70e91dd6\" data-id=\"70e91dd6\" data-element_type=\"column\" data-e-type=\"column\">\n\t\t\t<div class=\"elementor-widget-wrap elementor-element-populated\">\n\t\t\t\t\t\t<div class=\"elementor-element elementor-element-1c1b648a elementor-widget elementor-widget-text-editor\" data-id=\"1c1b648a\" data-element_type=\"widget\" data-e-type=\"widget\" data-widget_type=\"text-editor.default\">\n\t\t\t\t<div class=\"elementor-widget-container\">\n\t\t\t\t\t\t\t\t\t<p><span style=\"font-weight: 400;\">El divendres dia 30 de juny de 2023 vam celebrar, a la sala d\u2019actes de l<a href=\"https:\/\/www.institutmariaespinalt.cat\/\" target=\"_blank\" rel=\"noopener\">\u2019Institut Maria Espinalt<\/a> de Barcelona, el 20\u00e8 aniversari de SEER, reunint-nos, en una jornada molt especial, amb els professionals dels centres educatius a qui acompanyem a trav\u00e9s de l\u2019educaci\u00f3 emocional. <\/span><span style=\"font-weight: 400;\">El divendres dia 30 de juny va ser un dia molt especial i aqu\u00ed us compartim un tastet de tot el que va passar.<\/span><\/p>\n\t\t\t\t\t\t\t\t<\/div>\n\t\t\t\t<\/div>\n\t\t\t\t<div class=\"elementor-element elementor-element-7808ca9 elementor-widget elementor-widget-video\" data-id=\"7808ca9\" data-element_type=\"widget\" data-e-type=\"widget\" data-settings=\"{&quot;youtube_url&quot;:&quot;https:\\\/\\\/www.youtube.com\\\/watch?v=G6if8U3QTsA&quot;,&quot;autoplay&quot;:&quot;yes&quot;,&quot;play_on_mobile&quot;:&quot;yes&quot;,&quot;mute&quot;:&quot;yes&quot;,&quot;video_type&quot;:&quot;youtube&quot;,&quot;controls&quot;:&quot;yes&quot;}\" data-widget_type=\"video.default\">\n\t\t\t\t<div class=\"elementor-widget-container\">\n\t\t\t\t\t\t\t<div class=\"elementor-wrapper elementor-open-inline\">\n\t\t\t<div class=\"elementor-video\"><\/div>\t\t<\/div>\n\t\t\t\t\t\t<\/div>\n\t\t\t\t<\/div>\n\t\t\t\t<div class=\"elementor-element elementor-element-4889e45 elementor-widget elementor-widget-text-editor\" data-id=\"4889e45\" data-element_type=\"widget\" data-e-type=\"widget\" data-widget_type=\"text-editor.default\">\n\t\t\t\t<div class=\"elementor-widget-container\">\n\t\t\t\t\t\t\t\t\t<p><span style=\"font-weight: 400;\">Tot va comen\u00e7ar amb un esmorzar plegats, que ens va donar peu a retrobar-nos, xerrar i posar-nos al dia. <\/span><span style=\"font-weight: 400;\">Despr\u00e9s, vam obrir les sobretaules per compartir sobre bones pr\u00e0ctiques en educaci\u00f3 emocional: els equips de <a href=\"https:\/\/agora.xtec.cat\/iesjuliaminguell\/\" target=\"_blank\" rel=\"noopener\">l&#8217;Institut Juli\u00e0 Minguell<\/a>, <a href=\"https:\/\/agora.xtec.cat\/esc-masrampinyo\/lescola\/\" target=\"_blank\" rel=\"noopener\">l&#8217;Institut Escola Mas Rampinyo<\/a>, <a href=\"https:\/\/www.institutmariaespinalt.cat\/\" target=\"_blank\" rel=\"noopener\" data-wplink-edit=\"true\">l&#8217;Institut Maria Espinalt<\/a> i <a href=\"https:\/\/agora.xtec.cat\/insagmundet\/\" target=\"_blank\" rel=\"noopener\">l&#8217;Institut Anna Gironella de Mundet<\/a> van compartir els projectes que han engegat, en educaci\u00f3 emocional, als centres.<\/span><\/p>\n\t\t\t\t\t\t\t\t<\/div>\n\t\t\t\t<\/div>\n\t\t\t\t<div class=\"elementor-element elementor-element-d82cb41 elementor-widget elementor-widget-heading\" data-id=\"d82cb41\" data-element_type=\"widget\" data-e-type=\"widget\" data-widget_type=\"heading.default\">\n\t\t\t\t<div class=\"elementor-widget-container\">\n\t\t\t\t\t<h2 class=\"elementor-heading-title elementor-size-default\">Taules de bones pr\u00e0ctiques en educaci\u00f3 emocional als centres educatius\n<\/h2>\t\t\t\t<\/div>\n\t\t\t\t<\/div>\n\t\t\t\t<div class=\"elementor-element elementor-element-56e1cab elementor-widget elementor-widget-text-editor\" data-id=\"56e1cab\" data-element_type=\"widget\" data-e-type=\"widget\" data-widget_type=\"text-editor.default\">\n\t\t\t\t<div class=\"elementor-widget-container\">\n\t\t\t\t\t\t\t\t\t<p><span style=\"font-weight: 400;\">L\u2019equip de l\u2019Institut Juli\u00e0 Minguell, acompanyat per <a href=\"https:\/\/salutieducacioemocional.com\/ca\/equip\/ari-troya\/\">l\u2019Ari Troya<\/a>, membre de l\u2019Equip SEER, ens compartia en el marc d\u2019aquestes sobretaules, que en els seus 14 anys treballant amb SEER han desenvolupat i implementat tot un programa d\u2019educaci\u00f3 emocional al centre educatiu i que ara, m\u00e9s enll\u00e0 d\u2019aquest projecte de llarga durada, han posat en marxa el que han anomenat Aporta Oberta, un programa que t\u00e9 com a objectiu facilitar la implicaci\u00f3 de l\u2019alumnat en la promoci\u00f3 de la conviv\u00e8ncia al centre.<\/span><\/p>\n<p><span style=\"font-weight: 400;\">L\u2019equip de <a href=\"https:\/\/agora.xtec.cat\/insagmundet\/\" target=\"_blank\" rel=\"noopener\">l\u2019Institut Anna Gironella de Mundet<\/a>, acompanyat per <a href=\"https:\/\/salutieducacioemocional.com\/ca\/equip\/laia-catala\/\">la Laia Catal\u00e0<\/a>, membre de l\u2019Equip SEER, posava sobre la taula el que ha estat el seu gran repte a l\u2019hora d&#8217;introduir l\u2019educaci\u00f3 emocional al centre educatiu: compten amb un claustre molt gran i molt divers i aix\u00f2 fa especialment important la tasca de sensibilitzaci\u00f3. Cal fer aquesta tasca, a m\u00e9s, de forma que arribi a tots els professionals del centre i que aquests la puguin aplicar de manera pr\u00e0ctica en el seu dia a dia. Per iniciar la feina de sensibilitzaci\u00f3 al voltant de l\u2019educaci\u00f3 emocional, han comptat amb l\u2019assessorament de SEER.<\/span><\/p>\n<p><span style=\"font-weight: 400;\">Un cop tancat aquest enriquidor espai per intercanviar bones pr\u00e0ctiques entre professionals dels centres educatius, vam obrir un nou espai en el qual, des de SEER, vam voler compartir recursos i propostes al professorat, desvetllant algunes de les novetats que aproparem als centres durant el curs 2023-24.<\/span><\/p>\n\t\t\t\t\t\t\t\t<\/div>\n\t\t\t\t<\/div>\n\t\t\t\t<div class=\"elementor-element elementor-element-503af0c elementor-widget elementor-widget-heading\" data-id=\"503af0c\" data-element_type=\"widget\" data-e-type=\"widget\" data-widget_type=\"heading.default\">\n\t\t\t\t<div class=\"elementor-widget-container\">\n\t\t\t\t\t<h2 class=\"elementor-heading-title elementor-size-default\">Recursos i novetats en educaci\u00f3 emocional als centres educatius<\/h2>\t\t\t\t<\/div>\n\t\t\t\t<\/div>\n\t\t\t\t<div class=\"elementor-element elementor-element-9ec6be7 elementor-widget elementor-widget-text-editor\" data-id=\"9ec6be7\" data-element_type=\"widget\" data-e-type=\"widget\" data-widget_type=\"text-editor.default\">\n\t\t\t\t<div class=\"elementor-widget-container\">\n\t\t\t\t\t\t\t\t\t<p><span style=\"font-weight: 400;\">En aquest espai, vam voler posar la mirada en el Projecte de Conviv\u00e8ncia, compartint com el triangle de la personalitat, que forma part essencial del <a href=\"https:\/\/salutieducacioemocional.com\/ca\/departament-formacio\/acompanyament-equips\/desenvolupament-socioemocional-23-24\/\">Model d\u2019Acompanyament al Desenvolupament Socioemocional (Model ADS)<\/a>, creat per SEER, recolza la tasca de la promoci\u00f3 de la conviv\u00e8ncia als centres.<\/span><\/p>\n<p><span style=\"font-weight: 400;\">Vam veure com el triangle de la personalitat ens mostra que les nostres accions, comportaments i relacions s\u00f3n fruit dels nostres estats emocionals i mentals, de la nostra motxilla i dels nostres patrons o creences.<\/span><\/p>\n<p><span style=\"font-weight: 400;\">D\u2019aquest triangle de la personalitat es despr\u00e8n, com compart\u00edem, el triangle proventiu, que recolleix les habilitats, els valors i les emocions i que ens convida a treballar el desenvolupament moral, el desenvolupament socioemocional i les diferents habilitats de l\u2019alumnat.<\/span><\/p>\n<p><span style=\"font-weight: 400;\">Havent nodrit aquesta mirada proventiva i de promoci\u00f3 del benestar, vam presentar una de les grans novetats de SEER per acompanyar els centres educatius el curs vinent: <a href=\"https:\/\/seercampus.com\/\" target=\"_blank\" rel=\"noopener\">SEER Campus<\/a>, una plataforma online que recollir\u00e0 recursos en diferents formats per fomentar el benestar entre l\u2019alumnat i incorporar l\u2019educaci\u00f3 emocional a l\u2019aula. <\/span><span style=\"font-weight: 400;\">I del benestar de l\u2019alumnat, al benestar dels equips docents.<\/span><\/p>\n\t\t\t\t\t\t\t\t<\/div>\n\t\t\t\t<\/div>\n\t\t\t\t<div class=\"elementor-element elementor-element-6cc8bec elementor-widget elementor-widget-image\" data-id=\"6cc8bec\" data-element_type=\"widget\" data-e-type=\"widget\" data-widget_type=\"image.default\">\n\t\t\t\t<div class=\"elementor-widget-container\">\n\t\t\t\t\t\t\t\t\t\t\t\t\t\t\t<img fetchpriority=\"high\" decoding=\"async\" width=\"800\" height=\"450\" src=\"https:\/\/salutieducacioemocional.com\/wp-content\/uploads\/2023\/07\/Jornada-20e-aniversari-1024x576.png\" class=\"attachment-large size-large wp-image-10487\" alt=\"\" srcset=\"https:\/\/salutieducacioemocional.com\/wp-content\/uploads\/2023\/07\/Jornada-20e-aniversari-1024x576.png 1024w, https:\/\/salutieducacioemocional.com\/wp-content\/uploads\/2023\/07\/Jornada-20e-aniversari-300x169.png 300w, https:\/\/salutieducacioemocional.com\/wp-content\/uploads\/2023\/07\/Jornada-20e-aniversari-768x432.png 768w, https:\/\/salutieducacioemocional.com\/wp-content\/uploads\/2023\/07\/Jornada-20e-aniversari-1536x864.png 1536w, https:\/\/salutieducacioemocional.com\/wp-content\/uploads\/2023\/07\/Jornada-20e-aniversari-800x450.png 800w, https:\/\/salutieducacioemocional.com\/wp-content\/uploads\/2023\/07\/Jornada-20e-aniversari-600x338.png 600w, https:\/\/salutieducacioemocional.com\/wp-content\/uploads\/2023\/07\/Jornada-20e-aniversari.png 1920w\" sizes=\"(max-width: 800px) 100vw, 800px\" \/>\t\t\t\t\t\t\t\t\t\t\t\t\t\t\t<\/div>\n\t\t\t\t<\/div>\n\t\t\t\t<div class=\"elementor-element elementor-element-a18822e elementor-widget elementor-widget-heading\" data-id=\"a18822e\" data-element_type=\"widget\" data-e-type=\"widget\" data-widget_type=\"heading.default\">\n\t\t\t\t<div class=\"elementor-widget-container\">\n\t\t\t\t\t<h2 class=\"elementor-heading-title elementor-size-default\">L\u2019estr\u00e9s als centres educatius, una mirada des de l\u2019educaci\u00f3 emocional<\/h2>\t\t\t\t<\/div>\n\t\t\t\t<\/div>\n\t\t\t\t<div class=\"elementor-element elementor-element-10639b6 elementor-widget elementor-widget-text-editor\" data-id=\"10639b6\" data-element_type=\"widget\" data-e-type=\"widget\" data-widget_type=\"text-editor.default\">\n\t\t\t\t<div class=\"elementor-widget-container\">\n\t\t\t\t\t\t\t\t\t<p><span style=\"font-weight: 400;\">Els docents que van acompanyar-nos en aquest acte de celebraci\u00f3 van poder gaudir d\u2019un espai dinamitzat que va obrir reflexi\u00f3 i conversa sobre l&#8217;estr\u00e8s als equips dels centres educatius.<\/span><\/p>\n<p><span style=\"font-weight: 400;\">Responent sobre la pres\u00e8ncia de l\u2019estr\u00e8s en el seu dia a dia, veiem com la majoria de docents admitia sentir-se desbordat a vegades pel volum de feina i pels ritmes exigits. Com deia <a href=\"https:\/\/salutieducacioemocional.com\/ca\/equip\/oriol-julia\/\" target=\"_blank\" rel=\"noopener\">l\u2019Oriol Juli\u00e0<\/a>, cal cuidar-nos, especialment com a professionals de l\u2019educaci\u00f3, \u201cno pot ser que, amb una feina tan important com la del professorat, no ens cuidem\u201d.<\/span><\/p>\n<p><span style=\"font-weight: 400;\">A trav\u00e9s de la din\u00e0mica proposada pel <a href=\"https:\/\/salutieducacioemocional.com\/ca\/equip\/joan-sanchez\/\" target=\"_blank\" rel=\"noopener\">Joan<\/a>, membre de l\u2019Equip SEER, els professionals dels equips docents van poder experimentar, a trav\u00e9s del cos, qu\u00e8 se sent en deixar anar la tensi\u00f3, en alliberar-nos de l\u2019estr\u00e9s. Aix\u00f2 va obrir un cercle de conversa en el qual tots i totes vam poder compartir sobre la nostra viv\u00e8ncia en el dia a dia.<\/span><\/p>\n<p><span style=\"font-weight: 400;\">I tamb\u00e9 com una forma de cuidar-nos, vam voler incloure al programa de l\u2019acte un espai per al reconeixement de les bones pr\u00e0ctiques en educaci\u00f3 emocional als centres educatius.<\/span><\/p>\n\t\t\t\t\t\t\t\t<\/div>\n\t\t\t\t<\/div>\n\t\t\t\t<div class=\"elementor-element elementor-element-57dc888 elementor-widget elementor-widget-heading\" data-id=\"57dc888\" data-element_type=\"widget\" data-e-type=\"widget\" data-widget_type=\"heading.default\">\n\t\t\t\t<div class=\"elementor-widget-container\">\n\t\t\t\t\t<h2 class=\"elementor-heading-title elementor-size-default\">Reconeixements a les bones pr\u00e0ctiques en educaci\u00f3 emocional als centres educatius<\/h2>\t\t\t\t<\/div>\n\t\t\t\t<\/div>\n\t\t\t\t<div class=\"elementor-element elementor-element-89162fe elementor-widget elementor-widget-text-editor\" data-id=\"89162fe\" data-element_type=\"widget\" data-e-type=\"widget\" data-widget_type=\"text-editor.default\">\n\t\t\t\t<div class=\"elementor-widget-container\">\n\t\t\t\t\t\t\t\t\t<p><span style=\"font-weight: 400;\">En altres paraules, els premis!<\/span><\/p>\n<p><span style=\"font-weight: 400;\">Abans d\u2019acomiadar l\u2019acte, vam celebrar el sorteig de tres premis entre els centres educatius que havien participat al concurs promogut per SEER a trav\u00e9s de les xarxes socials.<\/span><\/p>\n<p><span style=\"font-weight: 400;\">Per participar, calia publicar un v\u00eddeo breu a Instagram c<a href=\"https:\/\/www.instagram.com\/equipseer\/\" target=\"_blank\" rel=\"noopener\">ompartint un exemple de bona pr\u00e0ctica en educaci\u00f3 emocional<\/a> que s\u2019hagu\u00e9s desenvolupat al centre.<\/span><\/p>\n<p><span style=\"font-weight: 400;\">Aix\u00ed, <a href=\"https:\/\/agora.xtec.cat\/ieviver\/\" target=\"_blank\" rel=\"noopener\">l\u2019Institut Escola El Viver<\/a> va endur-se el 3r premi, una c\u00e0psula de 2 hores per claustre o fam\u00edlies valorada en 270\u20ac. El 2n premi, un assessorament de 4 hores valorat en 600\u20ac, va ser per a l<a href=\"http:\/\/web.inslaferreria.cat\/\" target=\"_blank\" rel=\"noopener\">\u2019Institut La Ferreria.<\/a> <a href=\"https:\/\/agora.xtec.cat\/ceiplavinia\/\" target=\"_blank\" rel=\"noopener\">L\u2019Escola Lavinia<\/a> va ser la guanyadora del 1r premi, un projecte integral valorat en 1.300\u20ac.<\/span><\/p>\n<p><span style=\"font-weight: 400;\">I no nom\u00e9s els centres educatius participants al concurs van rebre el seu merescut reconeixement, tamb\u00e9 tots els centres que van acompanyar-nos van rebre el seu propi reconeixement: un acompanyament de cura d&#8217;equip valorat en 600\u20ac per a cada centre.<\/span><\/p>\n<p><span style=\"font-weight: 400;\">El mat\u00ed del 30 de juny va ser, sens dubte, un mat\u00ed especial. Gr\u00e0cies per fer-lo possible.<\/span><\/p>\n<p><span style=\"font-weight: 400;\">Seguim trobant-nos, seguim promovent l\u2019educaci\u00f3 emocional, seguim acompanyant-nos.<\/span><\/p>\n\t\t\t\t\t\t\t\t<\/div>\n\t\t\t\t<\/div>\n\t\t\t\t<div class=\"elementor-element elementor-element-1f620d9d elementor-share-buttons--shape-rounded elementor-share-buttons--view-icon-text elementor-share-buttons--skin-gradient elementor-grid-0 elementor-share-buttons--color-official elementor-widget elementor-widget-share-buttons\" data-id=\"1f620d9d\" data-element_type=\"widget\" data-e-type=\"widget\" data-widget_type=\"share-buttons.default\">\n\t\t\t\t<div class=\"elementor-widget-container\">\n\t\t\t\t\t\t\t<div class=\"elementor-grid\" role=\"list\">\n\t\t\t\t\t\t\t\t<div class=\"elementor-grid-item\" role=\"listitem\">\n\t\t\t\t\t\t<div class=\"elementor-share-btn elementor-share-btn_facebook\" role=\"button\" tabindex=\"0\" aria-label=\"Compartici\u00f3 en facebook\">\n\t\t\t\t\t\t\t\t\t\t\t\t\t\t\t<span class=\"elementor-share-btn__icon\">\n\t\t\t\t\t\t\t\t<i class=\"fab fa-facebook\" aria-hidden=\"true\"><\/i>\t\t\t\t\t\t\t<\/span>\n\t\t\t\t\t\t\t\t\t\t\t\t\t\t\t\t\t\t\t\t\t\t<div class=\"elementor-share-btn__text\">\n\t\t\t\t\t\t\t\t\t\t\t\t\t\t\t\t\t\t\t<span class=\"elementor-share-btn__title\">\n\t\t\t\t\t\t\t\t\t\tFacebook\t\t\t\t\t\t\t\t\t<\/span>\n\t\t\t\t\t\t\t\t\t\t\t\t\t\t\t\t\t<\/div>\n\t\t\t\t\t\t\t\t\t\t\t\t\t<\/div>\n\t\t\t\t\t<\/div>\n\t\t\t\t\t\t\t\t\t<div class=\"elementor-grid-item\" role=\"listitem\">\n\t\t\t\t\t\t<div class=\"elementor-share-btn elementor-share-btn_twitter\" role=\"button\" tabindex=\"0\" aria-label=\"Compartici\u00f3 en twitter\">\n\t\t\t\t\t\t\t\t\t\t\t\t\t\t\t<span class=\"elementor-share-btn__icon\">\n\t\t\t\t\t\t\t\t<i class=\"fab fa-twitter\" aria-hidden=\"true\"><\/i>\t\t\t\t\t\t\t<\/span>\n\t\t\t\t\t\t\t\t\t\t\t\t\t\t\t\t\t\t\t\t\t\t<div class=\"elementor-share-btn__text\">\n\t\t\t\t\t\t\t\t\t\t\t\t\t\t\t\t\t\t\t<span class=\"elementor-share-btn__title\">\n\t\t\t\t\t\t\t\t\t\tTwitter\t\t\t\t\t\t\t\t\t<\/span>\n\t\t\t\t\t\t\t\t\t\t\t\t\t\t\t\t\t<\/div>\n\t\t\t\t\t\t\t\t\t\t\t\t\t<\/div>\n\t\t\t\t\t<\/div>\n\t\t\t\t\t\t\t\t\t<div class=\"elementor-grid-item\" role=\"listitem\">\n\t\t\t\t\t\t<div class=\"elementor-share-btn elementor-share-btn_linkedin\" role=\"button\" tabindex=\"0\" aria-label=\"Compartici\u00f3 en linkedin\">\n\t\t\t\t\t\t\t\t\t\t\t\t\t\t\t<span class=\"elementor-share-btn__icon\">\n\t\t\t\t\t\t\t\t<i class=\"fab fa-linkedin\" aria-hidden=\"true\"><\/i>\t\t\t\t\t\t\t<\/span>\n\t\t\t\t\t\t\t\t\t\t\t\t\t\t\t\t\t\t\t\t\t\t<div class=\"elementor-share-btn__text\">\n\t\t\t\t\t\t\t\t\t\t\t\t\t\t\t\t\t\t\t<span class=\"elementor-share-btn__title\">\n\t\t\t\t\t\t\t\t\t\tLinkedIn\t\t\t\t\t\t\t\t\t<\/span>\n\t\t\t\t\t\t\t\t\t\t\t\t\t\t\t\t\t<\/div>\n\t\t\t\t\t\t\t\t\t\t\t\t\t<\/div>\n\t\t\t\t\t<\/div>\n\t\t\t\t\t\t\t\t\t<div class=\"elementor-grid-item\" role=\"listitem\">\n\t\t\t\t\t\t<div class=\"elementor-share-btn elementor-share-btn_whatsapp\" role=\"button\" tabindex=\"0\" aria-label=\"Compartici\u00f3 en whatsapp\">\n\t\t\t\t\t\t\t\t\t\t\t\t\t\t\t<span class=\"elementor-share-btn__icon\">\n\t\t\t\t\t\t\t\t<i class=\"fab fa-whatsapp\" aria-hidden=\"true\"><\/i>\t\t\t\t\t\t\t<\/span>\n\t\t\t\t\t\t\t\t\t\t\t\t\t\t\t\t\t\t\t\t\t\t<div class=\"elementor-share-btn__text\">\n\t\t\t\t\t\t\t\t\t\t\t\t\t\t\t\t\t\t\t<span class=\"elementor-share-btn__title\">\n\t\t\t\t\t\t\t\t\t\tWhatsApp\t\t\t\t\t\t\t\t\t<\/span>\n\t\t\t\t\t\t\t\t\t\t\t\t\t\t\t\t\t<\/div>\n\t\t\t\t\t\t\t\t\t\t\t\t\t<\/div>\n\t\t\t\t\t<\/div>\n\t\t\t\t\t\t<\/div>\n\t\t\t\t\t\t<\/div>\n\t\t\t\t<\/div>\n\t\t\t\t\t<\/div>\n\t\t<\/div>\n\t\t\t\t\t<\/div>\n\t\t<\/section>\n\t\t\t\t<section class=\"elementor-section elementor-top-section elementor-element elementor-element-6cee42e8 elementor-section-boxed elementor-section-height-default elementor-section-height-default\" data-id=\"6cee42e8\" data-element_type=\"section\" data-e-type=\"section\">\n\t\t\t\t\t\t<div class=\"elementor-container elementor-column-gap-default\">\n\t\t\t\t\t<div class=\"elementor-column elementor-col-100 elementor-top-column elementor-element elementor-element-25feacd7\" data-id=\"25feacd7\" data-element_type=\"column\" data-e-type=\"column\">\n\t\t\t<div class=\"elementor-widget-wrap elementor-element-populated\">\n\t\t\t\t\t\t<div class=\"elementor-element elementor-element-34069ad9 elementor-author-box--avatar-yes elementor-author-box--name-yes elementor-author-box--biography-yes elementor-widget elementor-widget-author-box\" data-id=\"34069ad9\" data-element_type=\"widget\" data-e-type=\"widget\" data-widget_type=\"author-box.default\">\n\t\t\t\t<div class=\"elementor-widget-container\">\n\t\t\t\t\t\t\t<div class=\"elementor-author-box\">\n\t\t\t\t\t\t\t<div  class=\"elementor-author-box__avatar\">\n\t\t\t\t\t<img decoding=\"async\" src=\"https:\/\/secure.gravatar.com\/avatar\/a791e1b54851c4df706081fe7247ada89b2947f29168abc2ebfb33461f537949?s=300&#038;d=mm&#038;r=g\" alt=\"Picture of EquipSEER\" loading=\"lazy\">\n\t\t\t\t<\/div>\n\t\t\t\n\t\t\t<div class=\"elementor-author-box__text\">\n\t\t\t\t\t\t\t\t\t<div >\n\t\t\t\t\t\t<span class=\"elementor-author-box__name\">\n\t\t\t\t\t\t\tEquipSEER\t\t\t\t\t\t<\/span>\n\t\t\t\t\t<\/div>\n\t\t\t\t\n\t\t\t\t\t\t\t\t\t<div class=\"elementor-author-box__bio\">\n\t\t\t\t\t\t\t\t\t\t\t<\/div>\n\t\t\t\t\n\t\t\t\t\t\t\t<\/div>\n\t\t<\/div>\n\t\t\t\t\t\t<\/div>\n\t\t\t\t<\/div>\n\t\t\t\t\t<\/div>\n\t\t<\/div>\n\t\t\t\t\t<\/div>\n\t\t<\/section>\n\t\t\t\t<section class=\"elementor-section elementor-top-section elementor-element elementor-element-65d3c173 elementor-section-boxed elementor-section-height-default elementor-section-height-default\" data-id=\"65d3c173\" data-element_type=\"section\" data-e-type=\"section\">\n\t\t\t\t\t\t<div class=\"elementor-container elementor-column-gap-no\">\n\t\t\t\t\t<div class=\"elementor-column elementor-col-100 elementor-top-column elementor-element elementor-element-45767e44\" data-id=\"45767e44\" data-element_type=\"column\" data-e-type=\"column\">\n\t\t\t<div class=\"elementor-widget-wrap elementor-element-populated\">\n\t\t\t\t\t\t<div class=\"elementor-element elementor-element-312139e5 elementor-cta--skin-cover elementor-cta--valign-middle elementor-animated-content elementor-bg-transform elementor-bg-transform-zoom-in elementor-widget elementor-widget-call-to-action\" data-id=\"312139e5\" data-element_type=\"widget\" data-e-type=\"widget\" data-widget_type=\"call-to-action.default\">\n\t\t\t\t<div class=\"elementor-widget-container\">\n\t\t\t\t\t\t\t<a class=\"elementor-cta\" href=\"http:\/\/eepurl.com\/gddcXb\" rel=\"nofollow\">\n\t\t\t\t\t<div class=\"elementor-cta__bg-wrapper\">\n\t\t\t\t<div class=\"elementor-cta__bg elementor-bg\" style=\"background-image: url(https:\/\/salutieducacioemocional.com\/wp-content\/uploads\/2021\/05\/newsletter-seer-boletin-1024x370.png);\" role=\"img\" aria-label=\"Suscribirse a la Newsletter de SEER\"><\/div>\n\t\t\t\t<div class=\"elementor-cta__bg-overlay\"><\/div>\n\t\t\t<\/div>\n\t\t\t\t\t\t\t<div class=\"elementor-cta__content\">\n\t\t\t\t\n\t\t\t\t\t\t\t\t\t<div class=\"elementor-cta__title elementor-cta__content-item elementor-content-item elementor-animated-item--grow\">\n\t\t\t\t\t\t\u00a1Suscr\u00edbete a nuestra Newsletter!\u200b\t\t\t\t\t<\/div>\n\t\t\t\t\n\t\t\t\t\n\t\t\t\t\t\t\t\t\t<div class=\"elementor-cta__button-wrapper elementor-cta__content-item elementor-content-item elementor-animated-item--grow\">\n\t\t\t\t\t<span class=\"elementor-cta__button elementor-button elementor-size-\">\n\t\t\t\t\t\tSuscribirme \ud83d\ude42\t\t\t\t\t<\/span>\n\t\t\t\t\t<\/div>\n\t\t\t\t\t\t\t<\/div>\n\t\t\t\t\t\t<\/a>\n\t\t\t\t\t\t<\/div>\n\t\t\t\t<\/div>\n\t\t\t\t\t<\/div>\n\t\t<\/div>\n\t\t\t\t\t<\/div>\n\t\t<\/section>\n\t\t\t\t<section class=\"elementor-section elementor-top-section elementor-element elementor-element-2ce018b8 elementor-section-boxed elementor-section-height-default elementor-section-height-default\" data-id=\"2ce018b8\" data-element_type=\"section\" data-e-type=\"section\">\n\t\t\t\t\t\t<div class=\"elementor-container elementor-column-gap-default\">\n\t\t\t\t\t<div class=\"elementor-column elementor-col-100 elementor-top-column elementor-element elementor-element-1fad1ba6\" data-id=\"1fad1ba6\" data-element_type=\"column\" data-e-type=\"column\">\n\t\t\t<div class=\"elementor-widget-wrap elementor-element-populated\">\n\t\t\t\t\t\t<div class=\"elementor-element elementor-element-db877ce elementor-widget elementor-widget-facebook-comments\" data-id=\"db877ce\" data-element_type=\"widget\" data-e-type=\"widget\" data-widget_type=\"facebook-comments.default\">\n\t\t\t\t<div class=\"elementor-widget-container\">\n\t\t\t\t\t\t\t<div class=\"elementor-facebook-widget fb-comments\" data-href=\"https:\/\/salutieducacioemocional.com\/ca\/?p=10483\" data-width=\"100%\" data-numposts=\"10\" data-order-by=\"social\" style=\"min-height: 1px\"><\/div>\n\t\t\t\t\t\t<\/div>\n\t\t\t\t<\/div>\n\t\t\t\t\t<\/div>\n\t\t<\/div>\n\t\t\t\t\t<\/div>\n\t\t<\/section>\n\t\t\t\t<\/div>\n\t\t","protected":false},"excerpt":{"rendered":"<p>Celebrem els 20 anys de SEER duent l\u2019educaci\u00f3 emocional als centres educatius El divendres dia 30 de juny de 2023 vam celebrar, a la sala d\u2019actes de l\u2019Institut Maria Espinalt de Barcelona, el 20\u00e8 aniversari de SEER, reunint-nos, en una jornada molt especial, amb els professionals dels centres educatius a qui acompanyem a trav\u00e9s de [&hellip;]<\/p>\n","protected":false},"author":1,"featured_media":10477,"comment_status":"open","ping_status":"open","sticky":false,"template":"elementor_header_footer","format":"standard","meta":{"footnotes":""},"categories":[47],"tags":[229,228],"class_list":["post-10483","post","type-post","status-publish","format-standard","has-post-thumbnail","hentry","category-blog","tag-acte-de-20e","tag-aniversari"],"yoast_head":"<!-- This site is optimized with the Yoast SEO plugin v27.5 - https:\/\/yoast.com\/product\/yoast-seo-wordpress\/ -->\n<title>20 anys d&#039;Educaci\u00f3 Emocional als Centres Educatius - SEER<\/title>\n<meta name=\"robots\" content=\"index, follow, max-snippet:-1, max-image-preview:large, max-video-preview:-1\" \/>\n<link rel=\"canonical\" href=\"https:\/\/salutieducacioemocional.com\/ca\/blog\/20-aniversari-seer\/\" \/>\n<meta property=\"og:locale\" content=\"ca_ES\" \/>\n<meta property=\"og:type\" content=\"article\" \/>\n<meta property=\"og:title\" content=\"20 anys d&#039;Educaci\u00f3 Emocional als Centres Educatius - SEER\" \/>\n<meta property=\"og:description\" content=\"Celebrem els 20 anys de SEER duent l\u2019educaci\u00f3 emocional als centres educatius El divendres dia 30 de juny de 2023 vam celebrar, a la sala d\u2019actes de l\u2019Institut Maria Espinalt de Barcelona, el 20\u00e8 aniversari de SEER, reunint-nos, en una jornada molt especial, amb els professionals dels centres educatius a qui acompanyem a trav\u00e9s de [&hellip;]\" \/>\n<meta property=\"og:url\" content=\"https:\/\/salutieducacioemocional.com\/ca\/blog\/20-aniversari-seer\/\" \/>\n<meta property=\"og:site_name\" content=\"SEER\" \/>\n<meta property=\"article:publisher\" content=\"https:\/\/www.facebook.com\/equipseer\" \/>\n<meta property=\"article:published_time\" content=\"2023-07-21T11:33:17+00:00\" \/>\n<meta property=\"article:modified_time\" content=\"2023-07-24T12:44:09+00:00\" \/>\n<meta property=\"og:image\" content=\"https:\/\/salutieducacioemocional.com\/wp-content\/uploads\/2023\/07\/foto_grupal_SEER.jpeg\" \/>\n\t<meta property=\"og:image:width\" content=\"1600\" \/>\n\t<meta property=\"og:image:height\" content=\"1066\" \/>\n\t<meta property=\"og:image:type\" content=\"image\/jpeg\" \/>\n<meta name=\"author\" content=\"EquipSEER\" \/>\n<meta name=\"twitter:card\" content=\"summary_large_image\" \/>\n<meta name=\"twitter:creator\" content=\"@equipseer\" \/>\n<meta name=\"twitter:site\" content=\"@equipseer\" \/>\n<script type=\"application\/ld+json\" class=\"yoast-schema-graph\">{\"@context\":\"https:\\\/\\\/schema.org\",\"@graph\":[{\"@type\":\"Article\",\"@id\":\"https:\\\/\\\/salutieducacioemocional.com\\\/ca\\\/blog\\\/20-aniversari-seer\\\/#article\",\"isPartOf\":{\"@id\":\"https:\\\/\\\/salutieducacioemocional.com\\\/ca\\\/blog\\\/20-aniversari-seer\\\/\"},\"author\":{\"name\":\"EquipSEER\",\"@id\":\"https:\\\/\\\/salutieducacioemocional.com\\\/#\\\/schema\\\/person\\\/5ff9b86498e028c736f70cf273bbd8be\"},\"headline\":\"20 anys d&#8217;Educaci\u00f3 Emocional als Centres Educatius\",\"datePublished\":\"2023-07-21T11:33:17+00:00\",\"dateModified\":\"2023-07-24T12:44:09+00:00\",\"mainEntityOfPage\":{\"@id\":\"https:\\\/\\\/salutieducacioemocional.com\\\/ca\\\/blog\\\/20-aniversari-seer\\\/\"},\"wordCount\":1044,\"commentCount\":0,\"publisher\":{\"@id\":\"https:\\\/\\\/salutieducacioemocional.com\\\/#organization\"},\"image\":{\"@id\":\"https:\\\/\\\/salutieducacioemocional.com\\\/ca\\\/blog\\\/20-aniversari-seer\\\/#primaryimage\"},\"thumbnailUrl\":\"https:\\\/\\\/salutieducacioemocional.com\\\/wp-content\\\/uploads\\\/2023\\\/07\\\/foto_grupal_SEER.jpeg\",\"keywords\":[\"acte de 20\u00e8\",\"aniversari\"],\"articleSection\":[\"Blog\"],\"inLanguage\":\"ca\",\"potentialAction\":[{\"@type\":\"CommentAction\",\"name\":\"Comment\",\"target\":[\"https:\\\/\\\/salutieducacioemocional.com\\\/ca\\\/blog\\\/20-aniversari-seer\\\/#respond\"]}]},{\"@type\":\"WebPage\",\"@id\":\"https:\\\/\\\/salutieducacioemocional.com\\\/ca\\\/blog\\\/20-aniversari-seer\\\/\",\"url\":\"https:\\\/\\\/salutieducacioemocional.com\\\/ca\\\/blog\\\/20-aniversari-seer\\\/\",\"name\":\"20 anys d'Educaci\u00f3 Emocional als Centres Educatius - SEER\",\"isPartOf\":{\"@id\":\"https:\\\/\\\/salutieducacioemocional.com\\\/#website\"},\"primaryImageOfPage\":{\"@id\":\"https:\\\/\\\/salutieducacioemocional.com\\\/ca\\\/blog\\\/20-aniversari-seer\\\/#primaryimage\"},\"image\":{\"@id\":\"https:\\\/\\\/salutieducacioemocional.com\\\/ca\\\/blog\\\/20-aniversari-seer\\\/#primaryimage\"},\"thumbnailUrl\":\"https:\\\/\\\/salutieducacioemocional.com\\\/wp-content\\\/uploads\\\/2023\\\/07\\\/foto_grupal_SEER.jpeg\",\"datePublished\":\"2023-07-21T11:33:17+00:00\",\"dateModified\":\"2023-07-24T12:44:09+00:00\",\"breadcrumb\":{\"@id\":\"https:\\\/\\\/salutieducacioemocional.com\\\/ca\\\/blog\\\/20-aniversari-seer\\\/#breadcrumb\"},\"inLanguage\":\"ca\",\"potentialAction\":[{\"@type\":\"ReadAction\",\"target\":[\"https:\\\/\\\/salutieducacioemocional.com\\\/ca\\\/blog\\\/20-aniversari-seer\\\/\"]}]},{\"@type\":\"ImageObject\",\"inLanguage\":\"ca\",\"@id\":\"https:\\\/\\\/salutieducacioemocional.com\\\/ca\\\/blog\\\/20-aniversari-seer\\\/#primaryimage\",\"url\":\"https:\\\/\\\/salutieducacioemocional.com\\\/wp-content\\\/uploads\\\/2023\\\/07\\\/foto_grupal_SEER.jpeg\",\"contentUrl\":\"https:\\\/\\\/salutieducacioemocional.com\\\/wp-content\\\/uploads\\\/2023\\\/07\\\/foto_grupal_SEER.jpeg\",\"width\":1600,\"height\":1066},{\"@type\":\"BreadcrumbList\",\"@id\":\"https:\\\/\\\/salutieducacioemocional.com\\\/ca\\\/blog\\\/20-aniversari-seer\\\/#breadcrumb\",\"itemListElement\":[{\"@type\":\"ListItem\",\"position\":1,\"name\":\"Portada\",\"item\":\"https:\\\/\\\/salutieducacioemocional.com\\\/\"},{\"@type\":\"ListItem\",\"position\":2,\"name\":\"20 anys d&#8217;Educaci\u00f3 Emocional als Centres Educatius\"}]},{\"@type\":\"WebSite\",\"@id\":\"https:\\\/\\\/salutieducacioemocional.com\\\/#website\",\"url\":\"https:\\\/\\\/salutieducacioemocional.com\\\/\",\"name\":\"SEER\",\"description\":\"Salut i Educaci\u00f3 Emocional\",\"publisher\":{\"@id\":\"https:\\\/\\\/salutieducacioemocional.com\\\/#organization\"},\"potentialAction\":[{\"@type\":\"SearchAction\",\"target\":{\"@type\":\"EntryPoint\",\"urlTemplate\":\"https:\\\/\\\/salutieducacioemocional.com\\\/?s={search_term_string}\"},\"query-input\":{\"@type\":\"PropertyValueSpecification\",\"valueRequired\":true,\"valueName\":\"search_term_string\"}}],\"inLanguage\":\"ca\"},{\"@type\":\"Organization\",\"@id\":\"https:\\\/\\\/salutieducacioemocional.com\\\/#organization\",\"name\":\"Salut i Educaci\u00f3 Emocional S.L\",\"alternateName\":\"SEER\",\"url\":\"https:\\\/\\\/salutieducacioemocional.com\\\/\",\"logo\":{\"@type\":\"ImageObject\",\"inLanguage\":\"ca\",\"@id\":\"https:\\\/\\\/salutieducacioemocional.com\\\/#\\\/schema\\\/logo\\\/image\\\/\",\"url\":\"https:\\\/\\\/salutieducacioemocional.com\\\/wp-content\\\/uploads\\\/2018\\\/12\\\/cropped-educacion-emocional-seer-e1545471861400.png\",\"contentUrl\":\"https:\\\/\\\/salutieducacioemocional.com\\\/wp-content\\\/uploads\\\/2018\\\/12\\\/cropped-educacion-emocional-seer-e1545471861400.png\",\"width\":200,\"height\":78,\"caption\":\"Salut i Educaci\u00f3 Emocional S.L\"},\"image\":{\"@id\":\"https:\\\/\\\/salutieducacioemocional.com\\\/#\\\/schema\\\/logo\\\/image\\\/\"},\"sameAs\":[\"https:\\\/\\\/www.facebook.com\\\/equipseer\",\"https:\\\/\\\/x.com\\\/equipseer\",\"https:\\\/\\\/www.instagram.com\\\/equipseer\\\/\",\"https:\\\/\\\/www.linkedin.com\\\/company\\\/9231569\\\/admin\\\/\",\"https:\\\/\\\/www.youtube.com\\\/@equipseer\",\"https:\\\/\\\/t.me\\\/seer_info\"]},{\"@type\":\"Person\",\"@id\":\"https:\\\/\\\/salutieducacioemocional.com\\\/#\\\/schema\\\/person\\\/5ff9b86498e028c736f70cf273bbd8be\",\"name\":\"EquipSEER\",\"image\":{\"@type\":\"ImageObject\",\"inLanguage\":\"ca\",\"@id\":\"https:\\\/\\\/secure.gravatar.com\\\/avatar\\\/a791e1b54851c4df706081fe7247ada89b2947f29168abc2ebfb33461f537949?s=96&d=mm&r=g\",\"url\":\"https:\\\/\\\/secure.gravatar.com\\\/avatar\\\/a791e1b54851c4df706081fe7247ada89b2947f29168abc2ebfb33461f537949?s=96&d=mm&r=g\",\"contentUrl\":\"https:\\\/\\\/secure.gravatar.com\\\/avatar\\\/a791e1b54851c4df706081fe7247ada89b2947f29168abc2ebfb33461f537949?s=96&d=mm&r=g\",\"caption\":\"EquipSEER\"},\"url\":\"https:\\\/\\\/salutieducacioemocional.com\\\/ca\\\/author\\\/salutnueva\\\/\"}]}<\/script>\n<!-- \/ Yoast SEO plugin. -->","yoast_head_json":{"title":"20 anys d'Educaci\u00f3 Emocional als Centres Educatius - SEER","robots":{"index":"index","follow":"follow","max-snippet":"max-snippet:-1","max-image-preview":"max-image-preview:large","max-video-preview":"max-video-preview:-1"},"canonical":"https:\/\/salutieducacioemocional.com\/ca\/blog\/20-aniversari-seer\/","og_locale":"ca_ES","og_type":"article","og_title":"20 anys d'Educaci\u00f3 Emocional als Centres Educatius - SEER","og_description":"Celebrem els 20 anys de SEER duent l\u2019educaci\u00f3 emocional als centres educatius El divendres dia 30 de juny de 2023 vam celebrar, a la sala d\u2019actes de l\u2019Institut Maria Espinalt de Barcelona, el 20\u00e8 aniversari de SEER, reunint-nos, en una jornada molt especial, amb els professionals dels centres educatius a qui acompanyem a trav\u00e9s de [&hellip;]","og_url":"https:\/\/salutieducacioemocional.com\/ca\/blog\/20-aniversari-seer\/","og_site_name":"SEER","article_publisher":"https:\/\/www.facebook.com\/equipseer","article_published_time":"2023-07-21T11:33:17+00:00","article_modified_time":"2023-07-24T12:44:09+00:00","og_image":[{"width":1600,"height":1066,"url":"https:\/\/salutieducacioemocional.com\/wp-content\/uploads\/2023\/07\/foto_grupal_SEER.jpeg","type":"image\/jpeg"}],"author":"EquipSEER","twitter_card":"summary_large_image","twitter_creator":"@equipseer","twitter_site":"@equipseer","schema":{"@context":"https:\/\/schema.org","@graph":[{"@type":"Article","@id":"https:\/\/salutieducacioemocional.com\/ca\/blog\/20-aniversari-seer\/#article","isPartOf":{"@id":"https:\/\/salutieducacioemocional.com\/ca\/blog\/20-aniversari-seer\/"},"author":{"name":"EquipSEER","@id":"https:\/\/salutieducacioemocional.com\/#\/schema\/person\/5ff9b86498e028c736f70cf273bbd8be"},"headline":"20 anys d&#8217;Educaci\u00f3 Emocional als Centres Educatius","datePublished":"2023-07-21T11:33:17+00:00","dateModified":"2023-07-24T12:44:09+00:00","mainEntityOfPage":{"@id":"https:\/\/salutieducacioemocional.com\/ca\/blog\/20-aniversari-seer\/"},"wordCount":1044,"commentCount":0,"publisher":{"@id":"https:\/\/salutieducacioemocional.com\/#organization"},"image":{"@id":"https:\/\/salutieducacioemocional.com\/ca\/blog\/20-aniversari-seer\/#primaryimage"},"thumbnailUrl":"https:\/\/salutieducacioemocional.com\/wp-content\/uploads\/2023\/07\/foto_grupal_SEER.jpeg","keywords":["acte de 20\u00e8","aniversari"],"articleSection":["Blog"],"inLanguage":"ca","potentialAction":[{"@type":"CommentAction","name":"Comment","target":["https:\/\/salutieducacioemocional.com\/ca\/blog\/20-aniversari-seer\/#respond"]}]},{"@type":"WebPage","@id":"https:\/\/salutieducacioemocional.com\/ca\/blog\/20-aniversari-seer\/","url":"https:\/\/salutieducacioemocional.com\/ca\/blog\/20-aniversari-seer\/","name":"20 anys d'Educaci\u00f3 Emocional als Centres Educatius - SEER","isPartOf":{"@id":"https:\/\/salutieducacioemocional.com\/#website"},"primaryImageOfPage":{"@id":"https:\/\/salutieducacioemocional.com\/ca\/blog\/20-aniversari-seer\/#primaryimage"},"image":{"@id":"https:\/\/salutieducacioemocional.com\/ca\/blog\/20-aniversari-seer\/#primaryimage"},"thumbnailUrl":"https:\/\/salutieducacioemocional.com\/wp-content\/uploads\/2023\/07\/foto_grupal_SEER.jpeg","datePublished":"2023-07-21T11:33:17+00:00","dateModified":"2023-07-24T12:44:09+00:00","breadcrumb":{"@id":"https:\/\/salutieducacioemocional.com\/ca\/blog\/20-aniversari-seer\/#breadcrumb"},"inLanguage":"ca","potentialAction":[{"@type":"ReadAction","target":["https:\/\/salutieducacioemocional.com\/ca\/blog\/20-aniversari-seer\/"]}]},{"@type":"ImageObject","inLanguage":"ca","@id":"https:\/\/salutieducacioemocional.com\/ca\/blog\/20-aniversari-seer\/#primaryimage","url":"https:\/\/salutieducacioemocional.com\/wp-content\/uploads\/2023\/07\/foto_grupal_SEER.jpeg","contentUrl":"https:\/\/salutieducacioemocional.com\/wp-content\/uploads\/2023\/07\/foto_grupal_SEER.jpeg","width":1600,"height":1066},{"@type":"BreadcrumbList","@id":"https:\/\/salutieducacioemocional.com\/ca\/blog\/20-aniversari-seer\/#breadcrumb","itemListElement":[{"@type":"ListItem","position":1,"name":"Portada","item":"https:\/\/salutieducacioemocional.com\/"},{"@type":"ListItem","position":2,"name":"20 anys d&#8217;Educaci\u00f3 Emocional als Centres Educatius"}]},{"@type":"WebSite","@id":"https:\/\/salutieducacioemocional.com\/#website","url":"https:\/\/salutieducacioemocional.com\/","name":"SEER","description":"Salut i Educaci\u00f3 Emocional","publisher":{"@id":"https:\/\/salutieducacioemocional.com\/#organization"},"potentialAction":[{"@type":"SearchAction","target":{"@type":"EntryPoint","urlTemplate":"https:\/\/salutieducacioemocional.com\/?s={search_term_string}"},"query-input":{"@type":"PropertyValueSpecification","valueRequired":true,"valueName":"search_term_string"}}],"inLanguage":"ca"},{"@type":"Organization","@id":"https:\/\/salutieducacioemocional.com\/#organization","name":"Salut i Educaci\u00f3 Emocional S.L","alternateName":"SEER","url":"https:\/\/salutieducacioemocional.com\/","logo":{"@type":"ImageObject","inLanguage":"ca","@id":"https:\/\/salutieducacioemocional.com\/#\/schema\/logo\/image\/","url":"https:\/\/salutieducacioemocional.com\/wp-content\/uploads\/2018\/12\/cropped-educacion-emocional-seer-e1545471861400.png","contentUrl":"https:\/\/salutieducacioemocional.com\/wp-content\/uploads\/2018\/12\/cropped-educacion-emocional-seer-e1545471861400.png","width":200,"height":78,"caption":"Salut i Educaci\u00f3 Emocional S.L"},"image":{"@id":"https:\/\/salutieducacioemocional.com\/#\/schema\/logo\/image\/"},"sameAs":["https:\/\/www.facebook.com\/equipseer","https:\/\/x.com\/equipseer","https:\/\/www.instagram.com\/equipseer\/","https:\/\/www.linkedin.com\/company\/9231569\/admin\/","https:\/\/www.youtube.com\/@equipseer","https:\/\/t.me\/seer_info"]},{"@type":"Person","@id":"https:\/\/salutieducacioemocional.com\/#\/schema\/person\/5ff9b86498e028c736f70cf273bbd8be","name":"EquipSEER","image":{"@type":"ImageObject","inLanguage":"ca","@id":"https:\/\/secure.gravatar.com\/avatar\/a791e1b54851c4df706081fe7247ada89b2947f29168abc2ebfb33461f537949?s=96&d=mm&r=g","url":"https:\/\/secure.gravatar.com\/avatar\/a791e1b54851c4df706081fe7247ada89b2947f29168abc2ebfb33461f537949?s=96&d=mm&r=g","contentUrl":"https:\/\/secure.gravatar.com\/avatar\/a791e1b54851c4df706081fe7247ada89b2947f29168abc2ebfb33461f537949?s=96&d=mm&r=g","caption":"EquipSEER"},"url":"https:\/\/salutieducacioemocional.com\/ca\/author\/salutnueva\/"}]}},"_links":{"self":[{"href":"https:\/\/salutieducacioemocional.com\/ca\/wp-json\/wp\/v2\/posts\/10483","targetHints":{"allow":["GET"]}}],"collection":[{"href":"https:\/\/salutieducacioemocional.com\/ca\/wp-json\/wp\/v2\/posts"}],"about":[{"href":"https:\/\/salutieducacioemocional.com\/ca\/wp-json\/wp\/v2\/types\/post"}],"author":[{"embeddable":true,"href":"https:\/\/salutieducacioemocional.com\/ca\/wp-json\/wp\/v2\/users\/1"}],"replies":[{"embeddable":true,"href":"https:\/\/salutieducacioemocional.com\/ca\/wp-json\/wp\/v2\/comments?post=10483"}],"version-history":[{"count":7,"href":"https:\/\/salutieducacioemocional.com\/ca\/wp-json\/wp\/v2\/posts\/10483\/revisions"}],"predecessor-version":[{"id":10497,"href":"https:\/\/salutieducacioemocional.com\/ca\/wp-json\/wp\/v2\/posts\/10483\/revisions\/10497"}],"wp:featuredmedia":[{"embeddable":true,"href":"https:\/\/salutieducacioemocional.com\/ca\/wp-json\/wp\/v2\/media\/10477"}],"wp:attachment":[{"href":"https:\/\/salutieducacioemocional.com\/ca\/wp-json\/wp\/v2\/media?parent=10483"}],"wp:term":[{"taxonomy":"category","embeddable":true,"href":"https:\/\/salutieducacioemocional.com\/ca\/wp-json\/wp\/v2\/categories?post=10483"},{"taxonomy":"post_tag","embeddable":true,"href":"https:\/\/salutieducacioemocional.com\/ca\/wp-json\/wp\/v2\/tags?post=10483"}],"curies":[{"name":"wp","href":"https:\/\/api.w.org\/{rel}","templated":true}]}}