{"id":1462,"date":"2018-12-28T19:13:44","date_gmt":"2018-12-28T19:13:44","guid":{"rendered":"http:\/\/salutieducacioemocional.com\/?p=1462"},"modified":"2019-03-08T22:46:20","modified_gmt":"2019-03-08T22:46:20","slug":"educacio-emocional-marc-politiques-joventut","status":"publish","type":"post","link":"https:\/\/salutieducacioemocional.com\/ca\/blog\/educacio-emocional-marc-politiques-joventut\/","title":{"rendered":"L\u2019educaci\u00f3 emocional en el marc de les pol\u00edtiques de joventut"},"content":{"rendered":"\t\t<div data-elementor-type=\"wp-post\" data-elementor-id=\"1462\" class=\"elementor elementor-1462 elementor-bc-flex-widget\" data-elementor-post-type=\"post\">\n\t\t\t\t\t\t<section class=\"elementor-section elementor-top-section elementor-element elementor-element-12c589aa elementor-section-boxed elementor-section-height-default elementor-section-height-default\" data-id=\"12c589aa\" data-element_type=\"section\" data-e-type=\"section\">\n\t\t\t\t\t\t<div class=\"elementor-container elementor-column-gap-default\">\n\t\t\t\t\t<div class=\"elementor-column elementor-col-100 elementor-top-column elementor-element elementor-element-3ceb3d86\" data-id=\"3ceb3d86\" data-element_type=\"column\" data-e-type=\"column\">\n\t\t\t<div class=\"elementor-widget-wrap elementor-element-populated\">\n\t\t\t\t\t\t<div class=\"elementor-element elementor-element-6f5a508d elementor-widget elementor-widget-heading\" data-id=\"6f5a508d\" data-element_type=\"widget\" data-e-type=\"widget\" data-widget_type=\"heading.default\">\n\t\t\t\t<div class=\"elementor-widget-container\">\n\t\t\t\t\t<h1 class=\"elementor-heading-title elementor-size-large\">L\u2019educaci\u00f3 emocional en el marc de les pol\u00edtiques de joventut<\/h1>\t\t\t\t<\/div>\n\t\t\t\t<\/div>\n\t\t\t\t<div class=\"elementor-element elementor-element-60e6e051 elementor-widget-divider--view-line elementor-widget elementor-widget-divider\" data-id=\"60e6e051\" data-element_type=\"widget\" data-e-type=\"widget\" data-widget_type=\"divider.default\">\n\t\t\t\t<div class=\"elementor-widget-container\">\n\t\t\t\t\t\t\t<div class=\"elementor-divider\">\n\t\t\t<span class=\"elementor-divider-separator\">\n\t\t\t\t\t\t<\/span>\n\t\t<\/div>\n\t\t\t\t\t\t<\/div>\n\t\t\t\t<\/div>\n\t\t\t\t\t<\/div>\n\t\t<\/div>\n\t\t\t\t\t<\/div>\n\t\t<\/section>\n\t\t\t\t<section class=\"elementor-section elementor-top-section elementor-element elementor-element-dbb175f elementor-section-boxed elementor-section-height-default elementor-section-height-default\" data-id=\"dbb175f\" data-element_type=\"section\" data-e-type=\"section\">\n\t\t\t\t\t\t<div class=\"elementor-container elementor-column-gap-default\">\n\t\t\t\t\t<div class=\"elementor-column elementor-col-100 elementor-top-column elementor-element elementor-element-7b6cd2f6\" data-id=\"7b6cd2f6\" data-element_type=\"column\" data-e-type=\"column\">\n\t\t\t<div class=\"elementor-widget-wrap elementor-element-populated\">\n\t\t\t\t\t\t<div class=\"elementor-element elementor-element-608e7e8e elementor-widget elementor-widget-theme-post-featured-image elementor-widget-image\" data-id=\"608e7e8e\" data-element_type=\"widget\" data-e-type=\"widget\" data-widget_type=\"theme-post-featured-image.default\">\n\t\t\t\t<div class=\"elementor-widget-container\">\n\t\t\t\t\t\t\t\t\t\t\t\t\t\t\t<img fetchpriority=\"high\" decoding=\"async\" width=\"650\" height=\"414\" src=\"https:\/\/salutieducacioemocional.com\/wp-content\/uploads\/2018\/12\/educacio-emocional-politiques-joventut.jpg\" class=\"attachment-large size-large wp-image-1463\" alt=\"\" srcset=\"https:\/\/salutieducacioemocional.com\/wp-content\/uploads\/2018\/12\/educacio-emocional-politiques-joventut.jpg 650w, https:\/\/salutieducacioemocional.com\/wp-content\/uploads\/2018\/12\/educacio-emocional-politiques-joventut-300x191.jpg 300w, https:\/\/salutieducacioemocional.com\/wp-content\/uploads\/2018\/12\/educacio-emocional-politiques-joventut-600x382.jpg 600w\" sizes=\"(max-width: 650px) 100vw, 650px\" \/>\t\t\t\t\t\t\t\t\t\t\t\t\t\t\t<\/div>\n\t\t\t\t<\/div>\n\t\t\t\t\t<\/div>\n\t\t<\/div>\n\t\t\t\t\t<\/div>\n\t\t<\/section>\n\t\t\t\t<section class=\"elementor-section elementor-top-section elementor-element elementor-element-6f123ed0 elementor-section-boxed elementor-section-height-default elementor-section-height-default\" data-id=\"6f123ed0\" data-element_type=\"section\" data-e-type=\"section\">\n\t\t\t\t\t\t<div class=\"elementor-container elementor-column-gap-default\">\n\t\t\t\t\t<div class=\"elementor-column elementor-col-100 elementor-top-column elementor-element elementor-element-23a1517\" data-id=\"23a1517\" data-element_type=\"column\" data-e-type=\"column\">\n\t\t\t<div class=\"elementor-widget-wrap elementor-element-populated\">\n\t\t\t\t\t\t<div class=\"elementor-element elementor-element-6d5c359f elementor-widget elementor-widget-text-editor\" data-id=\"6d5c359f\" data-element_type=\"widget\" data-e-type=\"widget\" data-widget_type=\"text-editor.default\">\n\t\t\t\t<div class=\"elementor-widget-container\">\n\t\t\t\t\t\t\t\t\t<p>Volem el canvi en elm\u00f3n?<br \/>Creiem que \u00e9s possible?<br \/>Volem creure-ho?<br \/>Doncs cal que comprenguem que \u00e9s necessari implicar a tots els agents educatius, en els seus propis processos interns perqu\u00e8 transmetin el mateix davant els adolescents.<\/p><p>\u00a0<\/p><p><b>EDUCACI\u00d3 EMOCIONAL. En el marc de pol\u00edtiques de joventut<\/b><\/p><p>Educaci\u00f3 emocional \u00e9s consci\u00e8ncia sobre un mateix, gesti\u00f3 dels processos interns abans de que passin a ser externs, i entrenament d\u2019habilitats socials, d\u2019autonomia i de la capacitat de generar benestar en un mateix i en l\u2019entorn. \u00c9s aplicar aquest coneixement per prendre decisions a la vida.<\/p><p><b><i>Pensar i actuar sentint, \u00e9s pensar i actuar amb sentit.<\/i><\/b><\/p><p>Des del GROP (Grup de Recerca i Orientaci\u00f3 Pedag\u00f2gica) de la UB (Universitat de Barcelona), a trav\u00e9s de Rafael Bisquerra i Nuria P\u00e9rez, i la resta de professionals relacionats amb ells, s\u2019est\u00e0 promovent l\u2019educaci\u00f3 emocional i en els \u00faltims anys han treballat en marc te\u00f2ric i recursos.<\/p><p>Podem agafar com a exemple el desenvolupament sobre les compet\u00e8ncies emocionals. Consciencia emocional, regulaci\u00f3 emocional, autonomia emocional, compet\u00e8ncies socials i compet\u00e8ncia de Vida i benestar.<\/p><p>Des de SEER es creu en l\u2019Educaci\u00f3 Emocional com el mitj\u00e0, i tamb\u00e9 com a contingut per la millora de l\u2019educaci\u00f3 que impartim a infants i joves. I com a base per afrontar els grans factors de risc en inf\u00e0ncia i adolesc\u00e8ncia. I treballem aquestes compet\u00e8ncies a trav\u00e9s de tres conceptes claus (Consciencia emocional, Elecci\u00f3 Personal i Responsabilitat Individual), amb recursos espec\u00edfics, i amb les preguntes corresponents.<\/p><p>Quan treballem en casos d\u2019assetjament, en prevenci\u00f3 de viol\u00e8ncia de g\u00e8nere en adolescents, o en agressions per racisme, homof\u00f2bia o simplement en temes de conviv\u00e8ncia, pr\u00e0cticament sempre podem arribar al mateix origen. Manca de consci\u00e8ncia i gesti\u00f3 emocional. Falta d\u2019empatia. I en el cas de les v\u00edctimes manca autonomia emocional (autoestima etc.)<\/p><p>Pel que fa a consums, en molts casos hi ha darrere una mancan\u00e7a tamb\u00e9 de gesti\u00f3 emocional que es pret\u00e9n substituir (o eliminar la necessitat) amb les subst\u00e0ncies que es prenen. La societat, l\u2019educaci\u00f3 actual, no ens ensenya a resoldre els nostres conflictes en el nostre interior, i ho intentem resoldre a l\u2019exterior.<\/p><p>En els \u00faltims anys ha millorat molt la informaci\u00f3 sobre aquest treball intern i ja s\u2019ha apropat \u00a0a l\u2019educaci\u00f3 formal. Cada vegada m\u00e9s professors\/es veuen la necessitat d\u2019aplicar recursos diferents als habituals, tot i que encara no han vist realment que\u00a0significa educar emocionalment, ja els hi atreu la idea. Per\u00f2, sota el nostre parer, el que ara cal apropar \u00e9s el coneixement sobre el \u201cCom?\u201d. I no ens referim el \u201cCom?\u201d implantar un projecte, sin\u00f3 el \u201cCom?\u201d qualsevol professional de l\u2019educaci\u00f3 pot aplicar eines emocionals a la seva aula, o espai educatiu.<\/p><p>\u00c9s cert que l\u2019\u00e8xit total d\u2019aquesta aplicaci\u00f3 passa pel propi treball emocional de cada persona, per\u00f2 hem d\u2019aconseguir fer accessibles uns m\u00ednims tant d\u2019aquest proc\u00e9s com de la transmissi\u00f3 a l\u2019infant i al jove.<\/p><p>Cada vegada que anem a un aula, o a un espai de mares i pares, o a una formaci\u00f3 de docents, percebem la necessitat en augment d\u2019interioritzar, de profunditzar, i d\u2019entendre la vida donant-li un pes m\u00e9s important a les emocions. Per\u00f2 encara estem en el proc\u00e9s d\u2019aprendre a fer-ho, atrevir-nos i mantenir una certa const\u00e0ncia. Aquest \u00e9s un dels canvis possibles per la nostra evoluci\u00f3.<\/p><p>La societat en general, per\u00f2 l\u2019adolescent en particular est\u00e0 situat en la\u00a0<b>Reactivitat<\/b>, \u00e9s a dir reacci\u00f3 i m\u00e9s reacci\u00f3. Reaccionem a tot amb uns par\u00e0metres establerts des de la nostra inf\u00e0ncia, amb decisions presses, moltes vegades des del dolor no gestionat, i amb automatismes als que ja ni q\u00fcestionem, que es basen en la defensa del que considerem la nostra identitat, propietat o territori. L\u2019objectiu en aquest sistema \u00e9s lluitar, competir per tot, i amb tothom. Actuem amb llibertat aleshores? Controlem els nostres pensaments, o els nostres pensaments ens controlen? Gestionem les nostres emocions o elles ens desborden? I dominem els nostres impulsos i reaccions, o ens deixem dur per ells?<\/p><p>El canvi ve donat per passar a la\u00a0<b>Responsabilitat<\/b>. Si analitzem aquesta paraula ja ens dona la clau. \u201cHabilitat de Respondre\u201d, sense reaccionar. Donant la resposta que volem, que ens beneficia, la que genera benestar per nosaltres i pel nostre entorn. L\u2019objectiu amb aquests sistema \u00e9s estar b\u00e9, i intentar que l\u2019altre tamb\u00e9 ho estigui.<\/p><p>Per aix\u00f2 el cam\u00ed \u00e9s adonar-nos de com actuem, com pensem i com ens fan sentir aquestes accions i pensaments. Que significa estar b\u00e9? Ho sabem realment? Som capa\u00e7os de prendre decisions per tal de generar-nos aquest benestar? Volem estar b\u00e9? Fins i tot, si cal, per sobre d\u2019interessos materials, de tenir ra\u00f3, de guanyar una disputa?<\/p><p>Volem estar b\u00e9, o volem guanyar o perdre cont\u00ednuament? Quin \u00e9s el nostre objectiu?<\/p><p>Tots els agents educatius hem d\u2019incorporar preguntes com aquestes al nostre discurs. Fa uns anys utilitz\u00e0vem pedagogia de la resposta, l\u2019educaci\u00f3 moderna defensa la pedagogia de la pregunta, i l\u2019educaci\u00f3 emocional va m\u00e9s enll\u00e0 i promou la pedagogia de l\u2019autopregunta. \u00c9s a dir aconseguir que el\/la jove interioritzin les preguntes per guanyar en autonomia i en la pr\u00f2pia capacitat de consci\u00e8ncia i elecci\u00f3.<\/p><p><b>Cal que comprenguem que \u00e9s necessari implicar a tots els agents educatius en un canvi, en els seus propis processos interns que transmetin el mateix davant els nostres adolescents. Si volem el canvi en el m\u00f3n, cadasc\u00fa de nosaltres hem de gosar a canviar, \u201cEl Nostre M\u00f3n\u201d. Aquest canvi es passar del sistema reactiu en el que vivim a un sistema responsable, i el cam\u00ed \u00e9s la formaci\u00f3 en nosaltres mateixos, en les nostres emocions.<\/b><\/p>\t\t\t\t\t\t\t\t<\/div>\n\t\t\t\t<\/div>\n\t\t\t\t<div class=\"elementor-element elementor-element-16837e9 elementor-widget elementor-widget-image\" data-id=\"16837e9\" data-element_type=\"widget\" data-e-type=\"widget\" data-widget_type=\"image.default\">\n\t\t\t\t<div class=\"elementor-widget-container\">\n\t\t\t\t\t\t\t\t\t\t\t\t\t\t\t<img decoding=\"async\" width=\"584\" height=\"385\" src=\"https:\/\/salutieducacioemocional.com\/wp-content\/uploads\/2018\/12\/educacio-emocional-politiques-juventut.jpg\" class=\"attachment-large size-large wp-image-1465\" alt=\"\" srcset=\"https:\/\/salutieducacioemocional.com\/wp-content\/uploads\/2018\/12\/educacio-emocional-politiques-juventut.jpg 584w, https:\/\/salutieducacioemocional.com\/wp-content\/uploads\/2018\/12\/educacio-emocional-politiques-juventut-300x198.jpg 300w\" sizes=\"(max-width: 584px) 100vw, 584px\" \/>\t\t\t\t\t\t\t\t\t\t\t\t\t\t\t<\/div>\n\t\t\t\t<\/div>\n\t\t\t\t<div class=\"elementor-element elementor-element-bcb1007 elementor-widget elementor-widget-text-editor\" data-id=\"bcb1007\" data-element_type=\"widget\" data-e-type=\"widget\" data-widget_type=\"text-editor.default\">\n\t\t\t\t<div class=\"elementor-widget-container\">\n\t\t\t\t\t\t\t\t\t<div class=\"fullwidth\"><div class=\"vc_row wpb_row vc_row-fluid\"><div class=\"wpb_column vc_column_container vc_col-sm-12\"><div class=\"vc_column-inner \"><div class=\"wpb_wrapper\"><div class=\"wpb_text_column wpb_content_element \"><div class=\"wpb_wrapper\"><p>Departament de Joventut de la Generalitat de Catalunya<\/p><\/div><\/div><\/div><\/div><\/div><\/div><\/div><div class=\"fullwidth\"><div class=\"vc_row wpb_row vc_row-fluid\"><div class=\"wpb_column vc_column_container vc_col-sm-12\"><div class=\"vc_column-inner \"><div class=\"wpb_wrapper\"><div class=\"wpb_text_column wpb_content_element \"><div class=\"wpb_wrapper\"><form id=\"mc4wp-form-1\" class=\"mc4wp-form mc4wp-form-3598 mc4wp-form-theme mc4wp-form-theme-light\" method=\"post\" data-id=\"3598\" data-name=\"mailchimp1\"><div class=\"mc4wp-form-fields\"><section class=\"widget widget_blog_subscription\"><div class=\"icon-box contacto\">\u00a0<\/div><\/section><\/div><\/form><\/div><\/div><\/div><\/div><\/div><\/div><\/div>\t\t\t\t\t\t\t\t<\/div>\n\t\t\t\t<\/div>\n\t\t\t\t<div class=\"elementor-element elementor-element-28ab8533 elementor-share-buttons--shape-rounded elementor-share-buttons--view-icon-text elementor-share-buttons--skin-gradient elementor-grid-0 elementor-share-buttons--color-official elementor-widget elementor-widget-share-buttons\" data-id=\"28ab8533\" data-element_type=\"widget\" data-e-type=\"widget\" data-widget_type=\"share-buttons.default\">\n\t\t\t\t<div class=\"elementor-widget-container\">\n\t\t\t\t\t\t\t<div class=\"elementor-grid\" role=\"list\">\n\t\t\t\t\t\t\t\t<div class=\"elementor-grid-item\" role=\"listitem\">\n\t\t\t\t\t\t<div class=\"elementor-share-btn elementor-share-btn_facebook\" role=\"button\" tabindex=\"0\" aria-label=\"Compartici\u00f3 en facebook\">\n\t\t\t\t\t\t\t\t\t\t\t\t\t\t\t<span class=\"elementor-share-btn__icon\">\n\t\t\t\t\t\t\t\t<i class=\"fab fa-facebook\" aria-hidden=\"true\"><\/i>\t\t\t\t\t\t\t<\/span>\n\t\t\t\t\t\t\t\t\t\t\t\t\t\t\t\t\t\t\t\t\t\t<div class=\"elementor-share-btn__text\">\n\t\t\t\t\t\t\t\t\t\t\t\t\t\t\t\t\t\t\t<span class=\"elementor-share-btn__title\">\n\t\t\t\t\t\t\t\t\t\tFacebook\t\t\t\t\t\t\t\t\t<\/span>\n\t\t\t\t\t\t\t\t\t\t\t\t\t\t\t\t\t<\/div>\n\t\t\t\t\t\t\t\t\t\t\t\t\t<\/div>\n\t\t\t\t\t<\/div>\n\t\t\t\t\t\t\t\t\t<div class=\"elementor-grid-item\" role=\"listitem\">\n\t\t\t\t\t\t<div class=\"elementor-share-btn elementor-share-btn_twitter\" role=\"button\" tabindex=\"0\" aria-label=\"Compartici\u00f3 en twitter\">\n\t\t\t\t\t\t\t\t\t\t\t\t\t\t\t<span class=\"elementor-share-btn__icon\">\n\t\t\t\t\t\t\t\t<i class=\"fab fa-twitter\" aria-hidden=\"true\"><\/i>\t\t\t\t\t\t\t<\/span>\n\t\t\t\t\t\t\t\t\t\t\t\t\t\t\t\t\t\t\t\t\t\t<div class=\"elementor-share-btn__text\">\n\t\t\t\t\t\t\t\t\t\t\t\t\t\t\t\t\t\t\t<span class=\"elementor-share-btn__title\">\n\t\t\t\t\t\t\t\t\t\tTwitter\t\t\t\t\t\t\t\t\t<\/span>\n\t\t\t\t\t\t\t\t\t\t\t\t\t\t\t\t\t<\/div>\n\t\t\t\t\t\t\t\t\t\t\t\t\t<\/div>\n\t\t\t\t\t<\/div>\n\t\t\t\t\t\t\t\t\t<div class=\"elementor-grid-item\" role=\"listitem\">\n\t\t\t\t\t\t<div class=\"elementor-share-btn elementor-share-btn_linkedin\" role=\"button\" tabindex=\"0\" aria-label=\"Compartici\u00f3 en linkedin\">\n\t\t\t\t\t\t\t\t\t\t\t\t\t\t\t<span class=\"elementor-share-btn__icon\">\n\t\t\t\t\t\t\t\t<i class=\"fab fa-linkedin\" aria-hidden=\"true\"><\/i>\t\t\t\t\t\t\t<\/span>\n\t\t\t\t\t\t\t\t\t\t\t\t\t\t\t\t\t\t\t\t\t\t<div class=\"elementor-share-btn__text\">\n\t\t\t\t\t\t\t\t\t\t\t\t\t\t\t\t\t\t\t<span class=\"elementor-share-btn__title\">\n\t\t\t\t\t\t\t\t\t\tLinkedIn\t\t\t\t\t\t\t\t\t<\/span>\n\t\t\t\t\t\t\t\t\t\t\t\t\t\t\t\t\t<\/div>\n\t\t\t\t\t\t\t\t\t\t\t\t\t<\/div>\n\t\t\t\t\t<\/div>\n\t\t\t\t\t\t\t\t\t<div class=\"elementor-grid-item\" role=\"listitem\">\n\t\t\t\t\t\t<div class=\"elementor-share-btn elementor-share-btn_whatsapp\" role=\"button\" tabindex=\"0\" aria-label=\"Compartici\u00f3 en whatsapp\">\n\t\t\t\t\t\t\t\t\t\t\t\t\t\t\t<span class=\"elementor-share-btn__icon\">\n\t\t\t\t\t\t\t\t<i class=\"fab fa-whatsapp\" aria-hidden=\"true\"><\/i>\t\t\t\t\t\t\t<\/span>\n\t\t\t\t\t\t\t\t\t\t\t\t\t\t\t\t\t\t\t\t\t\t<div class=\"elementor-share-btn__text\">\n\t\t\t\t\t\t\t\t\t\t\t\t\t\t\t\t\t\t\t<span class=\"elementor-share-btn__title\">\n\t\t\t\t\t\t\t\t\t\tWhatsApp\t\t\t\t\t\t\t\t\t<\/span>\n\t\t\t\t\t\t\t\t\t\t\t\t\t\t\t\t\t<\/div>\n\t\t\t\t\t\t\t\t\t\t\t\t\t<\/div>\n\t\t\t\t\t<\/div>\n\t\t\t\t\t\t<\/div>\n\t\t\t\t\t\t<\/div>\n\t\t\t\t<\/div>\n\t\t\t\t\t<\/div>\n\t\t<\/div>\n\t\t\t\t\t<\/div>\n\t\t<\/section>\n\t\t\t\t<section class=\"elementor-section elementor-top-section elementor-element elementor-element-3541610b elementor-section-boxed elementor-section-height-default elementor-section-height-default\" data-id=\"3541610b\" data-element_type=\"section\" data-e-type=\"section\">\n\t\t\t\t\t\t<div class=\"elementor-container elementor-column-gap-default\">\n\t\t\t\t\t<div class=\"elementor-column elementor-col-100 elementor-top-column elementor-element elementor-element-c9def93\" data-id=\"c9def93\" data-element_type=\"column\" data-e-type=\"column\">\n\t\t\t<div class=\"elementor-widget-wrap elementor-element-populated\">\n\t\t\t\t\t\t<div class=\"elementor-element elementor-element-6c6f9e05 elementor-widget elementor-widget-author-box\" data-id=\"6c6f9e05\" data-element_type=\"widget\" data-e-type=\"widget\" data-widget_type=\"author-box.default\">\n\t\t\t\t<div class=\"elementor-widget-container\">\n\t\t\t\t\t\t\t<div class=\"elementor-author-box\">\n\t\t\t\t\t\t\t<a href=\"http:\/\/salutieducacioemocional.com\/ca\/equip\/oriol-julia\/\" class=\"elementor-author-box__avatar\">\n\t\t\t\t\t<img decoding=\"async\" src=\"https:\/\/salutieducacioemocional.com\/wp-content\/uploads\/2018\/12\/oriol-julia-300x300.jpg\" alt=\"Picture of Oriol Juli\u00e0\" loading=\"lazy\">\n\t\t\t\t<\/a>\n\t\t\t\n\t\t\t<div class=\"elementor-author-box__text\">\n\t\t\t\t\t\t\t\t\t<a href=\"http:\/\/salutieducacioemocional.com\/ca\/equip\/oriol-julia\/\">\n\t\t\t\t\t\t<span class=\"elementor-author-box__name\">\n\t\t\t\t\t\t\tOriol Juli\u00e0\t\t\t\t\t\t<\/span>\n\t\t\t\t\t<\/a>\n\t\t\t\t\n\t\t\t\t\n\t\t\t\t\t\t\t<\/div>\n\t\t<\/div>\n\t\t\t\t\t\t<\/div>\n\t\t\t\t<\/div>\n\t\t\t\t\t<\/div>\n\t\t<\/div>\n\t\t\t\t\t<\/div>\n\t\t<\/section>\n\t\t\t\t<section class=\"elementor-section elementor-top-section elementor-element elementor-element-2f1a97c3 elementor-section-boxed elementor-section-height-default elementor-section-height-default\" data-id=\"2f1a97c3\" data-element_type=\"section\" data-e-type=\"section\">\n\t\t\t\t\t\t<div class=\"elementor-container elementor-column-gap-no\">\n\t\t\t\t\t<div class=\"elementor-column elementor-col-100 elementor-top-column elementor-element elementor-element-2cfcc0d\" data-id=\"2cfcc0d\" data-element_type=\"column\" data-e-type=\"column\" data-settings=\"{&quot;background_background&quot;:&quot;gradient&quot;}\">\n\t\t\t<div class=\"elementor-widget-wrap elementor-element-populated\">\n\t\t\t\t\t\t<div class=\"elementor-element elementor-element-38208142 elementor-widget elementor-widget-heading\" data-id=\"38208142\" data-element_type=\"widget\" data-e-type=\"widget\" data-widget_type=\"heading.default\">\n\t\t\t\t<div class=\"elementor-widget-container\">\n\t\t\t\t\t<p class=\"elementor-heading-title elementor-size-default\">Subscriu-te a la nostra Newsletter!<\/p>\t\t\t\t<\/div>\n\t\t\t\t<\/div>\n\t\t\t\t<div class=\"elementor-element elementor-element-ac328a3 elementor-widget elementor-widget-text-editor\" data-id=\"ac328a3\" data-element_type=\"widget\" data-e-type=\"widget\" data-widget_type=\"text-editor.default\">\n\t\t\t\t<div class=\"elementor-widget-container\">\n\t\t\t\t\t\t\t\t\t<p>Aix\u00ed et podrem informar de totes les novetats de SEER en quant a activitats, cursos, tallers, formacions, i m\u00e9s \ud83d\ude42<\/p>\t\t\t\t\t\t\t\t<\/div>\n\t\t\t\t<\/div>\n\t\t\t\t<div class=\"elementor-element elementor-element-747261b2 elementor-button-align-stretch elementor-widget elementor-widget-form\" data-id=\"747261b2\" data-element_type=\"widget\" data-e-type=\"widget\" data-settings=\"{&quot;button_width&quot;:&quot;100&quot;,&quot;step_next_label&quot;:&quot;Next&quot;,&quot;step_previous_label&quot;:&quot;Previous&quot;,&quot;step_type&quot;:&quot;number_text&quot;,&quot;step_icon_shape&quot;:&quot;circle&quot;}\" data-widget_type=\"form.default\">\n\t\t\t\t<div class=\"elementor-widget-container\">\n\t\t\t\t\t\t\t<form class=\"elementor-form\" method=\"post\" name=\"Newsletter\" aria-label=\"Newsletter\">\n\t\t\t<input type=\"hidden\" name=\"post_id\" value=\"1462\"\/>\n\t\t\t<input type=\"hidden\" name=\"form_id\" value=\"747261b2\"\/>\n\t\t\t<input type=\"hidden\" name=\"referer_title\" value=\"L\u2019educaci\u00f3 emocional en el marc de les pol\u00edtiques de joventut - SEER\" \/>\n\n\t\t\t\t\t\t\t<input type=\"hidden\" name=\"queried_id\" value=\"1462\"\/>\n\t\t\t\n\t\t\t<div class=\"elementor-form-fields-wrapper elementor-labels-\">\n\t\t\t\t\t\t\t\t<div class=\"elementor-field-type-text elementor-field-group elementor-column elementor-field-group-5be0f8b elementor-col-100 elementor-field-required\">\n\t\t\t\t\t\t\t\t\t\t\t\t<label for=\"form-field-5be0f8b\" class=\"elementor-field-label elementor-screen-only\">\n\t\t\t\t\t\t\t\tNom\t\t\t\t\t\t\t<\/label>\n\t\t\t\t\t\t\t\t\t\t\t\t\t\t<input size=\"1\" type=\"text\" name=\"form_fields[5be0f8b]\" id=\"form-field-5be0f8b\" class=\"elementor-field elementor-size-md  elementor-field-textual\" placeholder=\"Nom\" required=\"required\">\n\t\t\t\t\t\t\t\t\t\t\t<\/div>\n\t\t\t\t\t\t\t\t<div class=\"elementor-field-type-email elementor-field-group elementor-column elementor-field-group-email elementor-col-100 elementor-field-required\">\n\t\t\t\t\t\t\t\t\t\t\t\t<label for=\"form-field-email\" class=\"elementor-field-label elementor-screen-only\">\n\t\t\t\t\t\t\t\tEmail\t\t\t\t\t\t\t<\/label>\n\t\t\t\t\t\t\t\t\t\t\t\t\t\t<input size=\"1\" type=\"email\" name=\"form_fields[email]\" id=\"form-field-email\" class=\"elementor-field elementor-size-md  elementor-field-textual\" placeholder=\"Email\" required=\"required\">\n\t\t\t\t\t\t\t\t\t\t\t<\/div>\n\t\t\t\t\t\t\t\t<div class=\"elementor-field-type-acceptance elementor-field-group elementor-column elementor-field-group-2c957ed elementor-col-100 elementor-field-required\">\n\t\t\t\t\t\t\t\t\t\t\t\t<label for=\"form-field-2c957ed\" class=\"elementor-field-label elementor-screen-only\">\n\t\t\t\t\t\t\t\tRGPD\t\t\t\t\t\t\t<\/label>\n\t\t\t\t\t\t\t\t<div class=\"elementor-field-subgroup\">\n\t\t\t<span class=\"elementor-field-option\">\n\t\t\t\t<input type=\"checkbox\" name=\"form_fields[2c957ed]\" id=\"form-field-2c957ed\" class=\"elementor-field elementor-size-md  elementor-acceptance-field\" required=\"required\">\n\t\t\t\t<label for=\"form-field-2c957ed\">RGPD<\/label>\t\t\t<\/span>\n\t\t<\/div>\n\t\t\t\t\t\t<\/div>\n\t\t\t\t\t\t\t\t<div class=\"elementor-field-group elementor-column elementor-field-type-submit elementor-col-100 e-form__buttons\">\n\t\t\t\t\t<button class=\"elementor-button elementor-size-md\" type=\"submit\">\n\t\t\t\t\t\t<span class=\"elementor-button-content-wrapper\">\n\t\t\t\t\t\t\t\t\t\t\t\t\t\t\t\t\t\t\t\t\t\t<span class=\"elementor-button-text\">Subscriure'm<\/span>\n\t\t\t\t\t\t\t\t\t\t\t\t\t<\/span>\n\t\t\t\t\t<\/button>\n\t\t\t\t<\/div>\n\t\t\t<\/div>\n\t\t<\/form>\n\t\t\t\t\t\t<\/div>\n\t\t\t\t<\/div>\n\t\t\t\t\t<\/div>\n\t\t<\/div>\n\t\t\t\t\t<\/div>\n\t\t<\/section>\n\t\t\t\t<section class=\"elementor-section elementor-top-section elementor-element elementor-element-5b6c20d2 elementor-section-boxed elementor-section-height-default elementor-section-height-default\" data-id=\"5b6c20d2\" data-element_type=\"section\" data-e-type=\"section\">\n\t\t\t\t\t\t<div class=\"elementor-container elementor-column-gap-default\">\n\t\t\t\t\t<div class=\"elementor-column elementor-col-100 elementor-top-column elementor-element elementor-element-558d1516\" data-id=\"558d1516\" data-element_type=\"column\" data-e-type=\"column\">\n\t\t\t<div class=\"elementor-widget-wrap elementor-element-populated\">\n\t\t\t\t\t\t<div class=\"elementor-element elementor-element-1d37d000 elementor-widget elementor-widget-facebook-comments\" data-id=\"1d37d000\" data-element_type=\"widget\" data-e-type=\"widget\" data-widget_type=\"facebook-comments.default\">\n\t\t\t\t<div class=\"elementor-widget-container\">\n\t\t\t\t\t\t\t<div class=\"elementor-facebook-widget fb-comments\" data-href=\"https:\/\/salutieducacioemocional.com\/ca\/?p=1462\" data-width=\"100%\" data-numposts=\"10\" data-order-by=\"social\" style=\"min-height: 1px\"><\/div>\n\t\t\t\t\t\t<\/div>\n\t\t\t\t<\/div>\n\t\t\t\t\t<\/div>\n\t\t<\/div>\n\t\t\t\t\t<\/div>\n\t\t<\/section>\n\t\t\t\t<\/div>\n\t\t","protected":false},"excerpt":{"rendered":"<p>L\u2019educaci\u00f3 emocional en el marc de les pol\u00edtiques de joventut Volem el canvi en elm\u00f3n?Creiem que \u00e9s possible?Volem creure-ho?Doncs cal que comprenguem que \u00e9s necessari implicar a tots els agents educatius, en els seus propis processos interns perqu\u00e8 transmetin el mateix davant els adolescents. \u00a0 EDUCACI\u00d3 EMOCIONAL. En el marc de pol\u00edtiques de joventut Educaci\u00f3 [&hellip;]<\/p>\n","protected":false},"author":1,"featured_media":1463,"comment_status":"open","ping_status":"open","sticky":false,"template":"elementor_header_footer","format":"standard","meta":{"footnotes":""},"categories":[47],"tags":[100],"class_list":["post-1462","post","type-post","status-publish","format-standard","has-post-thumbnail","hentry","category-blog","tag-educacio-emocional"],"yoast_head":"<!-- This site is optimized with the Yoast SEO plugin v27.5 - https:\/\/yoast.com\/product\/yoast-seo-wordpress\/ -->\n<title>L\u2019educaci\u00f3 emocional en el marc de les pol\u00edtiques de joventut - SEER<\/title>\n<meta name=\"robots\" content=\"index, follow, max-snippet:-1, max-image-preview:large, max-video-preview:-1\" \/>\n<link rel=\"canonical\" href=\"https:\/\/salutieducacioemocional.com\/ca\/blog\/educacio-emocional-marc-politiques-joventut\/\" \/>\n<meta property=\"og:locale\" content=\"ca_ES\" \/>\n<meta property=\"og:type\" content=\"article\" \/>\n<meta property=\"og:title\" content=\"L\u2019educaci\u00f3 emocional en el marc de les pol\u00edtiques de joventut - SEER\" \/>\n<meta property=\"og:description\" content=\"L\u2019educaci\u00f3 emocional en el marc de les pol\u00edtiques de joventut Volem el canvi en elm\u00f3n?Creiem que \u00e9s possible?Volem creure-ho?Doncs cal que comprenguem que \u00e9s necessari implicar a tots els agents educatius, en els seus propis processos interns perqu\u00e8 transmetin el mateix davant els adolescents. \u00a0 EDUCACI\u00d3 EMOCIONAL. En el marc de pol\u00edtiques de joventut Educaci\u00f3 [&hellip;]\" \/>\n<meta property=\"og:url\" content=\"https:\/\/salutieducacioemocional.com\/ca\/blog\/educacio-emocional-marc-politiques-joventut\/\" \/>\n<meta property=\"og:site_name\" content=\"SEER\" \/>\n<meta property=\"article:publisher\" content=\"https:\/\/www.facebook.com\/equipseer\" \/>\n<meta property=\"article:published_time\" content=\"2018-12-28T19:13:44+00:00\" \/>\n<meta property=\"article:modified_time\" content=\"2019-03-08T22:46:20+00:00\" \/>\n<meta property=\"og:image\" content=\"https:\/\/salutieducacioemocional.com\/wp-content\/uploads\/2018\/12\/educacio-emocional-politiques-joventut.jpg\" \/>\n\t<meta property=\"og:image:width\" content=\"650\" \/>\n\t<meta property=\"og:image:height\" content=\"414\" \/>\n\t<meta property=\"og:image:type\" content=\"image\/jpeg\" \/>\n<meta name=\"author\" content=\"EquipSEER\" \/>\n<meta name=\"twitter:card\" content=\"summary_large_image\" \/>\n<meta name=\"twitter:creator\" content=\"@equipseer\" \/>\n<meta name=\"twitter:site\" content=\"@equipseer\" \/>\n<script type=\"application\/ld+json\" class=\"yoast-schema-graph\">{\"@context\":\"https:\\\/\\\/schema.org\",\"@graph\":[{\"@type\":\"Article\",\"@id\":\"https:\\\/\\\/salutieducacioemocional.com\\\/ca\\\/blog\\\/educacio-emocional-marc-politiques-joventut\\\/#article\",\"isPartOf\":{\"@id\":\"https:\\\/\\\/salutieducacioemocional.com\\\/ca\\\/blog\\\/educacio-emocional-marc-politiques-joventut\\\/\"},\"author\":{\"name\":\"EquipSEER\",\"@id\":\"https:\\\/\\\/salutieducacioemocional.com\\\/#\\\/schema\\\/person\\\/5ff9b86498e028c736f70cf273bbd8be\"},\"headline\":\"L\u2019educaci\u00f3 emocional en el marc de les pol\u00edtiques de joventut\",\"datePublished\":\"2018-12-28T19:13:44+00:00\",\"dateModified\":\"2019-03-08T22:46:20+00:00\",\"mainEntityOfPage\":{\"@id\":\"https:\\\/\\\/salutieducacioemocional.com\\\/ca\\\/blog\\\/educacio-emocional-marc-politiques-joventut\\\/\"},\"wordCount\":1065,\"commentCount\":0,\"publisher\":{\"@id\":\"https:\\\/\\\/salutieducacioemocional.com\\\/#organization\"},\"image\":{\"@id\":\"https:\\\/\\\/salutieducacioemocional.com\\\/ca\\\/blog\\\/educacio-emocional-marc-politiques-joventut\\\/#primaryimage\"},\"thumbnailUrl\":\"https:\\\/\\\/salutieducacioemocional.com\\\/wp-content\\\/uploads\\\/2018\\\/12\\\/educacio-emocional-politiques-joventut.jpg\",\"keywords\":[\"Educaci\u00f3 Emocional\"],\"articleSection\":[\"Blog\"],\"inLanguage\":\"ca\",\"potentialAction\":[{\"@type\":\"CommentAction\",\"name\":\"Comment\",\"target\":[\"https:\\\/\\\/salutieducacioemocional.com\\\/ca\\\/blog\\\/educacio-emocional-marc-politiques-joventut\\\/#respond\"]}]},{\"@type\":\"WebPage\",\"@id\":\"https:\\\/\\\/salutieducacioemocional.com\\\/ca\\\/blog\\\/educacio-emocional-marc-politiques-joventut\\\/\",\"url\":\"https:\\\/\\\/salutieducacioemocional.com\\\/ca\\\/blog\\\/educacio-emocional-marc-politiques-joventut\\\/\",\"name\":\"L\u2019educaci\u00f3 emocional en el marc de les pol\u00edtiques de joventut - SEER\",\"isPartOf\":{\"@id\":\"https:\\\/\\\/salutieducacioemocional.com\\\/#website\"},\"primaryImageOfPage\":{\"@id\":\"https:\\\/\\\/salutieducacioemocional.com\\\/ca\\\/blog\\\/educacio-emocional-marc-politiques-joventut\\\/#primaryimage\"},\"image\":{\"@id\":\"https:\\\/\\\/salutieducacioemocional.com\\\/ca\\\/blog\\\/educacio-emocional-marc-politiques-joventut\\\/#primaryimage\"},\"thumbnailUrl\":\"https:\\\/\\\/salutieducacioemocional.com\\\/wp-content\\\/uploads\\\/2018\\\/12\\\/educacio-emocional-politiques-joventut.jpg\",\"datePublished\":\"2018-12-28T19:13:44+00:00\",\"dateModified\":\"2019-03-08T22:46:20+00:00\",\"breadcrumb\":{\"@id\":\"https:\\\/\\\/salutieducacioemocional.com\\\/ca\\\/blog\\\/educacio-emocional-marc-politiques-joventut\\\/#breadcrumb\"},\"inLanguage\":\"ca\",\"potentialAction\":[{\"@type\":\"ReadAction\",\"target\":[\"https:\\\/\\\/salutieducacioemocional.com\\\/ca\\\/blog\\\/educacio-emocional-marc-politiques-joventut\\\/\"]}]},{\"@type\":\"ImageObject\",\"inLanguage\":\"ca\",\"@id\":\"https:\\\/\\\/salutieducacioemocional.com\\\/ca\\\/blog\\\/educacio-emocional-marc-politiques-joventut\\\/#primaryimage\",\"url\":\"https:\\\/\\\/salutieducacioemocional.com\\\/wp-content\\\/uploads\\\/2018\\\/12\\\/educacio-emocional-politiques-joventut.jpg\",\"contentUrl\":\"https:\\\/\\\/salutieducacioemocional.com\\\/wp-content\\\/uploads\\\/2018\\\/12\\\/educacio-emocional-politiques-joventut.jpg\",\"width\":650,\"height\":414},{\"@type\":\"BreadcrumbList\",\"@id\":\"https:\\\/\\\/salutieducacioemocional.com\\\/ca\\\/blog\\\/educacio-emocional-marc-politiques-joventut\\\/#breadcrumb\",\"itemListElement\":[{\"@type\":\"ListItem\",\"position\":1,\"name\":\"Portada\",\"item\":\"https:\\\/\\\/salutieducacioemocional.com\\\/\"},{\"@type\":\"ListItem\",\"position\":2,\"name\":\"L\u2019educaci\u00f3 emocional en el marc de les pol\u00edtiques de joventut\"}]},{\"@type\":\"WebSite\",\"@id\":\"https:\\\/\\\/salutieducacioemocional.com\\\/#website\",\"url\":\"https:\\\/\\\/salutieducacioemocional.com\\\/\",\"name\":\"SEER\",\"description\":\"Salut i Educaci\u00f3 Emocional\",\"publisher\":{\"@id\":\"https:\\\/\\\/salutieducacioemocional.com\\\/#organization\"},\"potentialAction\":[{\"@type\":\"SearchAction\",\"target\":{\"@type\":\"EntryPoint\",\"urlTemplate\":\"https:\\\/\\\/salutieducacioemocional.com\\\/?s={search_term_string}\"},\"query-input\":{\"@type\":\"PropertyValueSpecification\",\"valueRequired\":true,\"valueName\":\"search_term_string\"}}],\"inLanguage\":\"ca\"},{\"@type\":\"Organization\",\"@id\":\"https:\\\/\\\/salutieducacioemocional.com\\\/#organization\",\"name\":\"Salut i Educaci\u00f3 Emocional S.L\",\"alternateName\":\"SEER\",\"url\":\"https:\\\/\\\/salutieducacioemocional.com\\\/\",\"logo\":{\"@type\":\"ImageObject\",\"inLanguage\":\"ca\",\"@id\":\"https:\\\/\\\/salutieducacioemocional.com\\\/#\\\/schema\\\/logo\\\/image\\\/\",\"url\":\"https:\\\/\\\/salutieducacioemocional.com\\\/wp-content\\\/uploads\\\/2018\\\/12\\\/cropped-educacion-emocional-seer-e1545471861400.png\",\"contentUrl\":\"https:\\\/\\\/salutieducacioemocional.com\\\/wp-content\\\/uploads\\\/2018\\\/12\\\/cropped-educacion-emocional-seer-e1545471861400.png\",\"width\":200,\"height\":78,\"caption\":\"Salut i Educaci\u00f3 Emocional S.L\"},\"image\":{\"@id\":\"https:\\\/\\\/salutieducacioemocional.com\\\/#\\\/schema\\\/logo\\\/image\\\/\"},\"sameAs\":[\"https:\\\/\\\/www.facebook.com\\\/equipseer\",\"https:\\\/\\\/x.com\\\/equipseer\",\"https:\\\/\\\/www.instagram.com\\\/equipseer\\\/\",\"https:\\\/\\\/www.linkedin.com\\\/company\\\/9231569\\\/admin\\\/\",\"https:\\\/\\\/www.youtube.com\\\/@equipseer\",\"https:\\\/\\\/t.me\\\/seer_info\"]},{\"@type\":\"Person\",\"@id\":\"https:\\\/\\\/salutieducacioemocional.com\\\/#\\\/schema\\\/person\\\/5ff9b86498e028c736f70cf273bbd8be\",\"name\":\"EquipSEER\",\"image\":{\"@type\":\"ImageObject\",\"inLanguage\":\"ca\",\"@id\":\"https:\\\/\\\/secure.gravatar.com\\\/avatar\\\/a791e1b54851c4df706081fe7247ada89b2947f29168abc2ebfb33461f537949?s=96&d=mm&r=g\",\"url\":\"https:\\\/\\\/secure.gravatar.com\\\/avatar\\\/a791e1b54851c4df706081fe7247ada89b2947f29168abc2ebfb33461f537949?s=96&d=mm&r=g\",\"contentUrl\":\"https:\\\/\\\/secure.gravatar.com\\\/avatar\\\/a791e1b54851c4df706081fe7247ada89b2947f29168abc2ebfb33461f537949?s=96&d=mm&r=g\",\"caption\":\"EquipSEER\"},\"url\":\"https:\\\/\\\/salutieducacioemocional.com\\\/ca\\\/author\\\/salutnueva\\\/\"}]}<\/script>\n<!-- \/ Yoast SEO plugin. -->","yoast_head_json":{"title":"L\u2019educaci\u00f3 emocional en el marc de les pol\u00edtiques de joventut - SEER","robots":{"index":"index","follow":"follow","max-snippet":"max-snippet:-1","max-image-preview":"max-image-preview:large","max-video-preview":"max-video-preview:-1"},"canonical":"https:\/\/salutieducacioemocional.com\/ca\/blog\/educacio-emocional-marc-politiques-joventut\/","og_locale":"ca_ES","og_type":"article","og_title":"L\u2019educaci\u00f3 emocional en el marc de les pol\u00edtiques de joventut - SEER","og_description":"L\u2019educaci\u00f3 emocional en el marc de les pol\u00edtiques de joventut Volem el canvi en elm\u00f3n?Creiem que \u00e9s possible?Volem creure-ho?Doncs cal que comprenguem que \u00e9s necessari implicar a tots els agents educatius, en els seus propis processos interns perqu\u00e8 transmetin el mateix davant els adolescents. \u00a0 EDUCACI\u00d3 EMOCIONAL. En el marc de pol\u00edtiques de joventut Educaci\u00f3 [&hellip;]","og_url":"https:\/\/salutieducacioemocional.com\/ca\/blog\/educacio-emocional-marc-politiques-joventut\/","og_site_name":"SEER","article_publisher":"https:\/\/www.facebook.com\/equipseer","article_published_time":"2018-12-28T19:13:44+00:00","article_modified_time":"2019-03-08T22:46:20+00:00","og_image":[{"width":650,"height":414,"url":"https:\/\/salutieducacioemocional.com\/wp-content\/uploads\/2018\/12\/educacio-emocional-politiques-joventut.jpg","type":"image\/jpeg"}],"author":"EquipSEER","twitter_card":"summary_large_image","twitter_creator":"@equipseer","twitter_site":"@equipseer","schema":{"@context":"https:\/\/schema.org","@graph":[{"@type":"Article","@id":"https:\/\/salutieducacioemocional.com\/ca\/blog\/educacio-emocional-marc-politiques-joventut\/#article","isPartOf":{"@id":"https:\/\/salutieducacioemocional.com\/ca\/blog\/educacio-emocional-marc-politiques-joventut\/"},"author":{"name":"EquipSEER","@id":"https:\/\/salutieducacioemocional.com\/#\/schema\/person\/5ff9b86498e028c736f70cf273bbd8be"},"headline":"L\u2019educaci\u00f3 emocional en el marc de les pol\u00edtiques de joventut","datePublished":"2018-12-28T19:13:44+00:00","dateModified":"2019-03-08T22:46:20+00:00","mainEntityOfPage":{"@id":"https:\/\/salutieducacioemocional.com\/ca\/blog\/educacio-emocional-marc-politiques-joventut\/"},"wordCount":1065,"commentCount":0,"publisher":{"@id":"https:\/\/salutieducacioemocional.com\/#organization"},"image":{"@id":"https:\/\/salutieducacioemocional.com\/ca\/blog\/educacio-emocional-marc-politiques-joventut\/#primaryimage"},"thumbnailUrl":"https:\/\/salutieducacioemocional.com\/wp-content\/uploads\/2018\/12\/educacio-emocional-politiques-joventut.jpg","keywords":["Educaci\u00f3 Emocional"],"articleSection":["Blog"],"inLanguage":"ca","potentialAction":[{"@type":"CommentAction","name":"Comment","target":["https:\/\/salutieducacioemocional.com\/ca\/blog\/educacio-emocional-marc-politiques-joventut\/#respond"]}]},{"@type":"WebPage","@id":"https:\/\/salutieducacioemocional.com\/ca\/blog\/educacio-emocional-marc-politiques-joventut\/","url":"https:\/\/salutieducacioemocional.com\/ca\/blog\/educacio-emocional-marc-politiques-joventut\/","name":"L\u2019educaci\u00f3 emocional en el marc de les pol\u00edtiques de joventut - SEER","isPartOf":{"@id":"https:\/\/salutieducacioemocional.com\/#website"},"primaryImageOfPage":{"@id":"https:\/\/salutieducacioemocional.com\/ca\/blog\/educacio-emocional-marc-politiques-joventut\/#primaryimage"},"image":{"@id":"https:\/\/salutieducacioemocional.com\/ca\/blog\/educacio-emocional-marc-politiques-joventut\/#primaryimage"},"thumbnailUrl":"https:\/\/salutieducacioemocional.com\/wp-content\/uploads\/2018\/12\/educacio-emocional-politiques-joventut.jpg","datePublished":"2018-12-28T19:13:44+00:00","dateModified":"2019-03-08T22:46:20+00:00","breadcrumb":{"@id":"https:\/\/salutieducacioemocional.com\/ca\/blog\/educacio-emocional-marc-politiques-joventut\/#breadcrumb"},"inLanguage":"ca","potentialAction":[{"@type":"ReadAction","target":["https:\/\/salutieducacioemocional.com\/ca\/blog\/educacio-emocional-marc-politiques-joventut\/"]}]},{"@type":"ImageObject","inLanguage":"ca","@id":"https:\/\/salutieducacioemocional.com\/ca\/blog\/educacio-emocional-marc-politiques-joventut\/#primaryimage","url":"https:\/\/salutieducacioemocional.com\/wp-content\/uploads\/2018\/12\/educacio-emocional-politiques-joventut.jpg","contentUrl":"https:\/\/salutieducacioemocional.com\/wp-content\/uploads\/2018\/12\/educacio-emocional-politiques-joventut.jpg","width":650,"height":414},{"@type":"BreadcrumbList","@id":"https:\/\/salutieducacioemocional.com\/ca\/blog\/educacio-emocional-marc-politiques-joventut\/#breadcrumb","itemListElement":[{"@type":"ListItem","position":1,"name":"Portada","item":"https:\/\/salutieducacioemocional.com\/"},{"@type":"ListItem","position":2,"name":"L\u2019educaci\u00f3 emocional en el marc de les pol\u00edtiques de joventut"}]},{"@type":"WebSite","@id":"https:\/\/salutieducacioemocional.com\/#website","url":"https:\/\/salutieducacioemocional.com\/","name":"SEER","description":"Salut i Educaci\u00f3 Emocional","publisher":{"@id":"https:\/\/salutieducacioemocional.com\/#organization"},"potentialAction":[{"@type":"SearchAction","target":{"@type":"EntryPoint","urlTemplate":"https:\/\/salutieducacioemocional.com\/?s={search_term_string}"},"query-input":{"@type":"PropertyValueSpecification","valueRequired":true,"valueName":"search_term_string"}}],"inLanguage":"ca"},{"@type":"Organization","@id":"https:\/\/salutieducacioemocional.com\/#organization","name":"Salut i Educaci\u00f3 Emocional S.L","alternateName":"SEER","url":"https:\/\/salutieducacioemocional.com\/","logo":{"@type":"ImageObject","inLanguage":"ca","@id":"https:\/\/salutieducacioemocional.com\/#\/schema\/logo\/image\/","url":"https:\/\/salutieducacioemocional.com\/wp-content\/uploads\/2018\/12\/cropped-educacion-emocional-seer-e1545471861400.png","contentUrl":"https:\/\/salutieducacioemocional.com\/wp-content\/uploads\/2018\/12\/cropped-educacion-emocional-seer-e1545471861400.png","width":200,"height":78,"caption":"Salut i Educaci\u00f3 Emocional S.L"},"image":{"@id":"https:\/\/salutieducacioemocional.com\/#\/schema\/logo\/image\/"},"sameAs":["https:\/\/www.facebook.com\/equipseer","https:\/\/x.com\/equipseer","https:\/\/www.instagram.com\/equipseer\/","https:\/\/www.linkedin.com\/company\/9231569\/admin\/","https:\/\/www.youtube.com\/@equipseer","https:\/\/t.me\/seer_info"]},{"@type":"Person","@id":"https:\/\/salutieducacioemocional.com\/#\/schema\/person\/5ff9b86498e028c736f70cf273bbd8be","name":"EquipSEER","image":{"@type":"ImageObject","inLanguage":"ca","@id":"https:\/\/secure.gravatar.com\/avatar\/a791e1b54851c4df706081fe7247ada89b2947f29168abc2ebfb33461f537949?s=96&d=mm&r=g","url":"https:\/\/secure.gravatar.com\/avatar\/a791e1b54851c4df706081fe7247ada89b2947f29168abc2ebfb33461f537949?s=96&d=mm&r=g","contentUrl":"https:\/\/secure.gravatar.com\/avatar\/a791e1b54851c4df706081fe7247ada89b2947f29168abc2ebfb33461f537949?s=96&d=mm&r=g","caption":"EquipSEER"},"url":"https:\/\/salutieducacioemocional.com\/ca\/author\/salutnueva\/"}]}},"_links":{"self":[{"href":"https:\/\/salutieducacioemocional.com\/ca\/wp-json\/wp\/v2\/posts\/1462","targetHints":{"allow":["GET"]}}],"collection":[{"href":"https:\/\/salutieducacioemocional.com\/ca\/wp-json\/wp\/v2\/posts"}],"about":[{"href":"https:\/\/salutieducacioemocional.com\/ca\/wp-json\/wp\/v2\/types\/post"}],"author":[{"embeddable":true,"href":"https:\/\/salutieducacioemocional.com\/ca\/wp-json\/wp\/v2\/users\/1"}],"replies":[{"embeddable":true,"href":"https:\/\/salutieducacioemocional.com\/ca\/wp-json\/wp\/v2\/comments?post=1462"}],"version-history":[{"count":6,"href":"https:\/\/salutieducacioemocional.com\/ca\/wp-json\/wp\/v2\/posts\/1462\/revisions"}],"predecessor-version":[{"id":3601,"href":"https:\/\/salutieducacioemocional.com\/ca\/wp-json\/wp\/v2\/posts\/1462\/revisions\/3601"}],"wp:featuredmedia":[{"embeddable":true,"href":"https:\/\/salutieducacioemocional.com\/ca\/wp-json\/wp\/v2\/media\/1463"}],"wp:attachment":[{"href":"https:\/\/salutieducacioemocional.com\/ca\/wp-json\/wp\/v2\/media?parent=1462"}],"wp:term":[{"taxonomy":"category","embeddable":true,"href":"https:\/\/salutieducacioemocional.com\/ca\/wp-json\/wp\/v2\/categories?post=1462"},{"taxonomy":"post_tag","embeddable":true,"href":"https:\/\/salutieducacioemocional.com\/ca\/wp-json\/wp\/v2\/tags?post=1462"}],"curies":[{"name":"wp","href":"https:\/\/api.w.org\/{rel}","templated":true}]}}