{"id":1623,"date":"2018-12-29T11:24:02","date_gmt":"2018-12-29T11:24:02","guid":{"rendered":"http:\/\/salutieducacioemocional.com\/?p=1623"},"modified":"2021-04-30T11:07:48","modified_gmt":"2021-04-30T11:07:48","slug":"estudi-dinvestigacio-metodologia-vrt","status":"publish","type":"post","link":"https:\/\/salutieducacioemocional.com\/ca\/biblioteca\/estudi-dinvestigacio-metodologia-vrt\/","title":{"rendered":"Estudi d&#8217;investigaci\u00f3 sobre la Metodologia VRT"},"content":{"rendered":"\t\t<div data-elementor-type=\"wp-post\" data-elementor-id=\"1623\" class=\"elementor elementor-1623\" data-elementor-post-type=\"post\">\n\t\t\t\t\t\t<section class=\"elementor-section elementor-top-section elementor-element elementor-element-344a4672 elementor-section-boxed elementor-section-height-default elementor-section-height-default\" data-id=\"344a4672\" data-element_type=\"section\" data-e-type=\"section\">\n\t\t\t\t\t\t<div class=\"elementor-container elementor-column-gap-default\">\n\t\t\t\t\t<div class=\"elementor-column elementor-col-100 elementor-top-column elementor-element elementor-element-714c8add\" data-id=\"714c8add\" data-element_type=\"column\" data-e-type=\"column\">\n\t\t\t<div class=\"elementor-widget-wrap elementor-element-populated\">\n\t\t\t\t\t\t<div class=\"elementor-element elementor-element-dee43ff elementor-widget elementor-widget-heading\" data-id=\"dee43ff\" data-element_type=\"widget\" data-e-type=\"widget\" data-widget_type=\"heading.default\">\n\t\t\t\t<div class=\"elementor-widget-container\">\n\t\t\t\t\t<h1 class=\"elementor-heading-title elementor-size-large\">Estudi d'investigaci\u00f3 sobre la Metodologia VRT<\/h1>\t\t\t\t<\/div>\n\t\t\t\t<\/div>\n\t\t\t\t<div class=\"elementor-element elementor-element-c1b9e9 elementor-widget-divider--view-line elementor-widget elementor-widget-divider\" data-id=\"c1b9e9\" data-element_type=\"widget\" data-e-type=\"widget\" data-widget_type=\"divider.default\">\n\t\t\t\t<div class=\"elementor-widget-container\">\n\t\t\t\t\t\t\t<div class=\"elementor-divider\">\n\t\t\t<span class=\"elementor-divider-separator\">\n\t\t\t\t\t\t<\/span>\n\t\t<\/div>\n\t\t\t\t\t\t<\/div>\n\t\t\t\t<\/div>\n\t\t\t\t\t<\/div>\n\t\t<\/div>\n\t\t\t\t\t<\/div>\n\t\t<\/section>\n\t\t\t\t<section class=\"elementor-section elementor-top-section elementor-element elementor-element-28040965 elementor-section-boxed elementor-section-height-default elementor-section-height-default\" data-id=\"28040965\" data-element_type=\"section\" data-e-type=\"section\">\n\t\t\t\t\t\t<div class=\"elementor-container elementor-column-gap-default\">\n\t\t\t\t\t<div class=\"elementor-column elementor-col-100 elementor-top-column elementor-element elementor-element-7631a740\" data-id=\"7631a740\" data-element_type=\"column\" data-e-type=\"column\">\n\t\t\t<div class=\"elementor-widget-wrap elementor-element-populated\">\n\t\t\t\t\t\t<div class=\"elementor-element elementor-element-20d76d07 elementor-widget elementor-widget-text-editor\" data-id=\"20d76d07\" data-element_type=\"widget\" data-e-type=\"widget\" data-widget_type=\"text-editor.default\">\n\t\t\t\t<div class=\"elementor-widget-container\">\n\t\t\t\t\t\t\t\t\t<div class=\"wpb_text_column wpb_content_element \"><div class=\"wpb_wrapper\"><h2 style=\"text-align: center;\">DESARROLLO DE LA METODOLOG\u00cdA VRT EN EDUCACI\u00d3N PARA LA SALUD Y EDUCACI\u00d3N EMOCIONAL: UNA INVESTIGACI\u00d3N-ACCI\u00d3N PARTICIPATIVA<\/h2><h2 style=\"text-align: center;\">TEJIENDO PUENTES HACIA UN MODELO SALUTOG\u00c9NICO<\/h2><\/div><\/div>\t\t\t\t\t\t\t\t<\/div>\n\t\t\t\t<\/div>\n\t\t\t\t<div class=\"elementor-element elementor-element-5faabf0a elementor-widget elementor-widget-text-editor\" data-id=\"5faabf0a\" data-element_type=\"widget\" data-e-type=\"widget\" data-widget_type=\"text-editor.default\">\n\t\t\t\t<div class=\"elementor-widget-container\">\n\t\t\t\t\t\t\t\t\t<div class=\"wpb_text_column wpb_content_element \"><div class=\"wpb_wrapper\"><p>Amb motiu de la 1a edici\u00f3 de la formaci\u00f3 \u201cEn Clau de SEER Hum\u00e0\u201d des de SEER hem realitzat un estudi d\u2019investigaci\u00f3 d\u2019investigaci\u00f3 sobre la Metodologia VRT i la seva relaci\u00f3 amb l\u2019educaci\u00f3 emocional i l\u2019educaci\u00f3 per a la salut. Us deixem el document de l\u2019Investigaci\u00f3-Acci\u00f3-Participaci\u00f3, esperem la gaudiu igual que nosaltres durant la seva realitzaci\u00f3.<\/p><\/div><\/div>\t\t\t\t\t\t\t\t<\/div>\n\t\t\t\t<\/div>\n\t\t\t\t<section class=\"elementor-section elementor-inner-section elementor-element elementor-element-3f1e22e1 elementor-section-boxed elementor-section-height-default elementor-section-height-default\" data-id=\"3f1e22e1\" data-element_type=\"section\" data-e-type=\"section\">\n\t\t\t\t\t\t<div class=\"elementor-container elementor-column-gap-default\">\n\t\t\t\t\t<div class=\"elementor-column elementor-col-50 elementor-inner-column elementor-element elementor-element-46227d32\" data-id=\"46227d32\" data-element_type=\"column\" data-e-type=\"column\">\n\t\t\t<div class=\"elementor-widget-wrap elementor-element-populated\">\n\t\t\t\t\t\t<div class=\"elementor-element elementor-element-eeaa094 elementor-widget elementor-widget-text-editor\" data-id=\"eeaa094\" data-element_type=\"widget\" data-e-type=\"widget\" data-widget_type=\"text-editor.default\">\n\t\t\t\t<div class=\"elementor-widget-container\">\n\t\t\t\t\t\t\t\t\t<ul><li><strong>Autor:<\/strong>\u00a0Ramiro-Andr\u00e9s Orteg\u00f3n\u00a0Delgadillo<\/li><li><strong>Treball final de m\u00e0ster tutoritzat per:<\/strong>\u00a0Maria Jos\u00e9 Morera Pomarede<\/li><li><strong>M\u00e0ster Interuniversitari \u201cInvestigaci\u00f3 i innovaci\u00f3 en cures d\u2019infermeria\u201d<\/strong><\/li><li><strong>Universitat Aut\u00f2noma de Barcelona\u00a0<\/strong><\/li><li><strong>2014-2016<\/strong><\/li><\/ul>\t\t\t\t\t\t\t\t<\/div>\n\t\t\t\t<\/div>\n\t\t\t\t\t<\/div>\n\t\t<\/div>\n\t\t\t\t<div class=\"elementor-column elementor-col-50 elementor-inner-column elementor-element elementor-element-4efb8e88\" data-id=\"4efb8e88\" data-element_type=\"column\" data-e-type=\"column\">\n\t\t\t<div class=\"elementor-widget-wrap elementor-element-populated\">\n\t\t\t\t\t\t<div class=\"elementor-element elementor-element-6948d37 elementor-widget elementor-widget-image\" data-id=\"6948d37\" data-element_type=\"widget\" data-e-type=\"widget\" data-widget_type=\"image.default\">\n\t\t\t\t<div class=\"elementor-widget-container\">\n\t\t\t\t\t\t\t\t\t\t\t\t\t\t\t<img fetchpriority=\"high\" decoding=\"async\" width=\"222\" height=\"300\" src=\"https:\/\/salutieducacioemocional.com\/wp-content\/uploads\/2018\/12\/estudi-investigacio-metodologia-crt-222x300.png\" class=\"attachment-medium size-medium wp-image-1627\" alt=\"\" srcset=\"https:\/\/salutieducacioemocional.com\/wp-content\/uploads\/2018\/12\/estudi-investigacio-metodologia-crt-222x300.png 222w, https:\/\/salutieducacioemocional.com\/wp-content\/uploads\/2018\/12\/estudi-investigacio-metodologia-crt.png 411w\" sizes=\"(max-width: 222px) 100vw, 222px\" \/>\t\t\t\t\t\t\t\t\t\t\t\t\t\t\t<\/div>\n\t\t\t\t<\/div>\n\t\t\t\t\t<\/div>\n\t\t<\/div>\n\t\t\t\t\t<\/div>\n\t\t<\/section>\n\t\t\t\t<div class=\"elementor-element elementor-element-716eb7b elementor-widget elementor-widget-text-editor\" data-id=\"716eb7b\" data-element_type=\"widget\" data-e-type=\"widget\" data-widget_type=\"text-editor.default\">\n\t\t\t\t<div class=\"elementor-widget-container\">\n\t\t\t\t\t\t\t\t\t<p style=\"text-align: center;\">Opcions per descarregar el material gratu\u00eft<\/p>\t\t\t\t\t\t\t\t<\/div>\n\t\t\t\t<\/div>\n\t\t\t\t<section class=\"elementor-section elementor-inner-section elementor-element elementor-element-750a4bc6 elementor-section-boxed elementor-section-height-default elementor-section-height-default\" data-id=\"750a4bc6\" data-element_type=\"section\" data-e-type=\"section\">\n\t\t\t\t\t\t<div class=\"elementor-container elementor-column-gap-default\">\n\t\t\t\t\t<div class=\"elementor-column elementor-col-50 elementor-inner-column elementor-element elementor-element-7d031cb4\" data-id=\"7d031cb4\" data-element_type=\"column\" data-e-type=\"column\">\n\t\t\t<div class=\"elementor-widget-wrap elementor-element-populated\">\n\t\t\t\t\t\t<div class=\"elementor-element elementor-element-75cc3d82 elementor-widget elementor-widget-text-editor\" data-id=\"75cc3d82\" data-element_type=\"widget\" data-e-type=\"widget\" data-widget_type=\"text-editor.default\">\n\t\t\t\t<div class=\"elementor-widget-container\">\n\t\t\t\t\t\t\t\t\t<p style=\"text-align: center;\"><strong>Fer una acci\u00f3 social<\/strong><\/p>\t\t\t\t\t\t\t\t<\/div>\n\t\t\t\t<\/div>\n\t\t\t\t<div class=\"elementor-element elementor-element-3dedbea0 elementor-widget elementor-widget-text-editor\" data-id=\"3dedbea0\" data-element_type=\"widget\" data-e-type=\"widget\" data-widget_type=\"text-editor.default\">\n\t\t\t\t<div class=\"elementor-widget-container\">\n\t\t\t\t\t\t\t\t\t<p style=\"text-align: center;\">\u00a0<a href=\"https:\/\/www.dropbox.com\/s\/ims3faa26cd7zxo\/IAP_Metodologia_VRT_Ramiro_Ortegon.pdf?dl=0\">Click aqu\u00ed per descarregar el document!<\/a><\/p>\t\t\t\t\t\t\t\t<\/div>\n\t\t\t\t<\/div>\n\t\t\t\t\t<\/div>\n\t\t<\/div>\n\t\t\t\t<div class=\"elementor-column elementor-col-50 elementor-inner-column elementor-element elementor-element-1ecb2f1d\" data-id=\"1ecb2f1d\" data-element_type=\"column\" data-e-type=\"column\">\n\t\t\t<div class=\"elementor-widget-wrap elementor-element-populated\">\n\t\t\t\t\t\t<div class=\"elementor-element elementor-element-77077557 elementor-widget elementor-widget-text-editor\" data-id=\"77077557\" data-element_type=\"widget\" data-e-type=\"widget\" data-widget_type=\"text-editor.default\">\n\t\t\t\t<div class=\"elementor-widget-container\">\n\t\t\t\t\t\t\t\t\t<p style=\"text-align: center;\"><strong>Subscriure&#8217;s a la nostra Newsletter<\/strong><\/p>\t\t\t\t\t\t\t\t<\/div>\n\t\t\t\t<\/div>\n\t\t\t\t<div class=\"elementor-element elementor-element-63b1c126 elementor-widget elementor-widget-text-editor\" data-id=\"63b1c126\" data-element_type=\"widget\" data-e-type=\"widget\" data-widget_type=\"text-editor.default\">\n\t\t\t\t<div class=\"elementor-widget-container\">\n\t\t\t\t\t\t\t\t\t<p style=\"text-align: center;\"><a href=\"https:\/\/www.dropbox.com\/s\/ims3faa26cd7zxo\/IAP_Metodologia_VRT_Ramiro_Ortegon.pdf?dl=0\">Click aqu\u00ed per descarregar el document!<\/a><\/p>\t\t\t\t\t\t\t\t<\/div>\n\t\t\t\t<\/div>\n\t\t\t\t\t<\/div>\n\t\t<\/div>\n\t\t\t\t\t<\/div>\n\t\t<\/section>\n\t\t\t\t<div class=\"elementor-element elementor-element-7dc5162 elementor-widget elementor-widget-text-editor\" data-id=\"7dc5162\" data-element_type=\"widget\" data-e-type=\"widget\" data-widget_type=\"text-editor.default\">\n\t\t\t\t<div class=\"elementor-widget-container\">\n\t\t\t\t\t\t\t\t\t<div class=\"wpb_text_column wpb_content_element \"><div class=\"wpb_wrapper\"><ul><li>Orteg\u00f3n, RA (2016).\u00a0<em>Desarrollo de la metodologi\u0301a VRT en educacio\u0301n para la salud y educacio\u0301n emocional: Una investigacio\u0301n-accio\u0301n participativa, Tejiendo puentes hacia un modelo salutoge\u0301nico<\/em>. Universitat Auto\u0300noma de Barcelona.<\/li><\/ul><\/div><\/div>\t\t\t\t\t\t\t\t<\/div>\n\t\t\t\t<\/div>\n\t\t\t\t<div class=\"elementor-element elementor-element-6d8638b elementor-widget elementor-widget-text-editor\" data-id=\"6d8638b\" data-element_type=\"widget\" data-e-type=\"widget\" data-widget_type=\"text-editor.default\">\n\t\t\t\t<div class=\"elementor-widget-container\">\n\t\t\t\t\t\t\t\t\t<div class=\"wpb_text_column wpb_content_element \"><div class=\"wpb_wrapper\"><p style=\"text-align: center;\"><strong>APROFITA PER ASSESSORAR-TE EN METODOLOGIA DOCENT<\/strong><\/p><p style=\"text-align: center;\">T\u2019assessorem en Metodologia VRT<\/p><\/div><\/div>\t\t\t\t\t\t\t\t<\/div>\n\t\t\t\t<\/div>\n\t\t\t\t<div class=\"elementor-element elementor-element-aa5beae elementor-align-center elementor-widget elementor-widget-button\" data-id=\"aa5beae\" data-element_type=\"widget\" data-e-type=\"widget\" data-widget_type=\"button.default\">\n\t\t\t\t<div class=\"elementor-widget-container\">\n\t\t\t\t\t\t\t\t\t<div class=\"elementor-button-wrapper\">\n\t\t\t\t\t<a class=\"elementor-button elementor-button-link elementor-size-sm\" href=\"http:\/\/salutieducacioemocional.com\/ca\/departament-formacio\/assessorament-pedagogic\/\">\n\t\t\t\t\t\t<span class=\"elementor-button-content-wrapper\">\n\t\t\t\t\t\t\t\t\t<span class=\"elementor-button-text\">Assessorament Pedag\u00f2gic<\/span>\n\t\t\t\t\t<\/span>\n\t\t\t\t\t<\/a>\n\t\t\t\t<\/div>\n\t\t\t\t\t\t\t\t<\/div>\n\t\t\t\t<\/div>\n\t\t\t\t\t<\/div>\n\t\t<\/div>\n\t\t\t\t\t<\/div>\n\t\t<\/section>\n\t\t\t\t<\/div>\n\t\t","protected":false},"excerpt":{"rendered":"<p>Estudi d&#8217;investigaci\u00f3 sobre la Metodologia VRT DESARROLLO DE LA METODOLOG\u00cdA VRT EN EDUCACI\u00d3N PARA LA SALUD Y EDUCACI\u00d3N EMOCIONAL: UNA INVESTIGACI\u00d3N-ACCI\u00d3N PARTICIPATIVA TEJIENDO PUENTES HACIA UN MODELO SALUTOG\u00c9NICO Amb motiu de la 1a edici\u00f3 de la formaci\u00f3 \u201cEn Clau de SEER Hum\u00e0\u201d des de SEER hem realitzat un estudi d\u2019investigaci\u00f3 d\u2019investigaci\u00f3 sobre la Metodologia VRT [&hellip;]<\/p>\n","protected":false},"author":1,"featured_media":1627,"comment_status":"open","ping_status":"open","sticky":false,"template":"elementor_header_footer","format":"standard","meta":{"footnotes":""},"categories":[114],"tags":[102,105],"class_list":["post-1623","post","type-post","status-publish","format-standard","has-post-thumbnail","hentry","category-biblioteca-es","tag-article-academic","tag-metodologia-vrt"],"yoast_head":"<!-- This site is optimized with the Yoast SEO plugin v27.5 - https:\/\/yoast.com\/product\/yoast-seo-wordpress\/ -->\n<title>Estudi d&#039;investigaci\u00f3 sobre la Metodologia VRT - SEER<\/title>\n<meta name=\"robots\" content=\"index, follow, max-snippet:-1, max-image-preview:large, max-video-preview:-1\" \/>\n<link rel=\"canonical\" href=\"https:\/\/salutieducacioemocional.com\/ca\/biblioteca-es\/estudi-dinvestigacio-metodologia-vrt\/\" \/>\n<meta property=\"og:locale\" content=\"ca_ES\" \/>\n<meta property=\"og:type\" content=\"article\" \/>\n<meta property=\"og:title\" content=\"Estudi d&#039;investigaci\u00f3 sobre la Metodologia VRT - SEER\" \/>\n<meta property=\"og:description\" content=\"Estudi d&#8217;investigaci\u00f3 sobre la Metodologia VRT DESARROLLO DE LA METODOLOG\u00cdA VRT EN EDUCACI\u00d3N PARA LA SALUD Y EDUCACI\u00d3N EMOCIONAL: UNA INVESTIGACI\u00d3N-ACCI\u00d3N PARTICIPATIVA TEJIENDO PUENTES HACIA UN MODELO SALUTOG\u00c9NICO Amb motiu de la 1a edici\u00f3 de la formaci\u00f3 \u201cEn Clau de SEER Hum\u00e0\u201d des de SEER hem realitzat un estudi d\u2019investigaci\u00f3 d\u2019investigaci\u00f3 sobre la Metodologia VRT [&hellip;]\" \/>\n<meta property=\"og:url\" content=\"https:\/\/salutieducacioemocional.com\/ca\/biblioteca-es\/estudi-dinvestigacio-metodologia-vrt\/\" \/>\n<meta property=\"og:site_name\" content=\"SEER\" \/>\n<meta property=\"article:publisher\" content=\"https:\/\/www.facebook.com\/equipseer\" \/>\n<meta property=\"article:published_time\" content=\"2018-12-29T11:24:02+00:00\" \/>\n<meta property=\"article:modified_time\" content=\"2021-04-30T11:07:48+00:00\" \/>\n<meta property=\"og:image\" content=\"https:\/\/salutieducacioemocional.com\/wp-content\/uploads\/2018\/12\/estudi-investigacio-metodologia-crt.png\" \/>\n\t<meta property=\"og:image:width\" content=\"411\" \/>\n\t<meta property=\"og:image:height\" content=\"555\" \/>\n\t<meta property=\"og:image:type\" content=\"image\/png\" \/>\n<meta name=\"author\" content=\"EquipSEER\" \/>\n<meta name=\"twitter:card\" content=\"summary_large_image\" \/>\n<meta name=\"twitter:creator\" content=\"@equipseer\" \/>\n<meta name=\"twitter:site\" content=\"@equipseer\" \/>\n<script type=\"application\/ld+json\" class=\"yoast-schema-graph\">{\"@context\":\"https:\\\/\\\/schema.org\",\"@graph\":[{\"@type\":\"Article\",\"@id\":\"https:\\\/\\\/salutieducacioemocional.com\\\/ca\\\/biblioteca-es\\\/estudi-dinvestigacio-metodologia-vrt\\\/#article\",\"isPartOf\":{\"@id\":\"https:\\\/\\\/salutieducacioemocional.com\\\/ca\\\/biblioteca-es\\\/estudi-dinvestigacio-metodologia-vrt\\\/\"},\"author\":{\"name\":\"EquipSEER\",\"@id\":\"https:\\\/\\\/salutieducacioemocional.com\\\/#\\\/schema\\\/person\\\/5ff9b86498e028c736f70cf273bbd8be\"},\"headline\":\"Estudi d&#8217;investigaci\u00f3 sobre la Metodologia VRT\",\"datePublished\":\"2018-12-29T11:24:02+00:00\",\"dateModified\":\"2021-04-30T11:07:48+00:00\",\"mainEntityOfPage\":{\"@id\":\"https:\\\/\\\/salutieducacioemocional.com\\\/ca\\\/biblioteca-es\\\/estudi-dinvestigacio-metodologia-vrt\\\/\"},\"wordCount\":217,\"commentCount\":0,\"publisher\":{\"@id\":\"https:\\\/\\\/salutieducacioemocional.com\\\/#organization\"},\"image\":{\"@id\":\"https:\\\/\\\/salutieducacioemocional.com\\\/ca\\\/biblioteca-es\\\/estudi-dinvestigacio-metodologia-vrt\\\/#primaryimage\"},\"thumbnailUrl\":\"https:\\\/\\\/salutieducacioemocional.com\\\/wp-content\\\/uploads\\\/2018\\\/12\\\/estudi-investigacio-metodologia-crt.png\",\"keywords\":[\"Article acad\u00e8mic\",\"Metodologia VRT\"],\"articleSection\":[\"Biblioteca\"],\"inLanguage\":\"ca\",\"potentialAction\":[{\"@type\":\"CommentAction\",\"name\":\"Comment\",\"target\":[\"https:\\\/\\\/salutieducacioemocional.com\\\/ca\\\/biblioteca-es\\\/estudi-dinvestigacio-metodologia-vrt\\\/#respond\"]}]},{\"@type\":\"WebPage\",\"@id\":\"https:\\\/\\\/salutieducacioemocional.com\\\/ca\\\/biblioteca-es\\\/estudi-dinvestigacio-metodologia-vrt\\\/\",\"url\":\"https:\\\/\\\/salutieducacioemocional.com\\\/ca\\\/biblioteca-es\\\/estudi-dinvestigacio-metodologia-vrt\\\/\",\"name\":\"Estudi d'investigaci\u00f3 sobre la Metodologia VRT - SEER\",\"isPartOf\":{\"@id\":\"https:\\\/\\\/salutieducacioemocional.com\\\/#website\"},\"primaryImageOfPage\":{\"@id\":\"https:\\\/\\\/salutieducacioemocional.com\\\/ca\\\/biblioteca-es\\\/estudi-dinvestigacio-metodologia-vrt\\\/#primaryimage\"},\"image\":{\"@id\":\"https:\\\/\\\/salutieducacioemocional.com\\\/ca\\\/biblioteca-es\\\/estudi-dinvestigacio-metodologia-vrt\\\/#primaryimage\"},\"thumbnailUrl\":\"https:\\\/\\\/salutieducacioemocional.com\\\/wp-content\\\/uploads\\\/2018\\\/12\\\/estudi-investigacio-metodologia-crt.png\",\"datePublished\":\"2018-12-29T11:24:02+00:00\",\"dateModified\":\"2021-04-30T11:07:48+00:00\",\"breadcrumb\":{\"@id\":\"https:\\\/\\\/salutieducacioemocional.com\\\/ca\\\/biblioteca-es\\\/estudi-dinvestigacio-metodologia-vrt\\\/#breadcrumb\"},\"inLanguage\":\"ca\",\"potentialAction\":[{\"@type\":\"ReadAction\",\"target\":[\"https:\\\/\\\/salutieducacioemocional.com\\\/ca\\\/biblioteca-es\\\/estudi-dinvestigacio-metodologia-vrt\\\/\"]}]},{\"@type\":\"ImageObject\",\"inLanguage\":\"ca\",\"@id\":\"https:\\\/\\\/salutieducacioemocional.com\\\/ca\\\/biblioteca-es\\\/estudi-dinvestigacio-metodologia-vrt\\\/#primaryimage\",\"url\":\"https:\\\/\\\/salutieducacioemocional.com\\\/wp-content\\\/uploads\\\/2018\\\/12\\\/estudi-investigacio-metodologia-crt.png\",\"contentUrl\":\"https:\\\/\\\/salutieducacioemocional.com\\\/wp-content\\\/uploads\\\/2018\\\/12\\\/estudi-investigacio-metodologia-crt.png\",\"width\":411,\"height\":555},{\"@type\":\"BreadcrumbList\",\"@id\":\"https:\\\/\\\/salutieducacioemocional.com\\\/ca\\\/biblioteca-es\\\/estudi-dinvestigacio-metodologia-vrt\\\/#breadcrumb\",\"itemListElement\":[{\"@type\":\"ListItem\",\"position\":1,\"name\":\"Portada\",\"item\":\"https:\\\/\\\/salutieducacioemocional.com\\\/\"},{\"@type\":\"ListItem\",\"position\":2,\"name\":\"Estudi d&#8217;investigaci\u00f3 sobre la Metodologia VRT\"}]},{\"@type\":\"WebSite\",\"@id\":\"https:\\\/\\\/salutieducacioemocional.com\\\/#website\",\"url\":\"https:\\\/\\\/salutieducacioemocional.com\\\/\",\"name\":\"SEER\",\"description\":\"Salut i Educaci\u00f3 Emocional\",\"publisher\":{\"@id\":\"https:\\\/\\\/salutieducacioemocional.com\\\/#organization\"},\"potentialAction\":[{\"@type\":\"SearchAction\",\"target\":{\"@type\":\"EntryPoint\",\"urlTemplate\":\"https:\\\/\\\/salutieducacioemocional.com\\\/?s={search_term_string}\"},\"query-input\":{\"@type\":\"PropertyValueSpecification\",\"valueRequired\":true,\"valueName\":\"search_term_string\"}}],\"inLanguage\":\"ca\"},{\"@type\":\"Organization\",\"@id\":\"https:\\\/\\\/salutieducacioemocional.com\\\/#organization\",\"name\":\"Salut i Educaci\u00f3 Emocional S.L\",\"alternateName\":\"SEER\",\"url\":\"https:\\\/\\\/salutieducacioemocional.com\\\/\",\"logo\":{\"@type\":\"ImageObject\",\"inLanguage\":\"ca\",\"@id\":\"https:\\\/\\\/salutieducacioemocional.com\\\/#\\\/schema\\\/logo\\\/image\\\/\",\"url\":\"https:\\\/\\\/salutieducacioemocional.com\\\/wp-content\\\/uploads\\\/2018\\\/12\\\/cropped-educacion-emocional-seer-e1545471861400.png\",\"contentUrl\":\"https:\\\/\\\/salutieducacioemocional.com\\\/wp-content\\\/uploads\\\/2018\\\/12\\\/cropped-educacion-emocional-seer-e1545471861400.png\",\"width\":200,\"height\":78,\"caption\":\"Salut i Educaci\u00f3 Emocional S.L\"},\"image\":{\"@id\":\"https:\\\/\\\/salutieducacioemocional.com\\\/#\\\/schema\\\/logo\\\/image\\\/\"},\"sameAs\":[\"https:\\\/\\\/www.facebook.com\\\/equipseer\",\"https:\\\/\\\/x.com\\\/equipseer\",\"https:\\\/\\\/www.instagram.com\\\/equipseer\\\/\",\"https:\\\/\\\/www.linkedin.com\\\/company\\\/9231569\\\/admin\\\/\",\"https:\\\/\\\/www.youtube.com\\\/@equipseer\",\"https:\\\/\\\/t.me\\\/seer_info\"]},{\"@type\":\"Person\",\"@id\":\"https:\\\/\\\/salutieducacioemocional.com\\\/#\\\/schema\\\/person\\\/5ff9b86498e028c736f70cf273bbd8be\",\"name\":\"EquipSEER\",\"image\":{\"@type\":\"ImageObject\",\"inLanguage\":\"ca\",\"@id\":\"https:\\\/\\\/secure.gravatar.com\\\/avatar\\\/a791e1b54851c4df706081fe7247ada89b2947f29168abc2ebfb33461f537949?s=96&d=mm&r=g\",\"url\":\"https:\\\/\\\/secure.gravatar.com\\\/avatar\\\/a791e1b54851c4df706081fe7247ada89b2947f29168abc2ebfb33461f537949?s=96&d=mm&r=g\",\"contentUrl\":\"https:\\\/\\\/secure.gravatar.com\\\/avatar\\\/a791e1b54851c4df706081fe7247ada89b2947f29168abc2ebfb33461f537949?s=96&d=mm&r=g\",\"caption\":\"EquipSEER\"},\"url\":\"https:\\\/\\\/salutieducacioemocional.com\\\/ca\\\/author\\\/salutnueva\\\/\"}]}<\/script>\n<!-- \/ Yoast SEO plugin. -->","yoast_head_json":{"title":"Estudi d'investigaci\u00f3 sobre la Metodologia VRT - SEER","robots":{"index":"index","follow":"follow","max-snippet":"max-snippet:-1","max-image-preview":"max-image-preview:large","max-video-preview":"max-video-preview:-1"},"canonical":"https:\/\/salutieducacioemocional.com\/ca\/biblioteca-es\/estudi-dinvestigacio-metodologia-vrt\/","og_locale":"ca_ES","og_type":"article","og_title":"Estudi d'investigaci\u00f3 sobre la Metodologia VRT - SEER","og_description":"Estudi d&#8217;investigaci\u00f3 sobre la Metodologia VRT DESARROLLO DE LA METODOLOG\u00cdA VRT EN EDUCACI\u00d3N PARA LA SALUD Y EDUCACI\u00d3N EMOCIONAL: UNA INVESTIGACI\u00d3N-ACCI\u00d3N PARTICIPATIVA TEJIENDO PUENTES HACIA UN MODELO SALUTOG\u00c9NICO Amb motiu de la 1a edici\u00f3 de la formaci\u00f3 \u201cEn Clau de SEER Hum\u00e0\u201d des de SEER hem realitzat un estudi d\u2019investigaci\u00f3 d\u2019investigaci\u00f3 sobre la Metodologia VRT [&hellip;]","og_url":"https:\/\/salutieducacioemocional.com\/ca\/biblioteca-es\/estudi-dinvestigacio-metodologia-vrt\/","og_site_name":"SEER","article_publisher":"https:\/\/www.facebook.com\/equipseer","article_published_time":"2018-12-29T11:24:02+00:00","article_modified_time":"2021-04-30T11:07:48+00:00","og_image":[{"width":411,"height":555,"url":"https:\/\/salutieducacioemocional.com\/wp-content\/uploads\/2018\/12\/estudi-investigacio-metodologia-crt.png","type":"image\/png"}],"author":"EquipSEER","twitter_card":"summary_large_image","twitter_creator":"@equipseer","twitter_site":"@equipseer","schema":{"@context":"https:\/\/schema.org","@graph":[{"@type":"Article","@id":"https:\/\/salutieducacioemocional.com\/ca\/biblioteca-es\/estudi-dinvestigacio-metodologia-vrt\/#article","isPartOf":{"@id":"https:\/\/salutieducacioemocional.com\/ca\/biblioteca-es\/estudi-dinvestigacio-metodologia-vrt\/"},"author":{"name":"EquipSEER","@id":"https:\/\/salutieducacioemocional.com\/#\/schema\/person\/5ff9b86498e028c736f70cf273bbd8be"},"headline":"Estudi d&#8217;investigaci\u00f3 sobre la Metodologia VRT","datePublished":"2018-12-29T11:24:02+00:00","dateModified":"2021-04-30T11:07:48+00:00","mainEntityOfPage":{"@id":"https:\/\/salutieducacioemocional.com\/ca\/biblioteca-es\/estudi-dinvestigacio-metodologia-vrt\/"},"wordCount":217,"commentCount":0,"publisher":{"@id":"https:\/\/salutieducacioemocional.com\/#organization"},"image":{"@id":"https:\/\/salutieducacioemocional.com\/ca\/biblioteca-es\/estudi-dinvestigacio-metodologia-vrt\/#primaryimage"},"thumbnailUrl":"https:\/\/salutieducacioemocional.com\/wp-content\/uploads\/2018\/12\/estudi-investigacio-metodologia-crt.png","keywords":["Article acad\u00e8mic","Metodologia VRT"],"articleSection":["Biblioteca"],"inLanguage":"ca","potentialAction":[{"@type":"CommentAction","name":"Comment","target":["https:\/\/salutieducacioemocional.com\/ca\/biblioteca-es\/estudi-dinvestigacio-metodologia-vrt\/#respond"]}]},{"@type":"WebPage","@id":"https:\/\/salutieducacioemocional.com\/ca\/biblioteca-es\/estudi-dinvestigacio-metodologia-vrt\/","url":"https:\/\/salutieducacioemocional.com\/ca\/biblioteca-es\/estudi-dinvestigacio-metodologia-vrt\/","name":"Estudi d'investigaci\u00f3 sobre la Metodologia VRT - SEER","isPartOf":{"@id":"https:\/\/salutieducacioemocional.com\/#website"},"primaryImageOfPage":{"@id":"https:\/\/salutieducacioemocional.com\/ca\/biblioteca-es\/estudi-dinvestigacio-metodologia-vrt\/#primaryimage"},"image":{"@id":"https:\/\/salutieducacioemocional.com\/ca\/biblioteca-es\/estudi-dinvestigacio-metodologia-vrt\/#primaryimage"},"thumbnailUrl":"https:\/\/salutieducacioemocional.com\/wp-content\/uploads\/2018\/12\/estudi-investigacio-metodologia-crt.png","datePublished":"2018-12-29T11:24:02+00:00","dateModified":"2021-04-30T11:07:48+00:00","breadcrumb":{"@id":"https:\/\/salutieducacioemocional.com\/ca\/biblioteca-es\/estudi-dinvestigacio-metodologia-vrt\/#breadcrumb"},"inLanguage":"ca","potentialAction":[{"@type":"ReadAction","target":["https:\/\/salutieducacioemocional.com\/ca\/biblioteca-es\/estudi-dinvestigacio-metodologia-vrt\/"]}]},{"@type":"ImageObject","inLanguage":"ca","@id":"https:\/\/salutieducacioemocional.com\/ca\/biblioteca-es\/estudi-dinvestigacio-metodologia-vrt\/#primaryimage","url":"https:\/\/salutieducacioemocional.com\/wp-content\/uploads\/2018\/12\/estudi-investigacio-metodologia-crt.png","contentUrl":"https:\/\/salutieducacioemocional.com\/wp-content\/uploads\/2018\/12\/estudi-investigacio-metodologia-crt.png","width":411,"height":555},{"@type":"BreadcrumbList","@id":"https:\/\/salutieducacioemocional.com\/ca\/biblioteca-es\/estudi-dinvestigacio-metodologia-vrt\/#breadcrumb","itemListElement":[{"@type":"ListItem","position":1,"name":"Portada","item":"https:\/\/salutieducacioemocional.com\/"},{"@type":"ListItem","position":2,"name":"Estudi d&#8217;investigaci\u00f3 sobre la Metodologia VRT"}]},{"@type":"WebSite","@id":"https:\/\/salutieducacioemocional.com\/#website","url":"https:\/\/salutieducacioemocional.com\/","name":"SEER","description":"Salut i Educaci\u00f3 Emocional","publisher":{"@id":"https:\/\/salutieducacioemocional.com\/#organization"},"potentialAction":[{"@type":"SearchAction","target":{"@type":"EntryPoint","urlTemplate":"https:\/\/salutieducacioemocional.com\/?s={search_term_string}"},"query-input":{"@type":"PropertyValueSpecification","valueRequired":true,"valueName":"search_term_string"}}],"inLanguage":"ca"},{"@type":"Organization","@id":"https:\/\/salutieducacioemocional.com\/#organization","name":"Salut i Educaci\u00f3 Emocional S.L","alternateName":"SEER","url":"https:\/\/salutieducacioemocional.com\/","logo":{"@type":"ImageObject","inLanguage":"ca","@id":"https:\/\/salutieducacioemocional.com\/#\/schema\/logo\/image\/","url":"https:\/\/salutieducacioemocional.com\/wp-content\/uploads\/2018\/12\/cropped-educacion-emocional-seer-e1545471861400.png","contentUrl":"https:\/\/salutieducacioemocional.com\/wp-content\/uploads\/2018\/12\/cropped-educacion-emocional-seer-e1545471861400.png","width":200,"height":78,"caption":"Salut i Educaci\u00f3 Emocional S.L"},"image":{"@id":"https:\/\/salutieducacioemocional.com\/#\/schema\/logo\/image\/"},"sameAs":["https:\/\/www.facebook.com\/equipseer","https:\/\/x.com\/equipseer","https:\/\/www.instagram.com\/equipseer\/","https:\/\/www.linkedin.com\/company\/9231569\/admin\/","https:\/\/www.youtube.com\/@equipseer","https:\/\/t.me\/seer_info"]},{"@type":"Person","@id":"https:\/\/salutieducacioemocional.com\/#\/schema\/person\/5ff9b86498e028c736f70cf273bbd8be","name":"EquipSEER","image":{"@type":"ImageObject","inLanguage":"ca","@id":"https:\/\/secure.gravatar.com\/avatar\/a791e1b54851c4df706081fe7247ada89b2947f29168abc2ebfb33461f537949?s=96&d=mm&r=g","url":"https:\/\/secure.gravatar.com\/avatar\/a791e1b54851c4df706081fe7247ada89b2947f29168abc2ebfb33461f537949?s=96&d=mm&r=g","contentUrl":"https:\/\/secure.gravatar.com\/avatar\/a791e1b54851c4df706081fe7247ada89b2947f29168abc2ebfb33461f537949?s=96&d=mm&r=g","caption":"EquipSEER"},"url":"https:\/\/salutieducacioemocional.com\/ca\/author\/salutnueva\/"}]}},"_links":{"self":[{"href":"https:\/\/salutieducacioemocional.com\/ca\/wp-json\/wp\/v2\/posts\/1623","targetHints":{"allow":["GET"]}}],"collection":[{"href":"https:\/\/salutieducacioemocional.com\/ca\/wp-json\/wp\/v2\/posts"}],"about":[{"href":"https:\/\/salutieducacioemocional.com\/ca\/wp-json\/wp\/v2\/types\/post"}],"author":[{"embeddable":true,"href":"https:\/\/salutieducacioemocional.com\/ca\/wp-json\/wp\/v2\/users\/1"}],"replies":[{"embeddable":true,"href":"https:\/\/salutieducacioemocional.com\/ca\/wp-json\/wp\/v2\/comments?post=1623"}],"version-history":[{"count":15,"href":"https:\/\/salutieducacioemocional.com\/ca\/wp-json\/wp\/v2\/posts\/1623\/revisions"}],"predecessor-version":[{"id":7288,"href":"https:\/\/salutieducacioemocional.com\/ca\/wp-json\/wp\/v2\/posts\/1623\/revisions\/7288"}],"wp:featuredmedia":[{"embeddable":true,"href":"https:\/\/salutieducacioemocional.com\/ca\/wp-json\/wp\/v2\/media\/1627"}],"wp:attachment":[{"href":"https:\/\/salutieducacioemocional.com\/ca\/wp-json\/wp\/v2\/media?parent=1623"}],"wp:term":[{"taxonomy":"category","embeddable":true,"href":"https:\/\/salutieducacioemocional.com\/ca\/wp-json\/wp\/v2\/categories?post=1623"},{"taxonomy":"post_tag","embeddable":true,"href":"https:\/\/salutieducacioemocional.com\/ca\/wp-json\/wp\/v2\/tags?post=1623"}],"curies":[{"name":"wp","href":"https:\/\/api.w.org\/{rel}","templated":true}]}}