{"id":1663,"date":"2018-12-29T13:30:53","date_gmt":"2018-12-29T13:30:53","guid":{"rendered":"http:\/\/salutieducacioemocional.com\/?p=1663"},"modified":"2021-04-19T14:39:17","modified_gmt":"2021-04-19T14:39:17","slug":"article-inclusio-educacio-emocional-projecte-centre","status":"publish","type":"post","link":"https:\/\/salutieducacioemocional.com\/ca\/biblioteca\/article-inclusio-educacio-emocional-projecte-centre\/","title":{"rendered":"Article | Inclusi\u00f3 de l&#8217;Educaci\u00f3 Emocional dins del projecte de centre"},"content":{"rendered":"\t\t<div data-elementor-type=\"wp-post\" data-elementor-id=\"1663\" class=\"elementor elementor-1663\" data-elementor-post-type=\"post\">\n\t\t\t\t\t\t<section class=\"elementor-section elementor-top-section elementor-element elementor-element-2c6fe6a2 elementor-section-boxed elementor-section-height-default elementor-section-height-default\" data-id=\"2c6fe6a2\" data-element_type=\"section\" data-e-type=\"section\">\n\t\t\t\t\t\t<div class=\"elementor-container elementor-column-gap-default\">\n\t\t\t\t\t<div class=\"elementor-column elementor-col-100 elementor-top-column elementor-element elementor-element-79491044\" data-id=\"79491044\" data-element_type=\"column\" data-e-type=\"column\">\n\t\t\t<div class=\"elementor-widget-wrap elementor-element-populated\">\n\t\t\t\t\t\t<div class=\"elementor-element elementor-element-431bb3a9 elementor-widget elementor-widget-heading\" data-id=\"431bb3a9\" data-element_type=\"widget\" data-e-type=\"widget\" data-widget_type=\"heading.default\">\n\t\t\t\t<div class=\"elementor-widget-container\">\n\t\t\t\t\t<h1 class=\"elementor-heading-title elementor-size-large\">Article | Inclusi\u00f3 de l'Educaci\u00f3 Emocional dins del projecte de centre<\/h1>\t\t\t\t<\/div>\n\t\t\t\t<\/div>\n\t\t\t\t<div class=\"elementor-element elementor-element-4b438d14 elementor-widget-divider--view-line elementor-widget elementor-widget-divider\" data-id=\"4b438d14\" data-element_type=\"widget\" data-e-type=\"widget\" data-widget_type=\"divider.default\">\n\t\t\t\t<div class=\"elementor-widget-container\">\n\t\t\t\t\t\t\t<div class=\"elementor-divider\">\n\t\t\t<span class=\"elementor-divider-separator\">\n\t\t\t\t\t\t<\/span>\n\t\t<\/div>\n\t\t\t\t\t\t<\/div>\n\t\t\t\t<\/div>\n\t\t\t\t\t<\/div>\n\t\t<\/div>\n\t\t\t\t\t<\/div>\n\t\t<\/section>\n\t\t\t\t<section class=\"elementor-section elementor-top-section elementor-element elementor-element-35771c32 elementor-section-boxed elementor-section-height-default elementor-section-height-default\" data-id=\"35771c32\" data-element_type=\"section\" data-e-type=\"section\">\n\t\t\t\t\t\t<div class=\"elementor-container elementor-column-gap-default\">\n\t\t\t\t\t<div class=\"elementor-column elementor-col-100 elementor-top-column elementor-element elementor-element-2ab43031\" data-id=\"2ab43031\" data-element_type=\"column\" data-e-type=\"column\">\n\t\t\t<div class=\"elementor-widget-wrap elementor-element-populated\">\n\t\t\t\t\t\t<div class=\"elementor-element elementor-element-4a123b3a elementor-widget elementor-widget-text-editor\" data-id=\"4a123b3a\" data-element_type=\"widget\" data-e-type=\"widget\" data-widget_type=\"text-editor.default\">\n\t\t\t\t<div class=\"elementor-widget-container\">\n\t\t\t\t\t\t\t\t\t<h2 style=\"text-align: center;\">EXPERI\u00c8NCIA EN EL TREBALL D\u2019INCLUSI\u00d3 DE<\/h2><h2 style=\"text-align: center;\">L\u2019ED. EMOCIONAL DINS EL PROGRAMA D\u2019ACCI\u00d3N TUTORIAL<\/h2>\t\t\t\t\t\t\t\t<\/div>\n\t\t\t\t<\/div>\n\t\t\t\t<section class=\"elementor-section elementor-inner-section elementor-element elementor-element-42276b44 elementor-section-boxed elementor-section-height-default elementor-section-height-default\" data-id=\"42276b44\" data-element_type=\"section\" data-e-type=\"section\">\n\t\t\t\t\t\t<div class=\"elementor-container elementor-column-gap-default\">\n\t\t\t\t\t<div class=\"elementor-column elementor-col-50 elementor-inner-column elementor-element elementor-element-637ab7ec\" data-id=\"637ab7ec\" data-element_type=\"column\" data-e-type=\"column\">\n\t\t\t<div class=\"elementor-widget-wrap elementor-element-populated\">\n\t\t\t\t\t\t<div class=\"elementor-element elementor-element-322b3866 elementor-widget elementor-widget-text-editor\" data-id=\"322b3866\" data-element_type=\"widget\" data-e-type=\"widget\" data-widget_type=\"text-editor.default\">\n\t\t\t\t<div class=\"elementor-widget-container\">\n\t\t\t\t\t\t\t\t\t<p>Compartim l\u2019article \u201cInclusi\u00f3 de l\u2019educaci\u00f3 emocional dins el projecte de centre, una intervenci\u00f3 integral\u201d, presentat a les XI Jornades d\u2019Educaci\u00f3 Emocional i Fam\u00edlia (2015) de la Universitat de Barcelona organitzades pel GROP.<\/p><p>Pots veure tamb\u00e9 el Llibre de Comunicacions de les XI Jornades d\u2019Educaci\u00f3 Emocional i Fam\u00edlia, trobar\u00e0 el nostre article a la p\u00e0g 104.<\/p>\t\t\t\t\t\t\t\t<\/div>\n\t\t\t\t<\/div>\n\t\t\t\t\t<\/div>\n\t\t<\/div>\n\t\t\t\t<div class=\"elementor-column elementor-col-50 elementor-inner-column elementor-element elementor-element-42fd8cb7\" data-id=\"42fd8cb7\" data-element_type=\"column\" data-e-type=\"column\">\n\t\t\t<div class=\"elementor-widget-wrap elementor-element-populated\">\n\t\t\t\t\t\t<div class=\"elementor-element elementor-element-8f755fb elementor-widget elementor-widget-image\" data-id=\"8f755fb\" data-element_type=\"widget\" data-e-type=\"widget\" data-widget_type=\"image.default\">\n\t\t\t\t<div class=\"elementor-widget-container\">\n\t\t\t\t\t\t\t\t\t\t\t\t\t\t\t<img fetchpriority=\"high\" decoding=\"async\" width=\"300\" height=\"300\" src=\"https:\/\/salutieducacioemocional.com\/wp-content\/uploads\/2018\/12\/Inclusio-EdEm-article-300x300.jpg\" class=\"attachment-medium size-medium wp-image-1667\" alt=\"\" srcset=\"https:\/\/salutieducacioemocional.com\/wp-content\/uploads\/2018\/12\/Inclusio-EdEm-article-300x300.jpg 300w, https:\/\/salutieducacioemocional.com\/wp-content\/uploads\/2018\/12\/Inclusio-EdEm-article-150x150.jpg 150w, https:\/\/salutieducacioemocional.com\/wp-content\/uploads\/2018\/12\/Inclusio-EdEm-article-600x600.jpg 600w, https:\/\/salutieducacioemocional.com\/wp-content\/uploads\/2018\/12\/Inclusio-EdEm-article-100x100.jpg 100w, https:\/\/salutieducacioemocional.com\/wp-content\/uploads\/2018\/12\/Inclusio-EdEm-article.jpg 650w\" sizes=\"(max-width: 300px) 100vw, 300px\" \/>\t\t\t\t\t\t\t\t\t\t\t\t\t\t\t<\/div>\n\t\t\t\t<\/div>\n\t\t\t\t\t<\/div>\n\t\t<\/div>\n\t\t\t\t\t<\/div>\n\t\t<\/section>\n\t\t\t\t<div class=\"elementor-element elementor-element-d4cb561 elementor-widget elementor-widget-text-editor\" data-id=\"d4cb561\" data-element_type=\"widget\" data-e-type=\"widget\" data-widget_type=\"text-editor.default\">\n\t\t\t\t<div class=\"elementor-widget-container\">\n\t\t\t\t\t\t\t\t\t<p style=\"text-align: center;\">Opcions per descarregar el material gratu\u00eft<\/p>\t\t\t\t\t\t\t\t<\/div>\n\t\t\t\t<\/div>\n\t\t\t\t<section class=\"elementor-section elementor-inner-section elementor-element elementor-element-70d218bb elementor-section-boxed elementor-section-height-default elementor-section-height-default\" data-id=\"70d218bb\" data-element_type=\"section\" data-e-type=\"section\">\n\t\t\t\t\t\t<div class=\"elementor-container elementor-column-gap-default\">\n\t\t\t\t\t<div class=\"elementor-column elementor-col-50 elementor-inner-column elementor-element elementor-element-6ba02706\" data-id=\"6ba02706\" data-element_type=\"column\" data-e-type=\"column\">\n\t\t\t<div class=\"elementor-widget-wrap elementor-element-populated\">\n\t\t\t\t\t\t<div class=\"elementor-element elementor-element-44daa337 elementor-widget elementor-widget-text-editor\" data-id=\"44daa337\" data-element_type=\"widget\" data-e-type=\"widget\" data-widget_type=\"text-editor.default\">\n\t\t\t\t<div class=\"elementor-widget-container\">\n\t\t\t\t\t\t\t\t\t<p style=\"text-align: center;\"><strong>Fer una acci\u00f3 social<\/strong><\/p>\t\t\t\t\t\t\t\t<\/div>\n\t\t\t\t<\/div>\n\t\t\t\t<div class=\"elementor-element elementor-element-e6de66a elementor-widget elementor-widget-text-editor\" data-id=\"e6de66a\" data-element_type=\"widget\" data-e-type=\"widget\" data-widget_type=\"text-editor.default\">\n\t\t\t\t<div class=\"elementor-widget-container\">\n\t\t\t\t\t\t\t\t\t<p style=\"text-align: center;\">Click aqu\u00ed per descarregar el document:\u00a0<a href=\"https:\/\/www.google.es\/url?sa=t&amp;rct=j&amp;q=&amp;esrc=s&amp;source=web&amp;cd=2&amp;ved=0ahUKEwiauuXKhcvKAhXKCBoKHb3RB-kQFggoMAE&amp;url=http:\/\/diposit.ub.edu\/dspace\/bitstream\/2445\/65846\/7\/XIJornadesEmocional17juny15.pdf&amp;usg=AFQjCNFuMfR16mOCJflF9r6DlcKFOLqVhw&amp;sig2=AywOBY0oaaE88ikTboGQOQ&amp;cad=rja\" target=\"_blank\" rel=\"noopener\"> Llibre de Comunicacions de les XI Jornades d\u2019Educaci\u00f3 Emocional i Fam\u00edlia<\/a><\/p><p style=\"text-align: center;\">Click aqu\u00ed per descarregar l&#8217;article:<br \/><a href=\"https:\/\/www.dropbox.com\/s\/12lizjl6p3ni1mh\/2015_Inclusion_de_la_educacion_emocional_dentro_del_proyecto_de_centro.pdf?dl=0\" target=\"_blank\" rel=\"noopener\">Inclusi\u00f3 de l\u2019Educaci\u00f3 Emocional dins del projecte de centre<\/a><\/p>\t\t\t\t\t\t\t\t<\/div>\n\t\t\t\t<\/div>\n\t\t\t\t\t<\/div>\n\t\t<\/div>\n\t\t\t\t<div class=\"elementor-column elementor-col-50 elementor-inner-column elementor-element elementor-element-7afb7ccf\" data-id=\"7afb7ccf\" data-element_type=\"column\" data-e-type=\"column\">\n\t\t\t<div class=\"elementor-widget-wrap elementor-element-populated\">\n\t\t\t\t\t\t<div class=\"elementor-element elementor-element-5bd92156 elementor-widget elementor-widget-text-editor\" data-id=\"5bd92156\" data-element_type=\"widget\" data-e-type=\"widget\" data-widget_type=\"text-editor.default\">\n\t\t\t\t<div class=\"elementor-widget-container\">\n\t\t\t\t\t\t\t\t\t<p style=\"text-align: center;\"><strong>Subscriure&#8217;s a la nostra Newsletter<\/strong><\/p>\t\t\t\t\t\t\t\t<\/div>\n\t\t\t\t<\/div>\n\t\t\t\t<div class=\"elementor-element elementor-element-29380e61 elementor-widget elementor-widget-text-editor\" data-id=\"29380e61\" data-element_type=\"widget\" data-e-type=\"widget\" data-widget_type=\"text-editor.default\">\n\t\t\t\t<div class=\"elementor-widget-container\">\n\t\t\t\t\t\t\t\t\t<p style=\"text-align: center;\">Click aqu\u00ed per descarregar el document:\u00a0<a href=\"https:\/\/www.google.es\/url?sa=t&amp;rct=j&amp;q=&amp;esrc=s&amp;source=web&amp;cd=2&amp;ved=0ahUKEwiauuXKhcvKAhXKCBoKHb3RB-kQFggoMAE&amp;url=http:\/\/diposit.ub.edu\/dspace\/bitstream\/2445\/65846\/7\/XIJornadesEmocional17juny15.pdf&amp;usg=AFQjCNFuMfR16mOCJflF9r6DlcKFOLqVhw&amp;sig2=AywOBY0oaaE88ikTboGQOQ&amp;cad=rja\" target=\"_blank\" rel=\"noopener\"> Llibre de Comunicacions de les XI Jornades d\u2019Educaci\u00f3 Emocional i Fam\u00edlia<\/a><\/p><p style=\"text-align: center;\">Click aqu\u00ed per descarregar l&#8217;article:<br \/><a href=\"https:\/\/www.dropbox.com\/s\/12lizjl6p3ni1mh\/2015_Inclusion_de_la_educacion_emocional_dentro_del_proyecto_de_centro.pdf?dl=0\" target=\"_blank\" rel=\"noopener\">Inclusi\u00f3 de l\u2019Educaci\u00f3 Emocional dins del projecte de centre<\/a><\/p>\t\t\t\t\t\t\t\t<\/div>\n\t\t\t\t<\/div>\n\t\t\t\t\t<\/div>\n\t\t<\/div>\n\t\t\t\t\t<\/div>\n\t\t<\/section>\n\t\t\t\t<div class=\"elementor-element elementor-element-0380849 elementor-widget elementor-widget-text-editor\" data-id=\"0380849\" data-element_type=\"widget\" data-e-type=\"widget\" data-widget_type=\"text-editor.default\">\n\t\t\t\t<div class=\"elementor-widget-container\">\n\t\t\t\t\t\t\t\t\t<header class=\"vc_cta3-content-header\"><p style=\"text-align: center;\">CUANDO HABLAMOS DE EDUCACI\u00d3N EMOCIONAL&#8230;<\/p><section class=\"vc_cta3-container\"><div class=\"vc_general vc_cta3 vc_cta3-style-classic vc_cta3-shape-rounded vc_cta3-align-left vc_cta3-color-classic vc_cta3-icon-size-md\"><div class=\"vc_cta3_content-container\"><div class=\"vc_cta3-content\"><p style=\"text-align: center;\">Hablamos del desarrollo de las habilidades socioemocionales que activan nuestra inteligencia con el fin de generar bienestar interno, como seres humanos integrales, y externo, en la comunidad<\/p><\/div><\/div><\/div><\/section><\/header>\t\t\t\t\t\t\t\t<\/div>\n\t\t\t\t<\/div>\n\t\t\t\t<div class=\"elementor-element elementor-element-17559009 elementor-widget elementor-widget-text-editor\" data-id=\"17559009\" data-element_type=\"widget\" data-e-type=\"widget\" data-widget_type=\"text-editor.default\">\n\t\t\t\t<div class=\"elementor-widget-container\">\n\t\t\t\t\t\t\t\t\t<p>Bibliograf\u00eda:<\/p><div class=\"wpb_text_column wpb_content_element \" style=\"color: #868686; font-family: Roboto; font-size: 15px; font-style: normal; font-variant-ligatures: normal; font-variant-caps: normal; font-weight: 400;\"><div class=\"wpb_wrapper\"><ul style=\"margin-top: 0px; margin-bottom: 0px;\"><li style=\"text-align: justify;\">Orteg\u00f3n R.A; Porrini, C y Juli\u00e0, O (2015). Inclusi\u00f3n de la educaci\u00f3n\u00a0<span class=\"il\">emocional<\/span>\u00a0dentro del proyecto de centro,\u00a0<span class=\"il\">una<\/span>\u00a0intervenci\u00f3n integral. En:\u00a0<i>XI jornadas de educaci\u00f3n<span class=\"il\">emocional<\/span>\u00a0y familia<\/i>. Universidad de Barcelona.<\/li><\/ul><\/div><\/div><p>\u00a0<\/p>\t\t\t\t\t\t\t\t<\/div>\n\t\t\t\t<\/div>\n\t\t\t\t<div class=\"elementor-element elementor-element-26f563c elementor-widget elementor-widget-text-editor\" data-id=\"26f563c\" data-element_type=\"widget\" data-e-type=\"widget\" data-widget_type=\"text-editor.default\">\n\t\t\t\t<div class=\"elementor-widget-container\">\n\t\t\t\t\t\t\t\t\t<div class=\"entry-content clearfix\"><div class=\"fullwidth\"><div class=\"vc_row wpb_row vc_row-fluid\"><div class=\"wpb_column vc_column_container vc_col-sm-12\"><div class=\"vc_column-inner \"><div class=\"wpb_wrapper\"><div class=\"fullwidth\"><div class=\"vc_row wpb_row vc_inner vc_row-fluid\"><div class=\"wpb_column vc_column_container vc_col-sm-6\"><div class=\"vc_column-inner \"><div class=\"wpb_wrapper\"><div class=\"wpb_text_column wpb_content_element \"><div class=\"wpb_wrapper\"><h2 style=\"text-align: center;\"><span style=\"color: #ff6600;\">CONTRACTA UN PROJECTE INTEGRAL AMB NOSALTRES!<\/span><\/h2><\/div><\/div><\/div><\/div><\/div><\/div><\/div><\/div><\/div><\/div><\/div><\/div><\/div>\t\t\t\t\t\t\t\t<\/div>\n\t\t\t\t<\/div>\n\t\t\t\t<div class=\"elementor-element elementor-element-74b7e9a elementor-align-center elementor-widget elementor-widget-button\" data-id=\"74b7e9a\" data-element_type=\"widget\" data-e-type=\"widget\" data-widget_type=\"button.default\">\n\t\t\t\t<div class=\"elementor-widget-container\">\n\t\t\t\t\t\t\t\t\t<div class=\"elementor-button-wrapper\">\n\t\t\t\t\t<a class=\"elementor-button elementor-button-link elementor-size-sm\" href=\"http:\/\/salutieducacioemocional.com\/ca\/projectes-educatius\/\">\n\t\t\t\t\t\t<span class=\"elementor-button-content-wrapper\">\n\t\t\t\t\t\t\t\t\t<span class=\"elementor-button-text\">Projectes Educatius<\/span>\n\t\t\t\t\t<\/span>\n\t\t\t\t\t<\/a>\n\t\t\t\t<\/div>\n\t\t\t\t\t\t\t\t<\/div>\n\t\t\t\t<\/div>\n\t\t\t\t\t<\/div>\n\t\t<\/div>\n\t\t\t\t\t<\/div>\n\t\t<\/section>\n\t\t\t\t<\/div>\n\t\t","protected":false},"excerpt":{"rendered":"<p>Article | Inclusi\u00f3 de l&#8217;Educaci\u00f3 Emocional dins del projecte de centre EXPERI\u00c8NCIA EN EL TREBALL D\u2019INCLUSI\u00d3 DE L\u2019ED. EMOCIONAL DINS EL PROGRAMA D\u2019ACCI\u00d3N TUTORIAL Compartim l\u2019article \u201cInclusi\u00f3 de l\u2019educaci\u00f3 emocional dins el projecte de centre, una intervenci\u00f3 integral\u201d, presentat a les XI Jornades d\u2019Educaci\u00f3 Emocional i Fam\u00edlia (2015) de la Universitat de Barcelona organitzades pel [&hellip;]<\/p>\n","protected":false},"author":1,"featured_media":1664,"comment_status":"open","ping_status":"open","sticky":false,"template":"elementor_header_footer","format":"standard","meta":{"footnotes":""},"categories":[54],"tags":[102,100],"class_list":["post-1663","post","type-post","status-publish","format-standard","has-post-thumbnail","hentry","category-biblioteca","tag-article-academic","tag-educacio-emocional"],"yoast_head":"<!-- This site is optimized with the Yoast SEO plugin v27.4 - https:\/\/yoast.com\/product\/yoast-seo-wordpress\/ -->\n<title>Article | Inclusi\u00f3 de l&#039;Educaci\u00f3 Emocional dins del projecte de centre - SEER<\/title>\n<meta name=\"robots\" content=\"index, follow, max-snippet:-1, max-image-preview:large, max-video-preview:-1\" \/>\n<link rel=\"canonical\" href=\"https:\/\/salutieducacioemocional.com\/ca\/biblioteca\/article-inclusio-educacio-emocional-projecte-centre\/\" \/>\n<meta property=\"og:locale\" content=\"ca_ES\" \/>\n<meta property=\"og:type\" content=\"article\" \/>\n<meta property=\"og:title\" content=\"Article | Inclusi\u00f3 de l&#039;Educaci\u00f3 Emocional dins del projecte de centre - SEER\" \/>\n<meta property=\"og:description\" content=\"Article | Inclusi\u00f3 de l&#8217;Educaci\u00f3 Emocional dins del projecte de centre EXPERI\u00c8NCIA EN EL TREBALL D\u2019INCLUSI\u00d3 DE L\u2019ED. EMOCIONAL DINS EL PROGRAMA D\u2019ACCI\u00d3N TUTORIAL Compartim l\u2019article \u201cInclusi\u00f3 de l\u2019educaci\u00f3 emocional dins el projecte de centre, una intervenci\u00f3 integral\u201d, presentat a les XI Jornades d\u2019Educaci\u00f3 Emocional i Fam\u00edlia (2015) de la Universitat de Barcelona organitzades pel [&hellip;]\" \/>\n<meta property=\"og:url\" content=\"https:\/\/salutieducacioemocional.com\/ca\/biblioteca\/article-inclusio-educacio-emocional-projecte-centre\/\" \/>\n<meta property=\"og:site_name\" content=\"SEER\" \/>\n<meta property=\"article:publisher\" content=\"https:\/\/www.facebook.com\/equipseer\" \/>\n<meta property=\"article:published_time\" content=\"2018-12-29T13:30:53+00:00\" \/>\n<meta property=\"article:modified_time\" content=\"2021-04-19T14:39:17+00:00\" \/>\n<meta property=\"og:image\" content=\"https:\/\/salutieducacioemocional.com\/wp-content\/uploads\/2018\/12\/inclusio-educacio-emocional-projecte-centre.jpg\" \/>\n\t<meta property=\"og:image:width\" content=\"1066\" \/>\n\t<meta property=\"og:image:height\" content=\"770\" \/>\n\t<meta property=\"og:image:type\" content=\"image\/jpeg\" \/>\n<meta name=\"author\" content=\"EquipSEER\" \/>\n<meta name=\"twitter:card\" content=\"summary_large_image\" \/>\n<meta name=\"twitter:creator\" content=\"@equipseer\" \/>\n<meta name=\"twitter:site\" content=\"@equipseer\" \/>\n<script type=\"application\/ld+json\" class=\"yoast-schema-graph\">{\"@context\":\"https:\\\/\\\/schema.org\",\"@graph\":[{\"@type\":\"Article\",\"@id\":\"https:\\\/\\\/salutieducacioemocional.com\\\/ca\\\/biblioteca\\\/article-inclusio-educacio-emocional-projecte-centre\\\/#article\",\"isPartOf\":{\"@id\":\"https:\\\/\\\/salutieducacioemocional.com\\\/ca\\\/biblioteca\\\/article-inclusio-educacio-emocional-projecte-centre\\\/\"},\"author\":{\"name\":\"EquipSEER\",\"@id\":\"https:\\\/\\\/salutieducacioemocional.com\\\/#\\\/schema\\\/person\\\/5ff9b86498e028c736f70cf273bbd8be\"},\"headline\":\"Article | Inclusi\u00f3 de l&#8217;Educaci\u00f3 Emocional dins del projecte de centre\",\"datePublished\":\"2018-12-29T13:30:53+00:00\",\"dateModified\":\"2021-04-19T14:39:17+00:00\",\"mainEntityOfPage\":{\"@id\":\"https:\\\/\\\/salutieducacioemocional.com\\\/ca\\\/biblioteca\\\/article-inclusio-educacio-emocional-projecte-centre\\\/\"},\"wordCount\":266,\"commentCount\":0,\"publisher\":{\"@id\":\"https:\\\/\\\/salutieducacioemocional.com\\\/#organization\"},\"image\":{\"@id\":\"https:\\\/\\\/salutieducacioemocional.com\\\/ca\\\/biblioteca\\\/article-inclusio-educacio-emocional-projecte-centre\\\/#primaryimage\"},\"thumbnailUrl\":\"https:\\\/\\\/salutieducacioemocional.com\\\/wp-content\\\/uploads\\\/2018\\\/12\\\/inclusio-educacio-emocional-projecte-centre.jpg\",\"keywords\":[\"Article acad\u00e8mic\",\"Educaci\u00f3 Emocional\"],\"articleSection\":[\"Biblioteca\"],\"inLanguage\":\"ca\",\"potentialAction\":[{\"@type\":\"CommentAction\",\"name\":\"Comment\",\"target\":[\"https:\\\/\\\/salutieducacioemocional.com\\\/ca\\\/biblioteca\\\/article-inclusio-educacio-emocional-projecte-centre\\\/#respond\"]}]},{\"@type\":\"WebPage\",\"@id\":\"https:\\\/\\\/salutieducacioemocional.com\\\/ca\\\/biblioteca\\\/article-inclusio-educacio-emocional-projecte-centre\\\/\",\"url\":\"https:\\\/\\\/salutieducacioemocional.com\\\/ca\\\/biblioteca\\\/article-inclusio-educacio-emocional-projecte-centre\\\/\",\"name\":\"Article | Inclusi\u00f3 de l'Educaci\u00f3 Emocional dins del projecte de centre - SEER\",\"isPartOf\":{\"@id\":\"https:\\\/\\\/salutieducacioemocional.com\\\/#website\"},\"primaryImageOfPage\":{\"@id\":\"https:\\\/\\\/salutieducacioemocional.com\\\/ca\\\/biblioteca\\\/article-inclusio-educacio-emocional-projecte-centre\\\/#primaryimage\"},\"image\":{\"@id\":\"https:\\\/\\\/salutieducacioemocional.com\\\/ca\\\/biblioteca\\\/article-inclusio-educacio-emocional-projecte-centre\\\/#primaryimage\"},\"thumbnailUrl\":\"https:\\\/\\\/salutieducacioemocional.com\\\/wp-content\\\/uploads\\\/2018\\\/12\\\/inclusio-educacio-emocional-projecte-centre.jpg\",\"datePublished\":\"2018-12-29T13:30:53+00:00\",\"dateModified\":\"2021-04-19T14:39:17+00:00\",\"breadcrumb\":{\"@id\":\"https:\\\/\\\/salutieducacioemocional.com\\\/ca\\\/biblioteca\\\/article-inclusio-educacio-emocional-projecte-centre\\\/#breadcrumb\"},\"inLanguage\":\"ca\",\"potentialAction\":[{\"@type\":\"ReadAction\",\"target\":[\"https:\\\/\\\/salutieducacioemocional.com\\\/ca\\\/biblioteca\\\/article-inclusio-educacio-emocional-projecte-centre\\\/\"]}]},{\"@type\":\"ImageObject\",\"inLanguage\":\"ca\",\"@id\":\"https:\\\/\\\/salutieducacioemocional.com\\\/ca\\\/biblioteca\\\/article-inclusio-educacio-emocional-projecte-centre\\\/#primaryimage\",\"url\":\"https:\\\/\\\/salutieducacioemocional.com\\\/wp-content\\\/uploads\\\/2018\\\/12\\\/inclusio-educacio-emocional-projecte-centre.jpg\",\"contentUrl\":\"https:\\\/\\\/salutieducacioemocional.com\\\/wp-content\\\/uploads\\\/2018\\\/12\\\/inclusio-educacio-emocional-projecte-centre.jpg\",\"width\":1066,\"height\":770},{\"@type\":\"BreadcrumbList\",\"@id\":\"https:\\\/\\\/salutieducacioemocional.com\\\/ca\\\/biblioteca\\\/article-inclusio-educacio-emocional-projecte-centre\\\/#breadcrumb\",\"itemListElement\":[{\"@type\":\"ListItem\",\"position\":1,\"name\":\"Portada\",\"item\":\"https:\\\/\\\/salutieducacioemocional.com\\\/\"},{\"@type\":\"ListItem\",\"position\":2,\"name\":\"Article | Inclusi\u00f3 de l&#8217;Educaci\u00f3 Emocional dins del projecte de centre\"}]},{\"@type\":\"WebSite\",\"@id\":\"https:\\\/\\\/salutieducacioemocional.com\\\/#website\",\"url\":\"https:\\\/\\\/salutieducacioemocional.com\\\/\",\"name\":\"SEER\",\"description\":\"Salut i Educaci\u00f3 Emocional\",\"publisher\":{\"@id\":\"https:\\\/\\\/salutieducacioemocional.com\\\/#organization\"},\"potentialAction\":[{\"@type\":\"SearchAction\",\"target\":{\"@type\":\"EntryPoint\",\"urlTemplate\":\"https:\\\/\\\/salutieducacioemocional.com\\\/?s={search_term_string}\"},\"query-input\":{\"@type\":\"PropertyValueSpecification\",\"valueRequired\":true,\"valueName\":\"search_term_string\"}}],\"inLanguage\":\"ca\"},{\"@type\":\"Organization\",\"@id\":\"https:\\\/\\\/salutieducacioemocional.com\\\/#organization\",\"name\":\"Salut i Educaci\u00f3 Emocional S.L\",\"alternateName\":\"SEER\",\"url\":\"https:\\\/\\\/salutieducacioemocional.com\\\/\",\"logo\":{\"@type\":\"ImageObject\",\"inLanguage\":\"ca\",\"@id\":\"https:\\\/\\\/salutieducacioemocional.com\\\/#\\\/schema\\\/logo\\\/image\\\/\",\"url\":\"https:\\\/\\\/salutieducacioemocional.com\\\/wp-content\\\/uploads\\\/2018\\\/12\\\/cropped-educacion-emocional-seer-e1545471861400.png\",\"contentUrl\":\"https:\\\/\\\/salutieducacioemocional.com\\\/wp-content\\\/uploads\\\/2018\\\/12\\\/cropped-educacion-emocional-seer-e1545471861400.png\",\"width\":200,\"height\":78,\"caption\":\"Salut i Educaci\u00f3 Emocional S.L\"},\"image\":{\"@id\":\"https:\\\/\\\/salutieducacioemocional.com\\\/#\\\/schema\\\/logo\\\/image\\\/\"},\"sameAs\":[\"https:\\\/\\\/www.facebook.com\\\/equipseer\",\"https:\\\/\\\/x.com\\\/equipseer\",\"https:\\\/\\\/www.instagram.com\\\/equipseer\\\/\",\"https:\\\/\\\/www.linkedin.com\\\/company\\\/9231569\\\/admin\\\/\",\"https:\\\/\\\/www.youtube.com\\\/@equipseer\",\"https:\\\/\\\/t.me\\\/seer_info\"]},{\"@type\":\"Person\",\"@id\":\"https:\\\/\\\/salutieducacioemocional.com\\\/#\\\/schema\\\/person\\\/5ff9b86498e028c736f70cf273bbd8be\",\"name\":\"EquipSEER\",\"image\":{\"@type\":\"ImageObject\",\"inLanguage\":\"ca\",\"@id\":\"https:\\\/\\\/secure.gravatar.com\\\/avatar\\\/a791e1b54851c4df706081fe7247ada89b2947f29168abc2ebfb33461f537949?s=96&d=mm&r=g\",\"url\":\"https:\\\/\\\/secure.gravatar.com\\\/avatar\\\/a791e1b54851c4df706081fe7247ada89b2947f29168abc2ebfb33461f537949?s=96&d=mm&r=g\",\"contentUrl\":\"https:\\\/\\\/secure.gravatar.com\\\/avatar\\\/a791e1b54851c4df706081fe7247ada89b2947f29168abc2ebfb33461f537949?s=96&d=mm&r=g\",\"caption\":\"EquipSEER\"},\"url\":\"https:\\\/\\\/salutieducacioemocional.com\\\/ca\\\/author\\\/salutnueva\\\/\"}]}<\/script>\n<!-- \/ Yoast SEO plugin. -->","yoast_head_json":{"title":"Article | Inclusi\u00f3 de l'Educaci\u00f3 Emocional dins del projecte de centre - SEER","robots":{"index":"index","follow":"follow","max-snippet":"max-snippet:-1","max-image-preview":"max-image-preview:large","max-video-preview":"max-video-preview:-1"},"canonical":"https:\/\/salutieducacioemocional.com\/ca\/biblioteca\/article-inclusio-educacio-emocional-projecte-centre\/","og_locale":"ca_ES","og_type":"article","og_title":"Article | Inclusi\u00f3 de l'Educaci\u00f3 Emocional dins del projecte de centre - SEER","og_description":"Article | Inclusi\u00f3 de l&#8217;Educaci\u00f3 Emocional dins del projecte de centre EXPERI\u00c8NCIA EN EL TREBALL D\u2019INCLUSI\u00d3 DE L\u2019ED. EMOCIONAL DINS EL PROGRAMA D\u2019ACCI\u00d3N TUTORIAL Compartim l\u2019article \u201cInclusi\u00f3 de l\u2019educaci\u00f3 emocional dins el projecte de centre, una intervenci\u00f3 integral\u201d, presentat a les XI Jornades d\u2019Educaci\u00f3 Emocional i Fam\u00edlia (2015) de la Universitat de Barcelona organitzades pel [&hellip;]","og_url":"https:\/\/salutieducacioemocional.com\/ca\/biblioteca\/article-inclusio-educacio-emocional-projecte-centre\/","og_site_name":"SEER","article_publisher":"https:\/\/www.facebook.com\/equipseer","article_published_time":"2018-12-29T13:30:53+00:00","article_modified_time":"2021-04-19T14:39:17+00:00","og_image":[{"width":1066,"height":770,"url":"https:\/\/salutieducacioemocional.com\/wp-content\/uploads\/2018\/12\/inclusio-educacio-emocional-projecte-centre.jpg","type":"image\/jpeg"}],"author":"EquipSEER","twitter_card":"summary_large_image","twitter_creator":"@equipseer","twitter_site":"@equipseer","schema":{"@context":"https:\/\/schema.org","@graph":[{"@type":"Article","@id":"https:\/\/salutieducacioemocional.com\/ca\/biblioteca\/article-inclusio-educacio-emocional-projecte-centre\/#article","isPartOf":{"@id":"https:\/\/salutieducacioemocional.com\/ca\/biblioteca\/article-inclusio-educacio-emocional-projecte-centre\/"},"author":{"name":"EquipSEER","@id":"https:\/\/salutieducacioemocional.com\/#\/schema\/person\/5ff9b86498e028c736f70cf273bbd8be"},"headline":"Article | Inclusi\u00f3 de l&#8217;Educaci\u00f3 Emocional dins del projecte de centre","datePublished":"2018-12-29T13:30:53+00:00","dateModified":"2021-04-19T14:39:17+00:00","mainEntityOfPage":{"@id":"https:\/\/salutieducacioemocional.com\/ca\/biblioteca\/article-inclusio-educacio-emocional-projecte-centre\/"},"wordCount":266,"commentCount":0,"publisher":{"@id":"https:\/\/salutieducacioemocional.com\/#organization"},"image":{"@id":"https:\/\/salutieducacioemocional.com\/ca\/biblioteca\/article-inclusio-educacio-emocional-projecte-centre\/#primaryimage"},"thumbnailUrl":"https:\/\/salutieducacioemocional.com\/wp-content\/uploads\/2018\/12\/inclusio-educacio-emocional-projecte-centre.jpg","keywords":["Article acad\u00e8mic","Educaci\u00f3 Emocional"],"articleSection":["Biblioteca"],"inLanguage":"ca","potentialAction":[{"@type":"CommentAction","name":"Comment","target":["https:\/\/salutieducacioemocional.com\/ca\/biblioteca\/article-inclusio-educacio-emocional-projecte-centre\/#respond"]}]},{"@type":"WebPage","@id":"https:\/\/salutieducacioemocional.com\/ca\/biblioteca\/article-inclusio-educacio-emocional-projecte-centre\/","url":"https:\/\/salutieducacioemocional.com\/ca\/biblioteca\/article-inclusio-educacio-emocional-projecte-centre\/","name":"Article | Inclusi\u00f3 de l'Educaci\u00f3 Emocional dins del projecte de centre - SEER","isPartOf":{"@id":"https:\/\/salutieducacioemocional.com\/#website"},"primaryImageOfPage":{"@id":"https:\/\/salutieducacioemocional.com\/ca\/biblioteca\/article-inclusio-educacio-emocional-projecte-centre\/#primaryimage"},"image":{"@id":"https:\/\/salutieducacioemocional.com\/ca\/biblioteca\/article-inclusio-educacio-emocional-projecte-centre\/#primaryimage"},"thumbnailUrl":"https:\/\/salutieducacioemocional.com\/wp-content\/uploads\/2018\/12\/inclusio-educacio-emocional-projecte-centre.jpg","datePublished":"2018-12-29T13:30:53+00:00","dateModified":"2021-04-19T14:39:17+00:00","breadcrumb":{"@id":"https:\/\/salutieducacioemocional.com\/ca\/biblioteca\/article-inclusio-educacio-emocional-projecte-centre\/#breadcrumb"},"inLanguage":"ca","potentialAction":[{"@type":"ReadAction","target":["https:\/\/salutieducacioemocional.com\/ca\/biblioteca\/article-inclusio-educacio-emocional-projecte-centre\/"]}]},{"@type":"ImageObject","inLanguage":"ca","@id":"https:\/\/salutieducacioemocional.com\/ca\/biblioteca\/article-inclusio-educacio-emocional-projecte-centre\/#primaryimage","url":"https:\/\/salutieducacioemocional.com\/wp-content\/uploads\/2018\/12\/inclusio-educacio-emocional-projecte-centre.jpg","contentUrl":"https:\/\/salutieducacioemocional.com\/wp-content\/uploads\/2018\/12\/inclusio-educacio-emocional-projecte-centre.jpg","width":1066,"height":770},{"@type":"BreadcrumbList","@id":"https:\/\/salutieducacioemocional.com\/ca\/biblioteca\/article-inclusio-educacio-emocional-projecte-centre\/#breadcrumb","itemListElement":[{"@type":"ListItem","position":1,"name":"Portada","item":"https:\/\/salutieducacioemocional.com\/"},{"@type":"ListItem","position":2,"name":"Article | Inclusi\u00f3 de l&#8217;Educaci\u00f3 Emocional dins del projecte de centre"}]},{"@type":"WebSite","@id":"https:\/\/salutieducacioemocional.com\/#website","url":"https:\/\/salutieducacioemocional.com\/","name":"SEER","description":"Salut i Educaci\u00f3 Emocional","publisher":{"@id":"https:\/\/salutieducacioemocional.com\/#organization"},"potentialAction":[{"@type":"SearchAction","target":{"@type":"EntryPoint","urlTemplate":"https:\/\/salutieducacioemocional.com\/?s={search_term_string}"},"query-input":{"@type":"PropertyValueSpecification","valueRequired":true,"valueName":"search_term_string"}}],"inLanguage":"ca"},{"@type":"Organization","@id":"https:\/\/salutieducacioemocional.com\/#organization","name":"Salut i Educaci\u00f3 Emocional S.L","alternateName":"SEER","url":"https:\/\/salutieducacioemocional.com\/","logo":{"@type":"ImageObject","inLanguage":"ca","@id":"https:\/\/salutieducacioemocional.com\/#\/schema\/logo\/image\/","url":"https:\/\/salutieducacioemocional.com\/wp-content\/uploads\/2018\/12\/cropped-educacion-emocional-seer-e1545471861400.png","contentUrl":"https:\/\/salutieducacioemocional.com\/wp-content\/uploads\/2018\/12\/cropped-educacion-emocional-seer-e1545471861400.png","width":200,"height":78,"caption":"Salut i Educaci\u00f3 Emocional S.L"},"image":{"@id":"https:\/\/salutieducacioemocional.com\/#\/schema\/logo\/image\/"},"sameAs":["https:\/\/www.facebook.com\/equipseer","https:\/\/x.com\/equipseer","https:\/\/www.instagram.com\/equipseer\/","https:\/\/www.linkedin.com\/company\/9231569\/admin\/","https:\/\/www.youtube.com\/@equipseer","https:\/\/t.me\/seer_info"]},{"@type":"Person","@id":"https:\/\/salutieducacioemocional.com\/#\/schema\/person\/5ff9b86498e028c736f70cf273bbd8be","name":"EquipSEER","image":{"@type":"ImageObject","inLanguage":"ca","@id":"https:\/\/secure.gravatar.com\/avatar\/a791e1b54851c4df706081fe7247ada89b2947f29168abc2ebfb33461f537949?s=96&d=mm&r=g","url":"https:\/\/secure.gravatar.com\/avatar\/a791e1b54851c4df706081fe7247ada89b2947f29168abc2ebfb33461f537949?s=96&d=mm&r=g","contentUrl":"https:\/\/secure.gravatar.com\/avatar\/a791e1b54851c4df706081fe7247ada89b2947f29168abc2ebfb33461f537949?s=96&d=mm&r=g","caption":"EquipSEER"},"url":"https:\/\/salutieducacioemocional.com\/ca\/author\/salutnueva\/"}]}},"_links":{"self":[{"href":"https:\/\/salutieducacioemocional.com\/ca\/wp-json\/wp\/v2\/posts\/1663","targetHints":{"allow":["GET"]}}],"collection":[{"href":"https:\/\/salutieducacioemocional.com\/ca\/wp-json\/wp\/v2\/posts"}],"about":[{"href":"https:\/\/salutieducacioemocional.com\/ca\/wp-json\/wp\/v2\/types\/post"}],"author":[{"embeddable":true,"href":"https:\/\/salutieducacioemocional.com\/ca\/wp-json\/wp\/v2\/users\/1"}],"replies":[{"embeddable":true,"href":"https:\/\/salutieducacioemocional.com\/ca\/wp-json\/wp\/v2\/comments?post=1663"}],"version-history":[{"count":16,"href":"https:\/\/salutieducacioemocional.com\/ca\/wp-json\/wp\/v2\/posts\/1663\/revisions"}],"predecessor-version":[{"id":7274,"href":"https:\/\/salutieducacioemocional.com\/ca\/wp-json\/wp\/v2\/posts\/1663\/revisions\/7274"}],"wp:featuredmedia":[{"embeddable":true,"href":"https:\/\/salutieducacioemocional.com\/ca\/wp-json\/wp\/v2\/media\/1664"}],"wp:attachment":[{"href":"https:\/\/salutieducacioemocional.com\/ca\/wp-json\/wp\/v2\/media?parent=1663"}],"wp:term":[{"taxonomy":"category","embeddable":true,"href":"https:\/\/salutieducacioemocional.com\/ca\/wp-json\/wp\/v2\/categories?post=1663"},{"taxonomy":"post_tag","embeddable":true,"href":"https:\/\/salutieducacioemocional.com\/ca\/wp-json\/wp\/v2\/tags?post=1663"}],"curies":[{"name":"wp","href":"https:\/\/api.w.org\/{rel}","templated":true}]}}