{"id":1674,"date":"2018-12-29T14:11:43","date_gmt":"2018-12-29T14:11:43","guid":{"rendered":"http:\/\/salutieducacioemocional.com\/?p=1674"},"modified":"2021-04-19T14:38:50","modified_gmt":"2021-04-19T14:38:50","slug":"vrt-metodologia-educacio-emocional-i-en-valors","status":"publish","type":"post","link":"https:\/\/salutieducacioemocional.com\/ca\/biblioteca\/vrt-metodologia-educacio-emocional-i-en-valors\/","title":{"rendered":"Article | V-R-T: Una metodologia d\u2019Educaci\u00f3 Emocional i en Valors"},"content":{"rendered":"\t\t<div data-elementor-type=\"wp-post\" data-elementor-id=\"1674\" class=\"elementor elementor-1674\" data-elementor-post-type=\"post\">\n\t\t\t\t\t\t<section class=\"elementor-section elementor-top-section elementor-element elementor-element-1723d2c8 elementor-section-boxed elementor-section-height-default elementor-section-height-default\" data-id=\"1723d2c8\" data-element_type=\"section\" data-e-type=\"section\">\n\t\t\t\t\t\t<div class=\"elementor-container elementor-column-gap-default\">\n\t\t\t\t\t<div class=\"elementor-column elementor-col-100 elementor-top-column elementor-element elementor-element-76d842dd\" data-id=\"76d842dd\" data-element_type=\"column\" data-e-type=\"column\">\n\t\t\t<div class=\"elementor-widget-wrap elementor-element-populated\">\n\t\t\t\t\t\t<div class=\"elementor-element elementor-element-60aa9a81 elementor-widget elementor-widget-heading\" data-id=\"60aa9a81\" data-element_type=\"widget\" data-e-type=\"widget\" data-widget_type=\"heading.default\">\n\t\t\t\t<div class=\"elementor-widget-container\">\n\t\t\t\t\t<h1 class=\"elementor-heading-title elementor-size-large\">Article | V-R-T: Una metodologia d\u2019Educaci\u00f3 Emocional i en Valors<\/h1>\t\t\t\t<\/div>\n\t\t\t\t<\/div>\n\t\t\t\t<div class=\"elementor-element elementor-element-4372482e elementor-widget-divider--view-line elementor-widget elementor-widget-divider\" data-id=\"4372482e\" data-element_type=\"widget\" data-e-type=\"widget\" data-widget_type=\"divider.default\">\n\t\t\t\t<div class=\"elementor-widget-container\">\n\t\t\t\t\t\t\t<div class=\"elementor-divider\">\n\t\t\t<span class=\"elementor-divider-separator\">\n\t\t\t\t\t\t<\/span>\n\t\t<\/div>\n\t\t\t\t\t\t<\/div>\n\t\t\t\t<\/div>\n\t\t\t\t\t<\/div>\n\t\t<\/div>\n\t\t\t\t\t<\/div>\n\t\t<\/section>\n\t\t\t\t<section class=\"elementor-section elementor-top-section elementor-element elementor-element-27fccce4 elementor-section-boxed elementor-section-height-default elementor-section-height-default\" data-id=\"27fccce4\" data-element_type=\"section\" data-e-type=\"section\">\n\t\t\t\t\t\t<div class=\"elementor-container elementor-column-gap-default\">\n\t\t\t\t\t<div class=\"elementor-column elementor-col-100 elementor-top-column elementor-element elementor-element-606ff1b2\" data-id=\"606ff1b2\" data-element_type=\"column\" data-e-type=\"column\">\n\t\t\t<div class=\"elementor-widget-wrap elementor-element-populated\">\n\t\t\t\t\t\t<div class=\"elementor-element elementor-element-4d220196 elementor-widget elementor-widget-text-editor\" data-id=\"4d220196\" data-element_type=\"widget\" data-e-type=\"widget\" data-widget_type=\"text-editor.default\">\n\t\t\t\t<div class=\"elementor-widget-container\">\n\t\t\t\t\t\t\t\t\t<div class=\"wpb_text_column wpb_content_element \"><div class=\"wpb_wrapper\"><h2 style=\"text-align: center;\">METODOLOGIA PER EDUCAR EN EMOCIONS I EDUCAR EN VALORS<\/h2><\/div><\/div>\t\t\t\t\t\t\t\t<\/div>\n\t\t\t\t<\/div>\n\t\t\t\t<section class=\"elementor-section elementor-inner-section elementor-element elementor-element-1d9fbc9a elementor-section-boxed elementor-section-height-default elementor-section-height-default\" data-id=\"1d9fbc9a\" data-element_type=\"section\" data-e-type=\"section\">\n\t\t\t\t\t\t<div class=\"elementor-container elementor-column-gap-default\">\n\t\t\t\t\t<div class=\"elementor-column elementor-col-50 elementor-inner-column elementor-element elementor-element-24e939d4\" data-id=\"24e939d4\" data-element_type=\"column\" data-e-type=\"column\">\n\t\t\t<div class=\"elementor-widget-wrap elementor-element-populated\">\n\t\t\t\t\t\t<div class=\"elementor-element elementor-element-2a4e97e4 elementor-widget elementor-widget-text-editor\" data-id=\"2a4e97e4\" data-element_type=\"widget\" data-e-type=\"widget\" data-widget_type=\"text-editor.default\">\n\t\t\t\t<div class=\"elementor-widget-container\">\n\t\t\t\t\t\t\t\t\t<div class=\"wpb_text_column wpb_content_element \"><div class=\"wpb_wrapper\"><p>Us presentem aquest article que ha estat fruit del desenvolupament te\u00f2ric de la metodologia dins el m\u00e0ster d\u2019educaci\u00f3 en valors de l\u2019Universitat de Barcelona, cursat pel Carles Porrini, el nostre m\u00e9s valu\u00f3s pedagog i cap del Departament de Formaci\u00f3 de SEER.<\/p><\/div><\/div>\t\t\t\t\t\t\t\t<\/div>\n\t\t\t\t<\/div>\n\t\t\t\t\t<\/div>\n\t\t<\/div>\n\t\t\t\t<div class=\"elementor-column elementor-col-50 elementor-inner-column elementor-element elementor-element-7145ea74\" data-id=\"7145ea74\" data-element_type=\"column\" data-e-type=\"column\">\n\t\t\t<div class=\"elementor-widget-wrap elementor-element-populated\">\n\t\t\t\t\t\t<div class=\"elementor-element elementor-element-17e3a1b5 elementor-widget elementor-widget-image\" data-id=\"17e3a1b5\" data-element_type=\"widget\" data-e-type=\"widget\" data-widget_type=\"image.default\">\n\t\t\t\t<div class=\"elementor-widget-container\">\n\t\t\t\t\t\t\t\t\t\t\t\t\t\t\t<img fetchpriority=\"high\" decoding=\"async\" width=\"300\" height=\"300\" src=\"https:\/\/salutieducacioemocional.com\/wp-content\/uploads\/2018\/12\/vrt-motodologia-amb-valors-300x300.jpg\" class=\"attachment-medium size-medium wp-image-1675\" alt=\"\" srcset=\"https:\/\/salutieducacioemocional.com\/wp-content\/uploads\/2018\/12\/vrt-motodologia-amb-valors-300x300.jpg 300w, https:\/\/salutieducacioemocional.com\/wp-content\/uploads\/2018\/12\/vrt-motodologia-amb-valors-150x150.jpg 150w, https:\/\/salutieducacioemocional.com\/wp-content\/uploads\/2018\/12\/vrt-motodologia-amb-valors-600x600.jpg 600w, https:\/\/salutieducacioemocional.com\/wp-content\/uploads\/2018\/12\/vrt-motodologia-amb-valors-100x100.jpg 100w, https:\/\/salutieducacioemocional.com\/wp-content\/uploads\/2018\/12\/vrt-motodologia-amb-valors.jpg 650w\" sizes=\"(max-width: 300px) 100vw, 300px\" \/>\t\t\t\t\t\t\t\t\t\t\t\t\t\t\t<\/div>\n\t\t\t\t<\/div>\n\t\t\t\t\t<\/div>\n\t\t<\/div>\n\t\t\t\t\t<\/div>\n\t\t<\/section>\n\t\t\t\t<div class=\"elementor-element elementor-element-29294cee elementor-widget elementor-widget-text-editor\" data-id=\"29294cee\" data-element_type=\"widget\" data-e-type=\"widget\" data-widget_type=\"text-editor.default\">\n\t\t\t\t<div class=\"elementor-widget-container\">\n\t\t\t\t\t\t\t\t\t<section class=\"vc_cta3-container\"><div class=\"vc_general vc_cta3 vc_cta3-style-classic vc_cta3-shape-rounded vc_cta3-align-left vc_cta3-color-classic vc_cta3-icon-size-md\"><div class=\"vc_cta3_content-container\"><div class=\"vc_cta3-content\"><header class=\"vc_cta3-content-header\"><h2 style=\"text-align: center;\">VIVENCIAR \u2013 REFLEXIONAR \u2013 TRANSFERIR<\/h2><\/header><\/div><\/div><\/div><\/section>\t\t\t\t\t\t\t\t<\/div>\n\t\t\t\t<\/div>\n\t\t\t\t<div class=\"elementor-element elementor-element-c4807ff elementor-widget elementor-widget-text-editor\" data-id=\"c4807ff\" data-element_type=\"widget\" data-e-type=\"widget\" data-widget_type=\"text-editor.default\">\n\t\t\t\t<div class=\"elementor-widget-container\">\n\t\t\t\t\t\t\t\t\t<p style=\"text-align: center;\">Opcions per descarregar el material gratu\u00eft<\/p>\t\t\t\t\t\t\t\t<\/div>\n\t\t\t\t<\/div>\n\t\t\t\t<section class=\"elementor-section elementor-inner-section elementor-element elementor-element-1e4ae87b elementor-section-boxed elementor-section-height-default elementor-section-height-default\" data-id=\"1e4ae87b\" data-element_type=\"section\" data-e-type=\"section\">\n\t\t\t\t\t\t<div class=\"elementor-container elementor-column-gap-default\">\n\t\t\t\t\t<div class=\"elementor-column elementor-col-50 elementor-inner-column elementor-element elementor-element-50bdb10d\" data-id=\"50bdb10d\" data-element_type=\"column\" data-e-type=\"column\">\n\t\t\t<div class=\"elementor-widget-wrap elementor-element-populated\">\n\t\t\t\t\t\t<div class=\"elementor-element elementor-element-43c0799b elementor-widget elementor-widget-text-editor\" data-id=\"43c0799b\" data-element_type=\"widget\" data-e-type=\"widget\" data-widget_type=\"text-editor.default\">\n\t\t\t\t<div class=\"elementor-widget-container\">\n\t\t\t\t\t\t\t\t\t<p style=\"text-align: center;\"><strong>Fer una acci\u00f3 social<\/strong><\/p>\t\t\t\t\t\t\t\t<\/div>\n\t\t\t\t<\/div>\n\t\t\t\t<div class=\"elementor-element elementor-element-d776cbd elementor-widget elementor-widget-text-editor\" data-id=\"d776cbd\" data-element_type=\"widget\" data-e-type=\"widget\" data-widget_type=\"text-editor.default\">\n\t\t\t\t<div class=\"elementor-widget-container\">\n\t\t\t\t\t\t\t\t\t<p style=\"text-align: center;\"><a href=\"https:\/\/www.dropbox.com\/s\/ms1afh8xk58w15h\/VRT.pdf?dl=0\">Click aqu\u00ed per descarregar el document!<\/a><\/p>\t\t\t\t\t\t\t\t<\/div>\n\t\t\t\t<\/div>\n\t\t\t\t\t<\/div>\n\t\t<\/div>\n\t\t\t\t<div class=\"elementor-column elementor-col-50 elementor-inner-column elementor-element elementor-element-6ce53788\" data-id=\"6ce53788\" data-element_type=\"column\" data-e-type=\"column\">\n\t\t\t<div class=\"elementor-widget-wrap elementor-element-populated\">\n\t\t\t\t\t\t<div class=\"elementor-element elementor-element-372d433b elementor-widget elementor-widget-text-editor\" data-id=\"372d433b\" data-element_type=\"widget\" data-e-type=\"widget\" data-widget_type=\"text-editor.default\">\n\t\t\t\t<div class=\"elementor-widget-container\">\n\t\t\t\t\t\t\t\t\t<p style=\"text-align: center;\"><strong>Subscriure&#8217;s a la nostra Newsletter<\/strong><\/p>\t\t\t\t\t\t\t\t<\/div>\n\t\t\t\t<\/div>\n\t\t\t\t<div class=\"elementor-element elementor-element-7d0a6fdc elementor-widget elementor-widget-text-editor\" data-id=\"7d0a6fdc\" data-element_type=\"widget\" data-e-type=\"widget\" data-widget_type=\"text-editor.default\">\n\t\t\t\t<div class=\"elementor-widget-container\">\n\t\t\t\t\t\t\t\t\t<p style=\"text-align: center;\"><a href=\"https:\/\/www.dropbox.com\/s\/ms1afh8xk58w15h\/VRT.pdf?dl=0\">Click aqu\u00ed per descarregar el document!<\/a><\/p>\t\t\t\t\t\t\t\t<\/div>\n\t\t\t\t<\/div>\n\t\t\t\t\t<\/div>\n\t\t<\/div>\n\t\t\t\t\t<\/div>\n\t\t<\/section>\n\t\t\t\t<div class=\"elementor-element elementor-element-70586af6 elementor-widget elementor-widget-text-editor\" data-id=\"70586af6\" data-element_type=\"widget\" data-e-type=\"widget\" data-widget_type=\"text-editor.default\">\n\t\t\t\t<div class=\"elementor-widget-container\">\n\t\t\t\t\t\t\t\t\t<p>Bibliografia\u00a0<\/p><div class=\"entry-content clearfix\"><div class=\"fullwidth\"><div class=\"vc_row wpb_row vc_row-fluid\"><div class=\"wpb_column vc_column_container vc_col-sm-12\"><div class=\"vc_column-inner \"><div class=\"wpb_wrapper\"><div class=\"wpb_text_column wpb_content_element \"><div class=\"wpb_wrapper\"><ul><li>Porrini, C. (2013).\u00a0<i><span class=\"il\">VRT<\/span>:\u00a0<span class=\"il\">una<\/span>\u00a0<span class=\"il\">proposta<\/span>\u00a0<span class=\"il\">metodol\u00f2gica<\/span>\u00a0<span class=\"il\">d<\/span>\u2019<span class=\"il\">educaci\u00f3<\/span>\u00a0<span class=\"il\">emocional<\/span>\u00a0i\u00a0<span class=\"il\">d<\/span>\u2019<span class=\"il\">educaci\u00f3<\/span>\u00a0en\u00a0<span class=\"il\">valors<\/span><\/i>. (Article in\u00e8dit M\u00e0ster\u00a0<span class=\"il\">Educaci\u00f3<\/span>\u00a0en\u00a0<span class=\"il\">Valors<\/span>). Universitat de Barcelona. Barcelona.<\/li><\/ul><\/div><\/div><\/div><\/div><\/div><\/div><\/div><\/div><div class=\"entry-meta-tag-wrap social-share-hover\"><div class=\"social-share-wrap\">\u00a0<\/div><\/div>\t\t\t\t\t\t\t\t<\/div>\n\t\t\t\t<\/div>\n\t\t\t\t\t<\/div>\n\t\t<\/div>\n\t\t\t\t\t<\/div>\n\t\t<\/section>\n\t\t\t\t<\/div>\n\t\t","protected":false},"excerpt":{"rendered":"<p>Article | V-R-T: Una metodologia d\u2019Educaci\u00f3 Emocional i en Valors METODOLOGIA PER EDUCAR EN EMOCIONS I EDUCAR EN VALORS Us presentem aquest article que ha estat fruit del desenvolupament te\u00f2ric de la metodologia dins el m\u00e0ster d\u2019educaci\u00f3 en valors de l\u2019Universitat de Barcelona, cursat pel Carles Porrini, el nostre m\u00e9s valu\u00f3s pedagog i cap del [&hellip;]<\/p>\n","protected":false},"author":1,"featured_media":1675,"comment_status":"open","ping_status":"open","sticky":false,"template":"elementor_header_footer","format":"standard","meta":{"footnotes":""},"categories":[54],"tags":[105],"class_list":["post-1674","post","type-post","status-publish","format-standard","has-post-thumbnail","hentry","category-biblioteca","tag-metodologia-vrt"],"yoast_head":"<!-- This site is optimized with the Yoast SEO plugin v27.5 - https:\/\/yoast.com\/product\/yoast-seo-wordpress\/ -->\n<title>Article | V-R-T: Una metodologia d\u2019Educaci\u00f3 Emocional i en Valors - SEER<\/title>\n<meta name=\"robots\" content=\"index, follow, max-snippet:-1, max-image-preview:large, max-video-preview:-1\" \/>\n<link rel=\"canonical\" href=\"https:\/\/salutieducacioemocional.com\/ca\/biblioteca\/vrt-metodologia-educacio-emocional-i-en-valors\/\" \/>\n<meta property=\"og:locale\" content=\"ca_ES\" \/>\n<meta property=\"og:type\" content=\"article\" \/>\n<meta property=\"og:title\" content=\"Article | V-R-T: Una metodologia d\u2019Educaci\u00f3 Emocional i en Valors - SEER\" \/>\n<meta property=\"og:description\" content=\"Article | V-R-T: Una metodologia d\u2019Educaci\u00f3 Emocional i en Valors METODOLOGIA PER EDUCAR EN EMOCIONS I EDUCAR EN VALORS Us presentem aquest article que ha estat fruit del desenvolupament te\u00f2ric de la metodologia dins el m\u00e0ster d\u2019educaci\u00f3 en valors de l\u2019Universitat de Barcelona, cursat pel Carles Porrini, el nostre m\u00e9s valu\u00f3s pedagog i cap del [&hellip;]\" \/>\n<meta property=\"og:url\" content=\"https:\/\/salutieducacioemocional.com\/ca\/biblioteca\/vrt-metodologia-educacio-emocional-i-en-valors\/\" \/>\n<meta property=\"og:site_name\" content=\"SEER\" \/>\n<meta property=\"article:publisher\" content=\"https:\/\/www.facebook.com\/equipseer\" \/>\n<meta property=\"article:published_time\" content=\"2018-12-29T14:11:43+00:00\" \/>\n<meta property=\"article:modified_time\" content=\"2021-04-19T14:38:50+00:00\" \/>\n<meta property=\"og:image\" content=\"https:\/\/salutieducacioemocional.com\/wp-content\/uploads\/2018\/12\/vrt-motodologia-amb-valors.jpg\" \/>\n\t<meta property=\"og:image:width\" content=\"650\" \/>\n\t<meta property=\"og:image:height\" content=\"650\" \/>\n\t<meta property=\"og:image:type\" content=\"image\/jpeg\" \/>\n<meta name=\"author\" content=\"EquipSEER\" \/>\n<meta name=\"twitter:card\" content=\"summary_large_image\" \/>\n<meta name=\"twitter:creator\" content=\"@equipseer\" \/>\n<meta name=\"twitter:site\" content=\"@equipseer\" \/>\n<script type=\"application\/ld+json\" class=\"yoast-schema-graph\">{\"@context\":\"https:\\\/\\\/schema.org\",\"@graph\":[{\"@type\":\"Article\",\"@id\":\"https:\\\/\\\/salutieducacioemocional.com\\\/ca\\\/biblioteca\\\/vrt-metodologia-educacio-emocional-i-en-valors\\\/#article\",\"isPartOf\":{\"@id\":\"https:\\\/\\\/salutieducacioemocional.com\\\/ca\\\/biblioteca\\\/vrt-metodologia-educacio-emocional-i-en-valors\\\/\"},\"author\":{\"name\":\"EquipSEER\",\"@id\":\"https:\\\/\\\/salutieducacioemocional.com\\\/#\\\/schema\\\/person\\\/5ff9b86498e028c736f70cf273bbd8be\"},\"headline\":\"Article | V-R-T: Una metodologia d\u2019Educaci\u00f3 Emocional i en Valors\",\"datePublished\":\"2018-12-29T14:11:43+00:00\",\"dateModified\":\"2021-04-19T14:38:50+00:00\",\"mainEntityOfPage\":{\"@id\":\"https:\\\/\\\/salutieducacioemocional.com\\\/ca\\\/biblioteca\\\/vrt-metodologia-educacio-emocional-i-en-valors\\\/\"},\"wordCount\":136,\"commentCount\":0,\"publisher\":{\"@id\":\"https:\\\/\\\/salutieducacioemocional.com\\\/#organization\"},\"image\":{\"@id\":\"https:\\\/\\\/salutieducacioemocional.com\\\/ca\\\/biblioteca\\\/vrt-metodologia-educacio-emocional-i-en-valors\\\/#primaryimage\"},\"thumbnailUrl\":\"https:\\\/\\\/salutieducacioemocional.com\\\/wp-content\\\/uploads\\\/2018\\\/12\\\/vrt-motodologia-amb-valors.jpg\",\"keywords\":[\"Metodologia VRT\"],\"articleSection\":[\"Biblioteca\"],\"inLanguage\":\"ca\",\"potentialAction\":[{\"@type\":\"CommentAction\",\"name\":\"Comment\",\"target\":[\"https:\\\/\\\/salutieducacioemocional.com\\\/ca\\\/biblioteca\\\/vrt-metodologia-educacio-emocional-i-en-valors\\\/#respond\"]}]},{\"@type\":\"WebPage\",\"@id\":\"https:\\\/\\\/salutieducacioemocional.com\\\/ca\\\/biblioteca\\\/vrt-metodologia-educacio-emocional-i-en-valors\\\/\",\"url\":\"https:\\\/\\\/salutieducacioemocional.com\\\/ca\\\/biblioteca\\\/vrt-metodologia-educacio-emocional-i-en-valors\\\/\",\"name\":\"Article | V-R-T: Una metodologia d\u2019Educaci\u00f3 Emocional i en Valors - SEER\",\"isPartOf\":{\"@id\":\"https:\\\/\\\/salutieducacioemocional.com\\\/#website\"},\"primaryImageOfPage\":{\"@id\":\"https:\\\/\\\/salutieducacioemocional.com\\\/ca\\\/biblioteca\\\/vrt-metodologia-educacio-emocional-i-en-valors\\\/#primaryimage\"},\"image\":{\"@id\":\"https:\\\/\\\/salutieducacioemocional.com\\\/ca\\\/biblioteca\\\/vrt-metodologia-educacio-emocional-i-en-valors\\\/#primaryimage\"},\"thumbnailUrl\":\"https:\\\/\\\/salutieducacioemocional.com\\\/wp-content\\\/uploads\\\/2018\\\/12\\\/vrt-motodologia-amb-valors.jpg\",\"datePublished\":\"2018-12-29T14:11:43+00:00\",\"dateModified\":\"2021-04-19T14:38:50+00:00\",\"breadcrumb\":{\"@id\":\"https:\\\/\\\/salutieducacioemocional.com\\\/ca\\\/biblioteca\\\/vrt-metodologia-educacio-emocional-i-en-valors\\\/#breadcrumb\"},\"inLanguage\":\"ca\",\"potentialAction\":[{\"@type\":\"ReadAction\",\"target\":[\"https:\\\/\\\/salutieducacioemocional.com\\\/ca\\\/biblioteca\\\/vrt-metodologia-educacio-emocional-i-en-valors\\\/\"]}]},{\"@type\":\"ImageObject\",\"inLanguage\":\"ca\",\"@id\":\"https:\\\/\\\/salutieducacioemocional.com\\\/ca\\\/biblioteca\\\/vrt-metodologia-educacio-emocional-i-en-valors\\\/#primaryimage\",\"url\":\"https:\\\/\\\/salutieducacioemocional.com\\\/wp-content\\\/uploads\\\/2018\\\/12\\\/vrt-motodologia-amb-valors.jpg\",\"contentUrl\":\"https:\\\/\\\/salutieducacioemocional.com\\\/wp-content\\\/uploads\\\/2018\\\/12\\\/vrt-motodologia-amb-valors.jpg\",\"width\":650,\"height\":650},{\"@type\":\"BreadcrumbList\",\"@id\":\"https:\\\/\\\/salutieducacioemocional.com\\\/ca\\\/biblioteca\\\/vrt-metodologia-educacio-emocional-i-en-valors\\\/#breadcrumb\",\"itemListElement\":[{\"@type\":\"ListItem\",\"position\":1,\"name\":\"Portada\",\"item\":\"https:\\\/\\\/salutieducacioemocional.com\\\/\"},{\"@type\":\"ListItem\",\"position\":2,\"name\":\"Article | V-R-T: Una metodologia d\u2019Educaci\u00f3 Emocional i en Valors\"}]},{\"@type\":\"WebSite\",\"@id\":\"https:\\\/\\\/salutieducacioemocional.com\\\/#website\",\"url\":\"https:\\\/\\\/salutieducacioemocional.com\\\/\",\"name\":\"SEER\",\"description\":\"Salut i Educaci\u00f3 Emocional\",\"publisher\":{\"@id\":\"https:\\\/\\\/salutieducacioemocional.com\\\/#organization\"},\"potentialAction\":[{\"@type\":\"SearchAction\",\"target\":{\"@type\":\"EntryPoint\",\"urlTemplate\":\"https:\\\/\\\/salutieducacioemocional.com\\\/?s={search_term_string}\"},\"query-input\":{\"@type\":\"PropertyValueSpecification\",\"valueRequired\":true,\"valueName\":\"search_term_string\"}}],\"inLanguage\":\"ca\"},{\"@type\":\"Organization\",\"@id\":\"https:\\\/\\\/salutieducacioemocional.com\\\/#organization\",\"name\":\"Salut i Educaci\u00f3 Emocional S.L\",\"alternateName\":\"SEER\",\"url\":\"https:\\\/\\\/salutieducacioemocional.com\\\/\",\"logo\":{\"@type\":\"ImageObject\",\"inLanguage\":\"ca\",\"@id\":\"https:\\\/\\\/salutieducacioemocional.com\\\/#\\\/schema\\\/logo\\\/image\\\/\",\"url\":\"https:\\\/\\\/salutieducacioemocional.com\\\/wp-content\\\/uploads\\\/2018\\\/12\\\/cropped-educacion-emocional-seer-e1545471861400.png\",\"contentUrl\":\"https:\\\/\\\/salutieducacioemocional.com\\\/wp-content\\\/uploads\\\/2018\\\/12\\\/cropped-educacion-emocional-seer-e1545471861400.png\",\"width\":200,\"height\":78,\"caption\":\"Salut i Educaci\u00f3 Emocional S.L\"},\"image\":{\"@id\":\"https:\\\/\\\/salutieducacioemocional.com\\\/#\\\/schema\\\/logo\\\/image\\\/\"},\"sameAs\":[\"https:\\\/\\\/www.facebook.com\\\/equipseer\",\"https:\\\/\\\/x.com\\\/equipseer\",\"https:\\\/\\\/www.instagram.com\\\/equipseer\\\/\",\"https:\\\/\\\/www.linkedin.com\\\/company\\\/9231569\\\/admin\\\/\",\"https:\\\/\\\/www.youtube.com\\\/@equipseer\",\"https:\\\/\\\/t.me\\\/seer_info\"]},{\"@type\":\"Person\",\"@id\":\"https:\\\/\\\/salutieducacioemocional.com\\\/#\\\/schema\\\/person\\\/5ff9b86498e028c736f70cf273bbd8be\",\"name\":\"EquipSEER\",\"image\":{\"@type\":\"ImageObject\",\"inLanguage\":\"ca\",\"@id\":\"https:\\\/\\\/secure.gravatar.com\\\/avatar\\\/a791e1b54851c4df706081fe7247ada89b2947f29168abc2ebfb33461f537949?s=96&d=mm&r=g\",\"url\":\"https:\\\/\\\/secure.gravatar.com\\\/avatar\\\/a791e1b54851c4df706081fe7247ada89b2947f29168abc2ebfb33461f537949?s=96&d=mm&r=g\",\"contentUrl\":\"https:\\\/\\\/secure.gravatar.com\\\/avatar\\\/a791e1b54851c4df706081fe7247ada89b2947f29168abc2ebfb33461f537949?s=96&d=mm&r=g\",\"caption\":\"EquipSEER\"},\"url\":\"https:\\\/\\\/salutieducacioemocional.com\\\/ca\\\/author\\\/salutnueva\\\/\"}]}<\/script>\n<!-- \/ Yoast SEO plugin. -->","yoast_head_json":{"title":"Article | V-R-T: Una metodologia d\u2019Educaci\u00f3 Emocional i en Valors - SEER","robots":{"index":"index","follow":"follow","max-snippet":"max-snippet:-1","max-image-preview":"max-image-preview:large","max-video-preview":"max-video-preview:-1"},"canonical":"https:\/\/salutieducacioemocional.com\/ca\/biblioteca\/vrt-metodologia-educacio-emocional-i-en-valors\/","og_locale":"ca_ES","og_type":"article","og_title":"Article | V-R-T: Una metodologia d\u2019Educaci\u00f3 Emocional i en Valors - SEER","og_description":"Article | V-R-T: Una metodologia d\u2019Educaci\u00f3 Emocional i en Valors METODOLOGIA PER EDUCAR EN EMOCIONS I EDUCAR EN VALORS Us presentem aquest article que ha estat fruit del desenvolupament te\u00f2ric de la metodologia dins el m\u00e0ster d\u2019educaci\u00f3 en valors de l\u2019Universitat de Barcelona, cursat pel Carles Porrini, el nostre m\u00e9s valu\u00f3s pedagog i cap del [&hellip;]","og_url":"https:\/\/salutieducacioemocional.com\/ca\/biblioteca\/vrt-metodologia-educacio-emocional-i-en-valors\/","og_site_name":"SEER","article_publisher":"https:\/\/www.facebook.com\/equipseer","article_published_time":"2018-12-29T14:11:43+00:00","article_modified_time":"2021-04-19T14:38:50+00:00","og_image":[{"width":650,"height":650,"url":"https:\/\/salutieducacioemocional.com\/wp-content\/uploads\/2018\/12\/vrt-motodologia-amb-valors.jpg","type":"image\/jpeg"}],"author":"EquipSEER","twitter_card":"summary_large_image","twitter_creator":"@equipseer","twitter_site":"@equipseer","schema":{"@context":"https:\/\/schema.org","@graph":[{"@type":"Article","@id":"https:\/\/salutieducacioemocional.com\/ca\/biblioteca\/vrt-metodologia-educacio-emocional-i-en-valors\/#article","isPartOf":{"@id":"https:\/\/salutieducacioemocional.com\/ca\/biblioteca\/vrt-metodologia-educacio-emocional-i-en-valors\/"},"author":{"name":"EquipSEER","@id":"https:\/\/salutieducacioemocional.com\/#\/schema\/person\/5ff9b86498e028c736f70cf273bbd8be"},"headline":"Article | V-R-T: Una metodologia d\u2019Educaci\u00f3 Emocional i en Valors","datePublished":"2018-12-29T14:11:43+00:00","dateModified":"2021-04-19T14:38:50+00:00","mainEntityOfPage":{"@id":"https:\/\/salutieducacioemocional.com\/ca\/biblioteca\/vrt-metodologia-educacio-emocional-i-en-valors\/"},"wordCount":136,"commentCount":0,"publisher":{"@id":"https:\/\/salutieducacioemocional.com\/#organization"},"image":{"@id":"https:\/\/salutieducacioemocional.com\/ca\/biblioteca\/vrt-metodologia-educacio-emocional-i-en-valors\/#primaryimage"},"thumbnailUrl":"https:\/\/salutieducacioemocional.com\/wp-content\/uploads\/2018\/12\/vrt-motodologia-amb-valors.jpg","keywords":["Metodologia VRT"],"articleSection":["Biblioteca"],"inLanguage":"ca","potentialAction":[{"@type":"CommentAction","name":"Comment","target":["https:\/\/salutieducacioemocional.com\/ca\/biblioteca\/vrt-metodologia-educacio-emocional-i-en-valors\/#respond"]}]},{"@type":"WebPage","@id":"https:\/\/salutieducacioemocional.com\/ca\/biblioteca\/vrt-metodologia-educacio-emocional-i-en-valors\/","url":"https:\/\/salutieducacioemocional.com\/ca\/biblioteca\/vrt-metodologia-educacio-emocional-i-en-valors\/","name":"Article | V-R-T: Una metodologia d\u2019Educaci\u00f3 Emocional i en Valors - SEER","isPartOf":{"@id":"https:\/\/salutieducacioemocional.com\/#website"},"primaryImageOfPage":{"@id":"https:\/\/salutieducacioemocional.com\/ca\/biblioteca\/vrt-metodologia-educacio-emocional-i-en-valors\/#primaryimage"},"image":{"@id":"https:\/\/salutieducacioemocional.com\/ca\/biblioteca\/vrt-metodologia-educacio-emocional-i-en-valors\/#primaryimage"},"thumbnailUrl":"https:\/\/salutieducacioemocional.com\/wp-content\/uploads\/2018\/12\/vrt-motodologia-amb-valors.jpg","datePublished":"2018-12-29T14:11:43+00:00","dateModified":"2021-04-19T14:38:50+00:00","breadcrumb":{"@id":"https:\/\/salutieducacioemocional.com\/ca\/biblioteca\/vrt-metodologia-educacio-emocional-i-en-valors\/#breadcrumb"},"inLanguage":"ca","potentialAction":[{"@type":"ReadAction","target":["https:\/\/salutieducacioemocional.com\/ca\/biblioteca\/vrt-metodologia-educacio-emocional-i-en-valors\/"]}]},{"@type":"ImageObject","inLanguage":"ca","@id":"https:\/\/salutieducacioemocional.com\/ca\/biblioteca\/vrt-metodologia-educacio-emocional-i-en-valors\/#primaryimage","url":"https:\/\/salutieducacioemocional.com\/wp-content\/uploads\/2018\/12\/vrt-motodologia-amb-valors.jpg","contentUrl":"https:\/\/salutieducacioemocional.com\/wp-content\/uploads\/2018\/12\/vrt-motodologia-amb-valors.jpg","width":650,"height":650},{"@type":"BreadcrumbList","@id":"https:\/\/salutieducacioemocional.com\/ca\/biblioteca\/vrt-metodologia-educacio-emocional-i-en-valors\/#breadcrumb","itemListElement":[{"@type":"ListItem","position":1,"name":"Portada","item":"https:\/\/salutieducacioemocional.com\/"},{"@type":"ListItem","position":2,"name":"Article | V-R-T: Una metodologia d\u2019Educaci\u00f3 Emocional i en Valors"}]},{"@type":"WebSite","@id":"https:\/\/salutieducacioemocional.com\/#website","url":"https:\/\/salutieducacioemocional.com\/","name":"SEER","description":"Salut i Educaci\u00f3 Emocional","publisher":{"@id":"https:\/\/salutieducacioemocional.com\/#organization"},"potentialAction":[{"@type":"SearchAction","target":{"@type":"EntryPoint","urlTemplate":"https:\/\/salutieducacioemocional.com\/?s={search_term_string}"},"query-input":{"@type":"PropertyValueSpecification","valueRequired":true,"valueName":"search_term_string"}}],"inLanguage":"ca"},{"@type":"Organization","@id":"https:\/\/salutieducacioemocional.com\/#organization","name":"Salut i Educaci\u00f3 Emocional S.L","alternateName":"SEER","url":"https:\/\/salutieducacioemocional.com\/","logo":{"@type":"ImageObject","inLanguage":"ca","@id":"https:\/\/salutieducacioemocional.com\/#\/schema\/logo\/image\/","url":"https:\/\/salutieducacioemocional.com\/wp-content\/uploads\/2018\/12\/cropped-educacion-emocional-seer-e1545471861400.png","contentUrl":"https:\/\/salutieducacioemocional.com\/wp-content\/uploads\/2018\/12\/cropped-educacion-emocional-seer-e1545471861400.png","width":200,"height":78,"caption":"Salut i Educaci\u00f3 Emocional S.L"},"image":{"@id":"https:\/\/salutieducacioemocional.com\/#\/schema\/logo\/image\/"},"sameAs":["https:\/\/www.facebook.com\/equipseer","https:\/\/x.com\/equipseer","https:\/\/www.instagram.com\/equipseer\/","https:\/\/www.linkedin.com\/company\/9231569\/admin\/","https:\/\/www.youtube.com\/@equipseer","https:\/\/t.me\/seer_info"]},{"@type":"Person","@id":"https:\/\/salutieducacioemocional.com\/#\/schema\/person\/5ff9b86498e028c736f70cf273bbd8be","name":"EquipSEER","image":{"@type":"ImageObject","inLanguage":"ca","@id":"https:\/\/secure.gravatar.com\/avatar\/a791e1b54851c4df706081fe7247ada89b2947f29168abc2ebfb33461f537949?s=96&d=mm&r=g","url":"https:\/\/secure.gravatar.com\/avatar\/a791e1b54851c4df706081fe7247ada89b2947f29168abc2ebfb33461f537949?s=96&d=mm&r=g","contentUrl":"https:\/\/secure.gravatar.com\/avatar\/a791e1b54851c4df706081fe7247ada89b2947f29168abc2ebfb33461f537949?s=96&d=mm&r=g","caption":"EquipSEER"},"url":"https:\/\/salutieducacioemocional.com\/ca\/author\/salutnueva\/"}]}},"_links":{"self":[{"href":"https:\/\/salutieducacioemocional.com\/ca\/wp-json\/wp\/v2\/posts\/1674","targetHints":{"allow":["GET"]}}],"collection":[{"href":"https:\/\/salutieducacioemocional.com\/ca\/wp-json\/wp\/v2\/posts"}],"about":[{"href":"https:\/\/salutieducacioemocional.com\/ca\/wp-json\/wp\/v2\/types\/post"}],"author":[{"embeddable":true,"href":"https:\/\/salutieducacioemocional.com\/ca\/wp-json\/wp\/v2\/users\/1"}],"replies":[{"embeddable":true,"href":"https:\/\/salutieducacioemocional.com\/ca\/wp-json\/wp\/v2\/comments?post=1674"}],"version-history":[{"count":9,"href":"https:\/\/salutieducacioemocional.com\/ca\/wp-json\/wp\/v2\/posts\/1674\/revisions"}],"predecessor-version":[{"id":7273,"href":"https:\/\/salutieducacioemocional.com\/ca\/wp-json\/wp\/v2\/posts\/1674\/revisions\/7273"}],"wp:featuredmedia":[{"embeddable":true,"href":"https:\/\/salutieducacioemocional.com\/ca\/wp-json\/wp\/v2\/media\/1675"}],"wp:attachment":[{"href":"https:\/\/salutieducacioemocional.com\/ca\/wp-json\/wp\/v2\/media?parent=1674"}],"wp:term":[{"taxonomy":"category","embeddable":true,"href":"https:\/\/salutieducacioemocional.com\/ca\/wp-json\/wp\/v2\/categories?post=1674"},{"taxonomy":"post_tag","embeddable":true,"href":"https:\/\/salutieducacioemocional.com\/ca\/wp-json\/wp\/v2\/tags?post=1674"}],"curies":[{"name":"wp","href":"https:\/\/api.w.org\/{rel}","templated":true}]}}