{"id":1682,"date":"2018-12-29T14:24:55","date_gmt":"2018-12-29T14:24:55","guid":{"rendered":"http:\/\/salutieducacioemocional.com\/?p=1682"},"modified":"2021-04-19T14:38:20","modified_gmt":"2021-04-19T14:38:20","slug":"buscar-ocea-revista-educacio-social-num-56","status":"publish","type":"post","link":"https:\/\/salutieducacioemocional.com\/ca\/biblioteca\/buscar-ocea-revista-educacio-social-num-56\/","title":{"rendered":"ARTICLE |&#8221;Buscar l&#8217;oce\u00e0&#8221; a la Revista Educaci\u00f3 Social, num 56"},"content":{"rendered":"\t\t<div data-elementor-type=\"wp-post\" data-elementor-id=\"1682\" class=\"elementor elementor-1682\" data-elementor-post-type=\"post\">\n\t\t\t\t\t\t<section class=\"elementor-section elementor-top-section elementor-element elementor-element-1a0b7940 elementor-section-boxed elementor-section-height-default elementor-section-height-default\" data-id=\"1a0b7940\" data-element_type=\"section\" data-e-type=\"section\">\n\t\t\t\t\t\t<div class=\"elementor-container elementor-column-gap-default\">\n\t\t\t\t\t<div class=\"elementor-column elementor-col-100 elementor-top-column elementor-element elementor-element-1bac41d6\" data-id=\"1bac41d6\" data-element_type=\"column\" data-e-type=\"column\">\n\t\t\t<div class=\"elementor-widget-wrap elementor-element-populated\">\n\t\t\t\t\t\t<div class=\"elementor-element elementor-element-47f3f7b3 elementor-widget elementor-widget-heading\" data-id=\"47f3f7b3\" data-element_type=\"widget\" data-e-type=\"widget\" data-widget_type=\"heading.default\">\n\t\t\t\t<div class=\"elementor-widget-container\">\n\t\t\t\t\t<h1 class=\"elementor-heading-title elementor-size-large\">ARTICLE |\"Buscar l'oce\u00e0\" a la Revista Educaci\u00f3 Social, num 56<\/h1>\t\t\t\t<\/div>\n\t\t\t\t<\/div>\n\t\t\t\t<div class=\"elementor-element elementor-element-135d84ae elementor-widget-divider--view-line elementor-widget elementor-widget-divider\" data-id=\"135d84ae\" data-element_type=\"widget\" data-e-type=\"widget\" data-widget_type=\"divider.default\">\n\t\t\t\t<div class=\"elementor-widget-container\">\n\t\t\t\t\t\t\t<div class=\"elementor-divider\">\n\t\t\t<span class=\"elementor-divider-separator\">\n\t\t\t\t\t\t<\/span>\n\t\t<\/div>\n\t\t\t\t\t\t<\/div>\n\t\t\t\t<\/div>\n\t\t\t\t\t<\/div>\n\t\t<\/div>\n\t\t\t\t\t<\/div>\n\t\t<\/section>\n\t\t\t\t<section class=\"elementor-section elementor-top-section elementor-element elementor-element-195292a4 elementor-section-boxed elementor-section-height-default elementor-section-height-default\" data-id=\"195292a4\" data-element_type=\"section\" data-e-type=\"section\">\n\t\t\t\t\t\t<div class=\"elementor-container elementor-column-gap-default\">\n\t\t\t\t\t<div class=\"elementor-column elementor-col-100 elementor-top-column elementor-element elementor-element-47434a32\" data-id=\"47434a32\" data-element_type=\"column\" data-e-type=\"column\">\n\t\t\t<div class=\"elementor-widget-wrap elementor-element-populated\">\n\t\t\t\t\t\t<div class=\"elementor-element elementor-element-39408905 elementor-widget elementor-widget-text-editor\" data-id=\"39408905\" data-element_type=\"widget\" data-e-type=\"widget\" data-widget_type=\"text-editor.default\">\n\t\t\t\t<div class=\"elementor-widget-container\">\n\t\t\t\t\t\t\t\t\t<h2 style=\"text-align: center;\">LA FORMACI\u00d3 ESPIRITUAL COM A BASE INTEGRADORA DE LA NOSTRA ACCI\u00d3<\/h2>\t\t\t\t\t\t\t\t<\/div>\n\t\t\t\t<\/div>\n\t\t\t\t<section class=\"elementor-section elementor-inner-section elementor-element elementor-element-64fa3eb2 elementor-section-boxed elementor-section-height-default elementor-section-height-default\" data-id=\"64fa3eb2\" data-element_type=\"section\" data-e-type=\"section\">\n\t\t\t\t\t\t<div class=\"elementor-container elementor-column-gap-default\">\n\t\t\t\t\t<div class=\"elementor-column elementor-col-50 elementor-inner-column elementor-element elementor-element-72490be0\" data-id=\"72490be0\" data-element_type=\"column\" data-e-type=\"column\">\n\t\t\t<div class=\"elementor-widget-wrap elementor-element-populated\">\n\t\t\t\t\t\t<div class=\"elementor-element elementor-element-6a3df7ad elementor-widget elementor-widget-text-editor\" data-id=\"6a3df7ad\" data-element_type=\"widget\" data-e-type=\"widget\" data-widget_type=\"text-editor.default\">\n\t\t\t\t<div class=\"elementor-widget-container\">\n\t\t\t\t\t\t\t\t\t<ul><li><p>Article publicat al n\u00famero 56 de la revista\u00a0<a href=\"https:\/\/www.raco.cat\/index.php\/EducacioSocial\/issue\/view\/20763\" target=\"_blank\" rel=\"noopener\">Revista d\u2019intervenci\u00f3 s\u00f2cioeducativa<\/a>.<\/p><p>Els autors d\u2019aquest article formem part de dues entitats que, de maneres diferents per\u00f2 complement\u00e0ries, integren l\u2019espiritualitat en el seu quotidi\u00e0. \u00c9s des de l\u2019experi\u00e8ncia de treball en aquestes entitats que hem anat esdevenint cada cop m\u00e9s conscients de la import\u00e0ncia d\u2019incloure la formaci\u00f3 espiritual i l\u2019acompanyament personal en la nostra tasca com a educadors\/es. No nom\u00e9s en la nostra relaci\u00f3 amb les persones per a qui treballem,\u00a0sin\u00f3, sobretot, de cara a fer m\u00e9s conscient i profunda la nostra viv\u00e8ncia espiritual personal.<\/p><ul><li>Maria Nadeu Puig-Pey (Fundaci\u00f3 Salut Alta)<\/li><li>Carles Porrini Cubells (Equip SEER)<\/li><\/ul><\/li><\/ul>\t\t\t\t\t\t\t\t<\/div>\n\t\t\t\t<\/div>\n\t\t\t\t\t<\/div>\n\t\t<\/div>\n\t\t\t\t<div class=\"elementor-column elementor-col-50 elementor-inner-column elementor-element elementor-element-54db0901\" data-id=\"54db0901\" data-element_type=\"column\" data-e-type=\"column\">\n\t\t\t<div class=\"elementor-widget-wrap elementor-element-populated\">\n\t\t\t\t\t\t<div class=\"elementor-element elementor-element-49b8d77c elementor-widget elementor-widget-image\" data-id=\"49b8d77c\" data-element_type=\"widget\" data-e-type=\"widget\" data-widget_type=\"image.default\">\n\t\t\t\t<div class=\"elementor-widget-container\">\n\t\t\t\t\t\t\t\t\t\t\t\t\t\t\t<img fetchpriority=\"high\" decoding=\"async\" width=\"216\" height=\"300\" src=\"https:\/\/salutieducacioemocional.com\/wp-content\/uploads\/2018\/12\/buscar-ocea-article-216x300.png\" class=\"attachment-medium size-medium wp-image-1686\" alt=\"\" srcset=\"https:\/\/salutieducacioemocional.com\/wp-content\/uploads\/2018\/12\/buscar-ocea-article-216x300.png 216w, https:\/\/salutieducacioemocional.com\/wp-content\/uploads\/2018\/12\/buscar-ocea-article-600x834.png 600w, https:\/\/salutieducacioemocional.com\/wp-content\/uploads\/2018\/12\/buscar-ocea-article.png 697w\" sizes=\"(max-width: 216px) 100vw, 216px\" \/>\t\t\t\t\t\t\t\t\t\t\t\t\t\t\t<\/div>\n\t\t\t\t<\/div>\n\t\t\t\t\t<\/div>\n\t\t<\/div>\n\t\t\t\t\t<\/div>\n\t\t<\/section>\n\t\t\t\t<div class=\"elementor-element elementor-element-101a1f1a elementor-widget elementor-widget-text-editor\" data-id=\"101a1f1a\" data-element_type=\"widget\" data-e-type=\"widget\" data-widget_type=\"text-editor.default\">\n\t\t\t\t<div class=\"elementor-widget-container\">\n\t\t\t\t\t\t\t\t\t<p style=\"text-align: center;\">Opcions per descarregar el material gratu\u00eft<\/p>\t\t\t\t\t\t\t\t<\/div>\n\t\t\t\t<\/div>\n\t\t\t\t<section class=\"elementor-section elementor-inner-section elementor-element elementor-element-2fb2d564 elementor-section-boxed elementor-section-height-default elementor-section-height-default\" data-id=\"2fb2d564\" data-element_type=\"section\" data-e-type=\"section\">\n\t\t\t\t\t\t<div class=\"elementor-container elementor-column-gap-default\">\n\t\t\t\t\t<div class=\"elementor-column elementor-col-50 elementor-inner-column elementor-element elementor-element-4e0fa03b\" data-id=\"4e0fa03b\" data-element_type=\"column\" data-e-type=\"column\">\n\t\t\t<div class=\"elementor-widget-wrap elementor-element-populated\">\n\t\t\t\t\t\t<div class=\"elementor-element elementor-element-77869ad6 elementor-widget elementor-widget-text-editor\" data-id=\"77869ad6\" data-element_type=\"widget\" data-e-type=\"widget\" data-widget_type=\"text-editor.default\">\n\t\t\t\t<div class=\"elementor-widget-container\">\n\t\t\t\t\t\t\t\t\t<p style=\"text-align: center;\"><strong>Fer una acci\u00f3 social<\/strong><\/p>\t\t\t\t\t\t\t\t<\/div>\n\t\t\t\t<\/div>\n\t\t\t\t<div class=\"elementor-element elementor-element-74c4353d elementor-widget elementor-widget-text-editor\" data-id=\"74c4353d\" data-element_type=\"widget\" data-e-type=\"widget\" data-widget_type=\"text-editor.default\">\n\t\t\t\t<div class=\"elementor-widget-container\">\n\t\t\t\t\t\t\t\t\t<p style=\"text-align: center;\"><a href=\"https:\/\/www.dropbox.com\/s\/cw1urfs9a24loja\/Buscar_locea_cat.pdf?dl=0\">Click aqu\u00ed per descarregar el document!<\/a><\/p>\t\t\t\t\t\t\t\t<\/div>\n\t\t\t\t<\/div>\n\t\t\t\t\t<\/div>\n\t\t<\/div>\n\t\t\t\t<div class=\"elementor-column elementor-col-50 elementor-inner-column elementor-element elementor-element-13b323c6\" data-id=\"13b323c6\" data-element_type=\"column\" data-e-type=\"column\">\n\t\t\t<div class=\"elementor-widget-wrap elementor-element-populated\">\n\t\t\t\t\t\t<div class=\"elementor-element elementor-element-6e642192 elementor-widget elementor-widget-text-editor\" data-id=\"6e642192\" data-element_type=\"widget\" data-e-type=\"widget\" data-widget_type=\"text-editor.default\">\n\t\t\t\t<div class=\"elementor-widget-container\">\n\t\t\t\t\t\t\t\t\t<p style=\"text-align: center;\"><strong>Subscriure&#8217;s a la nostra Newsletter<\/strong><\/p>\t\t\t\t\t\t\t\t<\/div>\n\t\t\t\t<\/div>\n\t\t\t\t<div class=\"elementor-element elementor-element-7525eae8 elementor-widget elementor-widget-text-editor\" data-id=\"7525eae8\" data-element_type=\"widget\" data-e-type=\"widget\" data-widget_type=\"text-editor.default\">\n\t\t\t\t<div class=\"elementor-widget-container\">\n\t\t\t\t\t\t\t\t\t<p style=\"text-align: center;\"><a href=\"https:\/\/www.dropbox.com\/s\/cw1urfs9a24loja\/Buscar_locea_cat.pdf?dl=0\">Click aqu\u00ed per descarregar el document!<\/a><\/p>\t\t\t\t\t\t\t\t<\/div>\n\t\t\t\t<\/div>\n\t\t\t\t\t<\/div>\n\t\t<\/div>\n\t\t\t\t\t<\/div>\n\t\t<\/section>\n\t\t\t\t<div class=\"elementor-element elementor-element-edfe977 elementor-widget elementor-widget-text-editor\" data-id=\"edfe977\" data-element_type=\"widget\" data-e-type=\"widget\" data-widget_type=\"text-editor.default\">\n\t\t\t\t<div class=\"elementor-widget-container\">\n\t\t\t\t\t\t\t\t\t<header class=\"vc_cta3-content-header\"><h2 style=\"text-align: center;\">L&#8217;ESPIRITUALITAT&#8230;<\/h2><\/header><p style=\"text-align: center;\">L\u2019espiritualitat es configura com una dimensi\u00f3 essencial en l\u2019\u00e9sser hum\u00e0 que permet i facilita aquest proc\u00e9s de recerca del sentit<\/p>\t\t\t\t\t\t\t\t<\/div>\n\t\t\t\t<\/div>\n\t\t\t\t<div class=\"elementor-element elementor-element-8ad0178 elementor-widget elementor-widget-image\" data-id=\"8ad0178\" data-element_type=\"widget\" data-e-type=\"widget\" data-widget_type=\"image.default\">\n\t\t\t\t<div class=\"elementor-widget-container\">\n\t\t\t\t\t\t\t\t\t\t\t\t\t\t\t<img decoding=\"async\" src=\"https:\/\/salutieducacioemocional.com\/wp-content\/uploads\/elementor\/thumbs\/revista-intervencio-socioeducativa-56-p289m3326bxqt6oy3hltpbiezah30lzbzt08sxw1ds.jpg\" title=\"revista-intervencio-socioeducativa-56\" alt=\"revista-intervencio-socioeducativa-56\" loading=\"lazy\" \/>\t\t\t\t\t\t\t\t\t\t\t\t\t\t\t<\/div>\n\t\t\t\t<\/div>\n\t\t\t\t<div class=\"elementor-element elementor-element-503e50de elementor-widget elementor-widget-text-editor\" data-id=\"503e50de\" data-element_type=\"widget\" data-e-type=\"widget\" data-widget_type=\"text-editor.default\">\n\t\t\t\t<div class=\"elementor-widget-container\">\n\t\t\t\t\t\t\t\t\t<p>Bibliografia\u00a0<\/p><div class=\"entry-content clearfix\"><div class=\"fullwidth\"><div class=\"vc_row wpb_row vc_row-fluid\"><div class=\"wpb_column vc_column_container vc_col-sm-12\"><div class=\"vc_column-inner \"><div class=\"wpb_wrapper\"><div class=\"fullwidth\"><div class=\"vc_row wpb_row vc_inner vc_row-fluid\"><div class=\"wpb_column vc_column_container vc_col-sm-9\"><div class=\"vc_column-inner \"><div class=\"wpb_wrapper\"><div class=\"wpb_text_column wpb_content_element \"><div class=\"wpb_wrapper\"><ul><li>Nadeu Puig-Pey, Maria; Porrini Cubells, Carles (2014). \u201cBuscar l\u2019oce\u00e0: la formaci\u00f3 espiritual com a base integradora de la nostra acci\u00f3\u201d. Educaci\u00f3 Social. Revista d\u2019Intervenci\u00f3 Socioeducativa, 56, p. 84-93.<\/li><\/ul><\/div><\/div><\/div><\/div><\/div><\/div><\/div><\/div><\/div><\/div><\/div><\/div><\/div><div class=\"entry-meta-tag-wrap social-share-hover\"><div class=\"social-share-wrap\">\u00a0<\/div><\/div>\t\t\t\t\t\t\t\t<\/div>\n\t\t\t\t<\/div>\n\t\t\t\t\t<\/div>\n\t\t<\/div>\n\t\t\t\t\t<\/div>\n\t\t<\/section>\n\t\t\t\t<\/div>\n\t\t","protected":false},"excerpt":{"rendered":"<p>ARTICLE |&#8221;Buscar l&#8217;oce\u00e0&#8221; a la Revista Educaci\u00f3 Social, num 56 LA FORMACI\u00d3 ESPIRITUAL COM A BASE INTEGRADORA DE LA NOSTRA ACCI\u00d3 Article publicat al n\u00famero 56 de la revista\u00a0Revista d\u2019intervenci\u00f3 s\u00f2cioeducativa. Els autors d\u2019aquest article formem part de dues entitats que, de maneres diferents per\u00f2 complement\u00e0ries, integren l\u2019espiritualitat en el seu quotidi\u00e0. \u00c9s des de [&hellip;]<\/p>\n","protected":false},"author":1,"featured_media":1683,"comment_status":"open","ping_status":"open","sticky":false,"template":"elementor_header_footer","format":"standard","meta":{"footnotes":""},"categories":[54],"tags":[100],"class_list":["post-1682","post","type-post","status-publish","format-standard","has-post-thumbnail","hentry","category-biblioteca","tag-educacio-emocional"],"yoast_head":"<!-- This site is optimized with the Yoast SEO plugin v27.5 - https:\/\/yoast.com\/product\/yoast-seo-wordpress\/ -->\n<title>ARTICLE |&quot;Buscar l&#039;oce\u00e0&quot; a la Revista Educaci\u00f3 Social, num 56 - SEER<\/title>\n<meta name=\"robots\" content=\"index, follow, max-snippet:-1, max-image-preview:large, max-video-preview:-1\" \/>\n<link rel=\"canonical\" href=\"https:\/\/salutieducacioemocional.com\/ca\/biblioteca\/buscar-ocea-revista-educacio-social-num-56\/\" \/>\n<meta property=\"og:locale\" content=\"ca_ES\" \/>\n<meta property=\"og:type\" content=\"article\" \/>\n<meta property=\"og:title\" content=\"ARTICLE |&quot;Buscar l&#039;oce\u00e0&quot; a la Revista Educaci\u00f3 Social, num 56 - SEER\" \/>\n<meta property=\"og:description\" content=\"ARTICLE |&#8221;Buscar l&#8217;oce\u00e0&#8221; a la Revista Educaci\u00f3 Social, num 56 LA FORMACI\u00d3 ESPIRITUAL COM A BASE INTEGRADORA DE LA NOSTRA ACCI\u00d3 Article publicat al n\u00famero 56 de la revista\u00a0Revista d\u2019intervenci\u00f3 s\u00f2cioeducativa. Els autors d\u2019aquest article formem part de dues entitats que, de maneres diferents per\u00f2 complement\u00e0ries, integren l\u2019espiritualitat en el seu quotidi\u00e0. \u00c9s des de [&hellip;]\" \/>\n<meta property=\"og:url\" content=\"https:\/\/salutieducacioemocional.com\/ca\/biblioteca\/buscar-ocea-revista-educacio-social-num-56\/\" \/>\n<meta property=\"og:site_name\" content=\"SEER\" \/>\n<meta property=\"article:publisher\" content=\"https:\/\/www.facebook.com\/equipseer\" \/>\n<meta property=\"article:published_time\" content=\"2018-12-29T14:24:55+00:00\" \/>\n<meta property=\"article:modified_time\" content=\"2021-04-19T14:38:20+00:00\" \/>\n<meta property=\"og:image\" content=\"https:\/\/salutieducacioemocional.com\/wp-content\/uploads\/2018\/12\/buscar-ocea.jpg\" \/>\n\t<meta property=\"og:image:width\" content=\"584\" \/>\n\t<meta property=\"og:image:height\" content=\"414\" \/>\n\t<meta property=\"og:image:type\" content=\"image\/jpeg\" \/>\n<meta name=\"author\" content=\"EquipSEER\" \/>\n<meta name=\"twitter:card\" content=\"summary_large_image\" \/>\n<meta name=\"twitter:creator\" content=\"@equipseer\" \/>\n<meta name=\"twitter:site\" content=\"@equipseer\" \/>\n<script type=\"application\/ld+json\" class=\"yoast-schema-graph\">{\"@context\":\"https:\\\/\\\/schema.org\",\"@graph\":[{\"@type\":\"Article\",\"@id\":\"https:\\\/\\\/salutieducacioemocional.com\\\/ca\\\/biblioteca\\\/buscar-ocea-revista-educacio-social-num-56\\\/#article\",\"isPartOf\":{\"@id\":\"https:\\\/\\\/salutieducacioemocional.com\\\/ca\\\/biblioteca\\\/buscar-ocea-revista-educacio-social-num-56\\\/\"},\"author\":{\"name\":\"EquipSEER\",\"@id\":\"https:\\\/\\\/salutieducacioemocional.com\\\/#\\\/schema\\\/person\\\/5ff9b86498e028c736f70cf273bbd8be\"},\"headline\":\"ARTICLE |&#8221;Buscar l&#8217;oce\u00e0&#8221; a la Revista Educaci\u00f3 Social, num 56\",\"datePublished\":\"2018-12-29T14:24:55+00:00\",\"dateModified\":\"2021-04-19T14:38:20+00:00\",\"mainEntityOfPage\":{\"@id\":\"https:\\\/\\\/salutieducacioemocional.com\\\/ca\\\/biblioteca\\\/buscar-ocea-revista-educacio-social-num-56\\\/\"},\"wordCount\":234,\"commentCount\":0,\"publisher\":{\"@id\":\"https:\\\/\\\/salutieducacioemocional.com\\\/#organization\"},\"image\":{\"@id\":\"https:\\\/\\\/salutieducacioemocional.com\\\/ca\\\/biblioteca\\\/buscar-ocea-revista-educacio-social-num-56\\\/#primaryimage\"},\"thumbnailUrl\":\"https:\\\/\\\/salutieducacioemocional.com\\\/wp-content\\\/uploads\\\/2018\\\/12\\\/buscar-ocea.jpg\",\"keywords\":[\"Educaci\u00f3 Emocional\"],\"articleSection\":[\"Biblioteca\"],\"inLanguage\":\"ca\",\"potentialAction\":[{\"@type\":\"CommentAction\",\"name\":\"Comment\",\"target\":[\"https:\\\/\\\/salutieducacioemocional.com\\\/ca\\\/biblioteca\\\/buscar-ocea-revista-educacio-social-num-56\\\/#respond\"]}]},{\"@type\":\"WebPage\",\"@id\":\"https:\\\/\\\/salutieducacioemocional.com\\\/ca\\\/biblioteca\\\/buscar-ocea-revista-educacio-social-num-56\\\/\",\"url\":\"https:\\\/\\\/salutieducacioemocional.com\\\/ca\\\/biblioteca\\\/buscar-ocea-revista-educacio-social-num-56\\\/\",\"name\":\"ARTICLE |\\\"Buscar l'oce\u00e0\\\" a la Revista Educaci\u00f3 Social, num 56 - SEER\",\"isPartOf\":{\"@id\":\"https:\\\/\\\/salutieducacioemocional.com\\\/#website\"},\"primaryImageOfPage\":{\"@id\":\"https:\\\/\\\/salutieducacioemocional.com\\\/ca\\\/biblioteca\\\/buscar-ocea-revista-educacio-social-num-56\\\/#primaryimage\"},\"image\":{\"@id\":\"https:\\\/\\\/salutieducacioemocional.com\\\/ca\\\/biblioteca\\\/buscar-ocea-revista-educacio-social-num-56\\\/#primaryimage\"},\"thumbnailUrl\":\"https:\\\/\\\/salutieducacioemocional.com\\\/wp-content\\\/uploads\\\/2018\\\/12\\\/buscar-ocea.jpg\",\"datePublished\":\"2018-12-29T14:24:55+00:00\",\"dateModified\":\"2021-04-19T14:38:20+00:00\",\"breadcrumb\":{\"@id\":\"https:\\\/\\\/salutieducacioemocional.com\\\/ca\\\/biblioteca\\\/buscar-ocea-revista-educacio-social-num-56\\\/#breadcrumb\"},\"inLanguage\":\"ca\",\"potentialAction\":[{\"@type\":\"ReadAction\",\"target\":[\"https:\\\/\\\/salutieducacioemocional.com\\\/ca\\\/biblioteca\\\/buscar-ocea-revista-educacio-social-num-56\\\/\"]}]},{\"@type\":\"ImageObject\",\"inLanguage\":\"ca\",\"@id\":\"https:\\\/\\\/salutieducacioemocional.com\\\/ca\\\/biblioteca\\\/buscar-ocea-revista-educacio-social-num-56\\\/#primaryimage\",\"url\":\"https:\\\/\\\/salutieducacioemocional.com\\\/wp-content\\\/uploads\\\/2018\\\/12\\\/buscar-ocea.jpg\",\"contentUrl\":\"https:\\\/\\\/salutieducacioemocional.com\\\/wp-content\\\/uploads\\\/2018\\\/12\\\/buscar-ocea.jpg\",\"width\":584,\"height\":414},{\"@type\":\"BreadcrumbList\",\"@id\":\"https:\\\/\\\/salutieducacioemocional.com\\\/ca\\\/biblioteca\\\/buscar-ocea-revista-educacio-social-num-56\\\/#breadcrumb\",\"itemListElement\":[{\"@type\":\"ListItem\",\"position\":1,\"name\":\"Portada\",\"item\":\"https:\\\/\\\/salutieducacioemocional.com\\\/\"},{\"@type\":\"ListItem\",\"position\":2,\"name\":\"ARTICLE |&#8221;Buscar l&#8217;oce\u00e0&#8221; a la Revista Educaci\u00f3 Social, num 56\"}]},{\"@type\":\"WebSite\",\"@id\":\"https:\\\/\\\/salutieducacioemocional.com\\\/#website\",\"url\":\"https:\\\/\\\/salutieducacioemocional.com\\\/\",\"name\":\"SEER\",\"description\":\"Salut i Educaci\u00f3 Emocional\",\"publisher\":{\"@id\":\"https:\\\/\\\/salutieducacioemocional.com\\\/#organization\"},\"potentialAction\":[{\"@type\":\"SearchAction\",\"target\":{\"@type\":\"EntryPoint\",\"urlTemplate\":\"https:\\\/\\\/salutieducacioemocional.com\\\/?s={search_term_string}\"},\"query-input\":{\"@type\":\"PropertyValueSpecification\",\"valueRequired\":true,\"valueName\":\"search_term_string\"}}],\"inLanguage\":\"ca\"},{\"@type\":\"Organization\",\"@id\":\"https:\\\/\\\/salutieducacioemocional.com\\\/#organization\",\"name\":\"Salut i Educaci\u00f3 Emocional S.L\",\"alternateName\":\"SEER\",\"url\":\"https:\\\/\\\/salutieducacioemocional.com\\\/\",\"logo\":{\"@type\":\"ImageObject\",\"inLanguage\":\"ca\",\"@id\":\"https:\\\/\\\/salutieducacioemocional.com\\\/#\\\/schema\\\/logo\\\/image\\\/\",\"url\":\"https:\\\/\\\/salutieducacioemocional.com\\\/wp-content\\\/uploads\\\/2018\\\/12\\\/cropped-educacion-emocional-seer-e1545471861400.png\",\"contentUrl\":\"https:\\\/\\\/salutieducacioemocional.com\\\/wp-content\\\/uploads\\\/2018\\\/12\\\/cropped-educacion-emocional-seer-e1545471861400.png\",\"width\":200,\"height\":78,\"caption\":\"Salut i Educaci\u00f3 Emocional S.L\"},\"image\":{\"@id\":\"https:\\\/\\\/salutieducacioemocional.com\\\/#\\\/schema\\\/logo\\\/image\\\/\"},\"sameAs\":[\"https:\\\/\\\/www.facebook.com\\\/equipseer\",\"https:\\\/\\\/x.com\\\/equipseer\",\"https:\\\/\\\/www.instagram.com\\\/equipseer\\\/\",\"https:\\\/\\\/www.linkedin.com\\\/company\\\/9231569\\\/admin\\\/\",\"https:\\\/\\\/www.youtube.com\\\/@equipseer\",\"https:\\\/\\\/t.me\\\/seer_info\"]},{\"@type\":\"Person\",\"@id\":\"https:\\\/\\\/salutieducacioemocional.com\\\/#\\\/schema\\\/person\\\/5ff9b86498e028c736f70cf273bbd8be\",\"name\":\"EquipSEER\",\"image\":{\"@type\":\"ImageObject\",\"inLanguage\":\"ca\",\"@id\":\"https:\\\/\\\/secure.gravatar.com\\\/avatar\\\/a791e1b54851c4df706081fe7247ada89b2947f29168abc2ebfb33461f537949?s=96&d=mm&r=g\",\"url\":\"https:\\\/\\\/secure.gravatar.com\\\/avatar\\\/a791e1b54851c4df706081fe7247ada89b2947f29168abc2ebfb33461f537949?s=96&d=mm&r=g\",\"contentUrl\":\"https:\\\/\\\/secure.gravatar.com\\\/avatar\\\/a791e1b54851c4df706081fe7247ada89b2947f29168abc2ebfb33461f537949?s=96&d=mm&r=g\",\"caption\":\"EquipSEER\"},\"url\":\"https:\\\/\\\/salutieducacioemocional.com\\\/ca\\\/author\\\/salutnueva\\\/\"}]}<\/script>\n<!-- \/ Yoast SEO plugin. -->","yoast_head_json":{"title":"ARTICLE |\"Buscar l'oce\u00e0\" a la Revista Educaci\u00f3 Social, num 56 - SEER","robots":{"index":"index","follow":"follow","max-snippet":"max-snippet:-1","max-image-preview":"max-image-preview:large","max-video-preview":"max-video-preview:-1"},"canonical":"https:\/\/salutieducacioemocional.com\/ca\/biblioteca\/buscar-ocea-revista-educacio-social-num-56\/","og_locale":"ca_ES","og_type":"article","og_title":"ARTICLE |\"Buscar l'oce\u00e0\" a la Revista Educaci\u00f3 Social, num 56 - SEER","og_description":"ARTICLE |&#8221;Buscar l&#8217;oce\u00e0&#8221; a la Revista Educaci\u00f3 Social, num 56 LA FORMACI\u00d3 ESPIRITUAL COM A BASE INTEGRADORA DE LA NOSTRA ACCI\u00d3 Article publicat al n\u00famero 56 de la revista\u00a0Revista d\u2019intervenci\u00f3 s\u00f2cioeducativa. Els autors d\u2019aquest article formem part de dues entitats que, de maneres diferents per\u00f2 complement\u00e0ries, integren l\u2019espiritualitat en el seu quotidi\u00e0. \u00c9s des de [&hellip;]","og_url":"https:\/\/salutieducacioemocional.com\/ca\/biblioteca\/buscar-ocea-revista-educacio-social-num-56\/","og_site_name":"SEER","article_publisher":"https:\/\/www.facebook.com\/equipseer","article_published_time":"2018-12-29T14:24:55+00:00","article_modified_time":"2021-04-19T14:38:20+00:00","og_image":[{"width":584,"height":414,"url":"https:\/\/salutieducacioemocional.com\/wp-content\/uploads\/2018\/12\/buscar-ocea.jpg","type":"image\/jpeg"}],"author":"EquipSEER","twitter_card":"summary_large_image","twitter_creator":"@equipseer","twitter_site":"@equipseer","schema":{"@context":"https:\/\/schema.org","@graph":[{"@type":"Article","@id":"https:\/\/salutieducacioemocional.com\/ca\/biblioteca\/buscar-ocea-revista-educacio-social-num-56\/#article","isPartOf":{"@id":"https:\/\/salutieducacioemocional.com\/ca\/biblioteca\/buscar-ocea-revista-educacio-social-num-56\/"},"author":{"name":"EquipSEER","@id":"https:\/\/salutieducacioemocional.com\/#\/schema\/person\/5ff9b86498e028c736f70cf273bbd8be"},"headline":"ARTICLE |&#8221;Buscar l&#8217;oce\u00e0&#8221; a la Revista Educaci\u00f3 Social, num 56","datePublished":"2018-12-29T14:24:55+00:00","dateModified":"2021-04-19T14:38:20+00:00","mainEntityOfPage":{"@id":"https:\/\/salutieducacioemocional.com\/ca\/biblioteca\/buscar-ocea-revista-educacio-social-num-56\/"},"wordCount":234,"commentCount":0,"publisher":{"@id":"https:\/\/salutieducacioemocional.com\/#organization"},"image":{"@id":"https:\/\/salutieducacioemocional.com\/ca\/biblioteca\/buscar-ocea-revista-educacio-social-num-56\/#primaryimage"},"thumbnailUrl":"https:\/\/salutieducacioemocional.com\/wp-content\/uploads\/2018\/12\/buscar-ocea.jpg","keywords":["Educaci\u00f3 Emocional"],"articleSection":["Biblioteca"],"inLanguage":"ca","potentialAction":[{"@type":"CommentAction","name":"Comment","target":["https:\/\/salutieducacioemocional.com\/ca\/biblioteca\/buscar-ocea-revista-educacio-social-num-56\/#respond"]}]},{"@type":"WebPage","@id":"https:\/\/salutieducacioemocional.com\/ca\/biblioteca\/buscar-ocea-revista-educacio-social-num-56\/","url":"https:\/\/salutieducacioemocional.com\/ca\/biblioteca\/buscar-ocea-revista-educacio-social-num-56\/","name":"ARTICLE |\"Buscar l'oce\u00e0\" a la Revista Educaci\u00f3 Social, num 56 - SEER","isPartOf":{"@id":"https:\/\/salutieducacioemocional.com\/#website"},"primaryImageOfPage":{"@id":"https:\/\/salutieducacioemocional.com\/ca\/biblioteca\/buscar-ocea-revista-educacio-social-num-56\/#primaryimage"},"image":{"@id":"https:\/\/salutieducacioemocional.com\/ca\/biblioteca\/buscar-ocea-revista-educacio-social-num-56\/#primaryimage"},"thumbnailUrl":"https:\/\/salutieducacioemocional.com\/wp-content\/uploads\/2018\/12\/buscar-ocea.jpg","datePublished":"2018-12-29T14:24:55+00:00","dateModified":"2021-04-19T14:38:20+00:00","breadcrumb":{"@id":"https:\/\/salutieducacioemocional.com\/ca\/biblioteca\/buscar-ocea-revista-educacio-social-num-56\/#breadcrumb"},"inLanguage":"ca","potentialAction":[{"@type":"ReadAction","target":["https:\/\/salutieducacioemocional.com\/ca\/biblioteca\/buscar-ocea-revista-educacio-social-num-56\/"]}]},{"@type":"ImageObject","inLanguage":"ca","@id":"https:\/\/salutieducacioemocional.com\/ca\/biblioteca\/buscar-ocea-revista-educacio-social-num-56\/#primaryimage","url":"https:\/\/salutieducacioemocional.com\/wp-content\/uploads\/2018\/12\/buscar-ocea.jpg","contentUrl":"https:\/\/salutieducacioemocional.com\/wp-content\/uploads\/2018\/12\/buscar-ocea.jpg","width":584,"height":414},{"@type":"BreadcrumbList","@id":"https:\/\/salutieducacioemocional.com\/ca\/biblioteca\/buscar-ocea-revista-educacio-social-num-56\/#breadcrumb","itemListElement":[{"@type":"ListItem","position":1,"name":"Portada","item":"https:\/\/salutieducacioemocional.com\/"},{"@type":"ListItem","position":2,"name":"ARTICLE |&#8221;Buscar l&#8217;oce\u00e0&#8221; a la Revista Educaci\u00f3 Social, num 56"}]},{"@type":"WebSite","@id":"https:\/\/salutieducacioemocional.com\/#website","url":"https:\/\/salutieducacioemocional.com\/","name":"SEER","description":"Salut i Educaci\u00f3 Emocional","publisher":{"@id":"https:\/\/salutieducacioemocional.com\/#organization"},"potentialAction":[{"@type":"SearchAction","target":{"@type":"EntryPoint","urlTemplate":"https:\/\/salutieducacioemocional.com\/?s={search_term_string}"},"query-input":{"@type":"PropertyValueSpecification","valueRequired":true,"valueName":"search_term_string"}}],"inLanguage":"ca"},{"@type":"Organization","@id":"https:\/\/salutieducacioemocional.com\/#organization","name":"Salut i Educaci\u00f3 Emocional S.L","alternateName":"SEER","url":"https:\/\/salutieducacioemocional.com\/","logo":{"@type":"ImageObject","inLanguage":"ca","@id":"https:\/\/salutieducacioemocional.com\/#\/schema\/logo\/image\/","url":"https:\/\/salutieducacioemocional.com\/wp-content\/uploads\/2018\/12\/cropped-educacion-emocional-seer-e1545471861400.png","contentUrl":"https:\/\/salutieducacioemocional.com\/wp-content\/uploads\/2018\/12\/cropped-educacion-emocional-seer-e1545471861400.png","width":200,"height":78,"caption":"Salut i Educaci\u00f3 Emocional S.L"},"image":{"@id":"https:\/\/salutieducacioemocional.com\/#\/schema\/logo\/image\/"},"sameAs":["https:\/\/www.facebook.com\/equipseer","https:\/\/x.com\/equipseer","https:\/\/www.instagram.com\/equipseer\/","https:\/\/www.linkedin.com\/company\/9231569\/admin\/","https:\/\/www.youtube.com\/@equipseer","https:\/\/t.me\/seer_info"]},{"@type":"Person","@id":"https:\/\/salutieducacioemocional.com\/#\/schema\/person\/5ff9b86498e028c736f70cf273bbd8be","name":"EquipSEER","image":{"@type":"ImageObject","inLanguage":"ca","@id":"https:\/\/secure.gravatar.com\/avatar\/a791e1b54851c4df706081fe7247ada89b2947f29168abc2ebfb33461f537949?s=96&d=mm&r=g","url":"https:\/\/secure.gravatar.com\/avatar\/a791e1b54851c4df706081fe7247ada89b2947f29168abc2ebfb33461f537949?s=96&d=mm&r=g","contentUrl":"https:\/\/secure.gravatar.com\/avatar\/a791e1b54851c4df706081fe7247ada89b2947f29168abc2ebfb33461f537949?s=96&d=mm&r=g","caption":"EquipSEER"},"url":"https:\/\/salutieducacioemocional.com\/ca\/author\/salutnueva\/"}]}},"_links":{"self":[{"href":"https:\/\/salutieducacioemocional.com\/ca\/wp-json\/wp\/v2\/posts\/1682","targetHints":{"allow":["GET"]}}],"collection":[{"href":"https:\/\/salutieducacioemocional.com\/ca\/wp-json\/wp\/v2\/posts"}],"about":[{"href":"https:\/\/salutieducacioemocional.com\/ca\/wp-json\/wp\/v2\/types\/post"}],"author":[{"embeddable":true,"href":"https:\/\/salutieducacioemocional.com\/ca\/wp-json\/wp\/v2\/users\/1"}],"replies":[{"embeddable":true,"href":"https:\/\/salutieducacioemocional.com\/ca\/wp-json\/wp\/v2\/comments?post=1682"}],"version-history":[{"count":10,"href":"https:\/\/salutieducacioemocional.com\/ca\/wp-json\/wp\/v2\/posts\/1682\/revisions"}],"predecessor-version":[{"id":7272,"href":"https:\/\/salutieducacioemocional.com\/ca\/wp-json\/wp\/v2\/posts\/1682\/revisions\/7272"}],"wp:featuredmedia":[{"embeddable":true,"href":"https:\/\/salutieducacioemocional.com\/ca\/wp-json\/wp\/v2\/media\/1683"}],"wp:attachment":[{"href":"https:\/\/salutieducacioemocional.com\/ca\/wp-json\/wp\/v2\/media?parent=1682"}],"wp:term":[{"taxonomy":"category","embeddable":true,"href":"https:\/\/salutieducacioemocional.com\/ca\/wp-json\/wp\/v2\/categories?post=1682"},{"taxonomy":"post_tag","embeddable":true,"href":"https:\/\/salutieducacioemocional.com\/ca\/wp-json\/wp\/v2\/tags?post=1682"}],"curies":[{"name":"wp","href":"https:\/\/api.w.org\/{rel}","templated":true}]}}