{"id":2197,"date":"2017-11-01T10:04:30","date_gmt":"2017-11-01T10:04:30","guid":{"rendered":"http:\/\/salutieducacioemocional.com\/?p=2197"},"modified":"2019-04-16T00:02:40","modified_gmt":"2019-04-16T00:02:40","slug":"conferencia-salut-integral-i-positiva-9-novembre","status":"publish","type":"post","link":"https:\/\/salutieducacioemocional.com\/ca\/sense-categoria\/conferencia-salut-integral-i-positiva-9-novembre\/","title":{"rendered":"Conf\u00e8rencia Salut Integral i Positiva (9 Novembre)"},"content":{"rendered":"\t\t<div data-elementor-type=\"wp-post\" data-elementor-id=\"2197\" class=\"elementor elementor-2197\" data-elementor-post-type=\"post\">\n\t\t\t\t\t\t<section class=\"elementor-section elementor-top-section elementor-element elementor-element-77c2a935 elementor-section-boxed elementor-section-height-default elementor-section-height-default\" data-id=\"77c2a935\" data-element_type=\"section\" data-e-type=\"section\">\n\t\t\t\t\t\t<div class=\"elementor-container elementor-column-gap-default\">\n\t\t\t\t\t<div class=\"elementor-column elementor-col-100 elementor-top-column elementor-element elementor-element-209bf3ec\" data-id=\"209bf3ec\" data-element_type=\"column\" data-e-type=\"column\">\n\t\t\t<div class=\"elementor-widget-wrap elementor-element-populated\">\n\t\t\t\t\t\t<div class=\"elementor-element elementor-element-58e69eab elementor-widget elementor-widget-heading\" data-id=\"58e69eab\" data-element_type=\"widget\" data-e-type=\"widget\" data-widget_type=\"heading.default\">\n\t\t\t\t<div class=\"elementor-widget-container\">\n\t\t\t\t\t<h1 class=\"elementor-heading-title elementor-size-large\">Conf\u00e8rencia Salut Integral i Positiva (9 Novembre)<\/h1>\t\t\t\t<\/div>\n\t\t\t\t<\/div>\n\t\t\t\t<div class=\"elementor-element elementor-element-5feef1b1 elementor-widget-divider--view-line elementor-widget elementor-widget-divider\" data-id=\"5feef1b1\" data-element_type=\"widget\" data-e-type=\"widget\" data-widget_type=\"divider.default\">\n\t\t\t\t<div class=\"elementor-widget-container\">\n\t\t\t\t\t\t\t<div class=\"elementor-divider\">\n\t\t\t<span class=\"elementor-divider-separator\">\n\t\t\t\t\t\t<\/span>\n\t\t<\/div>\n\t\t\t\t\t\t<\/div>\n\t\t\t\t<\/div>\n\t\t\t\t\t<\/div>\n\t\t<\/div>\n\t\t\t\t\t<\/div>\n\t\t<\/section>\n\t\t\t\t<section class=\"elementor-section elementor-top-section elementor-element elementor-element-143c3692 elementor-section-boxed elementor-section-height-default elementor-section-height-default\" data-id=\"143c3692\" data-element_type=\"section\" data-e-type=\"section\">\n\t\t\t\t\t\t<div class=\"elementor-container elementor-column-gap-default\">\n\t\t\t\t\t<div class=\"elementor-column elementor-col-100 elementor-top-column elementor-element elementor-element-7879f4d\" data-id=\"7879f4d\" data-element_type=\"column\" data-e-type=\"column\">\n\t\t\t<div class=\"elementor-widget-wrap elementor-element-populated\">\n\t\t\t\t\t\t<div class=\"elementor-element elementor-element-69ee070e elementor-widget elementor-widget-theme-post-featured-image elementor-widget-image\" data-id=\"69ee070e\" data-element_type=\"widget\" data-e-type=\"widget\" data-widget_type=\"theme-post-featured-image.default\">\n\t\t\t\t<div class=\"elementor-widget-container\">\n\t\t\t\t\t\t\t\t\t\t\t\t\t\t\t<img decoding=\"async\" src=\"https:\/\/salutieducacioemocional.com\/wp-content\/uploads\/elementor\/thumbs\/aula-coib-p289m257zhxb6gqqr37vxhhyyoa0pqudjwlid3puyo.jpg\" title=\"aula-coib\" alt=\"aula-coib\" loading=\"lazy\" \/>\t\t\t\t\t\t\t\t\t\t\t\t\t\t\t<\/div>\n\t\t\t\t<\/div>\n\t\t\t\t\t<\/div>\n\t\t<\/div>\n\t\t\t\t\t<\/div>\n\t\t<\/section>\n\t\t\t\t<section class=\"elementor-section elementor-top-section elementor-element elementor-element-588ad3d4 elementor-section-boxed elementor-section-height-default elementor-section-height-default\" data-id=\"588ad3d4\" data-element_type=\"section\" data-e-type=\"section\">\n\t\t\t\t\t\t<div class=\"elementor-container elementor-column-gap-default\">\n\t\t\t\t\t<div class=\"elementor-column elementor-col-100 elementor-top-column elementor-element elementor-element-1389d72a\" data-id=\"1389d72a\" data-element_type=\"column\" data-e-type=\"column\">\n\t\t\t<div class=\"elementor-widget-wrap elementor-element-populated\">\n\t\t\t\t\t\t<div class=\"elementor-element elementor-element-1fee577f elementor-widget elementor-widget-text-editor\" data-id=\"1fee577f\" data-element_type=\"widget\" data-e-type=\"widget\" data-widget_type=\"text-editor.default\">\n\t\t\t\t<div class=\"elementor-widget-container\">\n\t\t\t\t\t\t\t\t\t<p>Tornem a fer una conferencia, i aquest cop ser\u00e0 al Col\u00b7legi Oficial d\u2019Infermeres i Infermers de Barcelona per parlar de\u00a0<strong>salut integral<\/strong>\u00a0i\u00a0<strong>positiva<\/strong>.<\/p><p>Com a professionals tenim el repte\u00a0<strong>d\u2019acompanyar<\/strong>\u00a0a la\u00a0<strong>societat<\/strong>\u00a0i\u00a0<strong>l\u2019individu<\/strong>\u00a0perqu\u00e8 el seu desenvolupament sigui saludable, i ho fem des d\u2019una mirada d\u2019actius.<\/p><p>Creiem que aquesta salut ha de ser integral i des de el propi benestar, potenciant aix\u00ed no els factors de risc sin\u00f3 els protectors com per exemple en l\u2019educaci\u00f3, en promoure i gaudir el fet de viure per i per a la salut.<\/p><p>Ens hem proposat com a objectius d\u2019aquesta sessi\u00f3:<\/p><ul><li>Generar processos de canvi de perspectives relacionats a la salut integral i la promoci\u00f3 d\u2019h\u00e0bits saludables de vida.<\/li><li>Entendre la salut com un proc\u00e9s, integral de desenvolupament personal i de la comunitat.<\/li><li>Treballar la mirada salutog\u00e8nica en definir objectius de l\u2019educaci\u00f3 i en promoure la salut.<\/li><li>Fer prendre consci\u00e8ncia les pr\u00f2pies habilitats que fomenten l\u2019evoluci\u00f3 de la salut pr\u00f2pia i del usuari\/pacient.<\/li><\/ul><p>El company de l\u2019equip que far\u00e0 la conferencia ser\u00e0 Ramiro-Andr\u00e9s Orteg\u00f3n Delgadillo:<\/p><ul><li>Infermer assistencial al servei d\u2019Oncohematologia de l\u2019\u00c0rea Maternoinfantil de l\u2019Hospital Vall d\u2019Hebron.<\/li><li>Infermer Escolar expert en Promoci\u00f3 i Educaci\u00f3 per a la Salut.<\/li><li>Educaci\u00f3 i Salut Emocional a Equip SEER (Salut i Educaci\u00f3 Emocional S.L).<\/li><li>Responsable d\u2019assessorament i desenvolupament del Programa PDA Bullying. Cap de l\u2019area d\u2019investigaci\u00f3 pedag\u00f2gica.<\/li><li>Coordinador i gestor de projectes salutog\u00e8nics pel benestar i la salut emocional.<\/li><\/ul><p><b>Data<\/b>: 9 de Novembre.<b><br \/><\/b><b>Horari<\/b>: 17:00h \u2013 18:30h.<\/p><p><b>Ubicaci\u00f3<\/b>: aules del COIB.<\/p><p><b>Preu<\/b>: GRATU\u00cfT.<\/p><p>Aqu\u00ed teniu\u00a0<a href=\"https:\/\/www.coib.cat\/ca-es\/col-legiades\/formacio\/formacio-del-col-legi\/actualitzacions\/aules-actualitzacio-de-coneixement-practica-en-ambit-pediatric\/aula-de-pediatria.-salut-positiva-una-mirada-salutogenica-del-cuidar.html\" target=\"_blank\" rel=\"noopener nofollow\">l\u2019enlla\u00e7 al formulari per inscriure-us-hi<\/a>:<\/p>\t\t\t\t\t\t\t\t<\/div>\n\t\t\t\t<\/div>\n\t\t\t\t<div class=\"elementor-element elementor-element-7fdb620 elementor-align-center elementor-widget elementor-widget-post-info\" data-id=\"7fdb620\" data-element_type=\"widget\" data-e-type=\"widget\" data-widget_type=\"post-info.default\">\n\t\t\t\t<div class=\"elementor-widget-container\">\n\t\t\t\t\t\t\t<ul class=\"elementor-inline-items elementor-icon-list-items elementor-post-info\">\n\t\t\t\t\t\t\t\t<li class=\"elementor-icon-list-item elementor-repeater-item-ecb2b0c elementor-inline-item\" itemprop=\"datePublished\">\n\t\t\t\t\t\t\t\t\t\t<span class=\"elementor-icon-list-icon\">\n\t\t\t\t\t\t\t\t\t\t\t\t\t\t<i class=\"fa fa-calendar\" aria-hidden=\"true\"><\/i>\n\t\t\t\t\t\t\t\t\t\t\t\t<\/span>\n\t\t\t\t\t\t\t\t\t<span class=\"elementor-icon-list-text elementor-post-info__item elementor-post-info__item--type-date\">\n\t\t\t\t\t\t\t\t\t\t<time>01\/11\/2017<\/time>\t\t\t\t\t<\/span>\n\t\t\t\t\t\t\t\t<\/li>\n\t\t\t\t<\/ul>\n\t\t\t\t\t\t<\/div>\n\t\t\t\t<\/div>\n\t\t\t\t<div class=\"elementor-element elementor-element-7c242f7f elementor-share-buttons--shape-rounded elementor-share-buttons--view-icon-text elementor-share-buttons--skin-gradient elementor-grid-0 elementor-share-buttons--color-official elementor-widget elementor-widget-share-buttons\" data-id=\"7c242f7f\" data-element_type=\"widget\" data-e-type=\"widget\" data-widget_type=\"share-buttons.default\">\n\t\t\t\t<div class=\"elementor-widget-container\">\n\t\t\t\t\t\t\t<div class=\"elementor-grid\" role=\"list\">\n\t\t\t\t\t\t\t\t<div class=\"elementor-grid-item\" role=\"listitem\">\n\t\t\t\t\t\t<div class=\"elementor-share-btn elementor-share-btn_facebook\" role=\"button\" tabindex=\"0\" aria-label=\"Compartici\u00f3 en facebook\">\n\t\t\t\t\t\t\t\t\t\t\t\t\t\t\t<span class=\"elementor-share-btn__icon\">\n\t\t\t\t\t\t\t\t<i class=\"fab fa-facebook\" aria-hidden=\"true\"><\/i>\t\t\t\t\t\t\t<\/span>\n\t\t\t\t\t\t\t\t\t\t\t\t\t\t\t\t\t\t\t\t\t\t<div class=\"elementor-share-btn__text\">\n\t\t\t\t\t\t\t\t\t\t\t\t\t\t\t\t\t\t\t<span class=\"elementor-share-btn__title\">\n\t\t\t\t\t\t\t\t\t\tFacebook\t\t\t\t\t\t\t\t\t<\/span>\n\t\t\t\t\t\t\t\t\t\t\t\t\t\t\t\t\t<\/div>\n\t\t\t\t\t\t\t\t\t\t\t\t\t<\/div>\n\t\t\t\t\t<\/div>\n\t\t\t\t\t\t\t\t\t<div class=\"elementor-grid-item\" role=\"listitem\">\n\t\t\t\t\t\t<div class=\"elementor-share-btn elementor-share-btn_twitter\" role=\"button\" tabindex=\"0\" aria-label=\"Compartici\u00f3 en twitter\">\n\t\t\t\t\t\t\t\t\t\t\t\t\t\t\t<span class=\"elementor-share-btn__icon\">\n\t\t\t\t\t\t\t\t<i class=\"fab fa-twitter\" aria-hidden=\"true\"><\/i>\t\t\t\t\t\t\t<\/span>\n\t\t\t\t\t\t\t\t\t\t\t\t\t\t\t\t\t\t\t\t\t\t<div class=\"elementor-share-btn__text\">\n\t\t\t\t\t\t\t\t\t\t\t\t\t\t\t\t\t\t\t<span class=\"elementor-share-btn__title\">\n\t\t\t\t\t\t\t\t\t\tTwitter\t\t\t\t\t\t\t\t\t<\/span>\n\t\t\t\t\t\t\t\t\t\t\t\t\t\t\t\t\t<\/div>\n\t\t\t\t\t\t\t\t\t\t\t\t\t<\/div>\n\t\t\t\t\t<\/div>\n\t\t\t\t\t\t\t\t\t<div class=\"elementor-grid-item\" role=\"listitem\">\n\t\t\t\t\t\t<div class=\"elementor-share-btn elementor-share-btn_linkedin\" role=\"button\" tabindex=\"0\" aria-label=\"Compartici\u00f3 en linkedin\">\n\t\t\t\t\t\t\t\t\t\t\t\t\t\t\t<span class=\"elementor-share-btn__icon\">\n\t\t\t\t\t\t\t\t<i class=\"fab fa-linkedin\" aria-hidden=\"true\"><\/i>\t\t\t\t\t\t\t<\/span>\n\t\t\t\t\t\t\t\t\t\t\t\t\t\t\t\t\t\t\t\t\t\t<div class=\"elementor-share-btn__text\">\n\t\t\t\t\t\t\t\t\t\t\t\t\t\t\t\t\t\t\t<span class=\"elementor-share-btn__title\">\n\t\t\t\t\t\t\t\t\t\tLinkedIn\t\t\t\t\t\t\t\t\t<\/span>\n\t\t\t\t\t\t\t\t\t\t\t\t\t\t\t\t\t<\/div>\n\t\t\t\t\t\t\t\t\t\t\t\t\t<\/div>\n\t\t\t\t\t<\/div>\n\t\t\t\t\t\t\t\t\t<div class=\"elementor-grid-item\" role=\"listitem\">\n\t\t\t\t\t\t<div class=\"elementor-share-btn elementor-share-btn_whatsapp\" role=\"button\" tabindex=\"0\" aria-label=\"Compartici\u00f3 en whatsapp\">\n\t\t\t\t\t\t\t\t\t\t\t\t\t\t\t<span class=\"elementor-share-btn__icon\">\n\t\t\t\t\t\t\t\t<i class=\"fab fa-whatsapp\" aria-hidden=\"true\"><\/i>\t\t\t\t\t\t\t<\/span>\n\t\t\t\t\t\t\t\t\t\t\t\t\t\t\t\t\t\t\t\t\t\t<div class=\"elementor-share-btn__text\">\n\t\t\t\t\t\t\t\t\t\t\t\t\t\t\t\t\t\t\t<span class=\"elementor-share-btn__title\">\n\t\t\t\t\t\t\t\t\t\tWhatsApp\t\t\t\t\t\t\t\t\t<\/span>\n\t\t\t\t\t\t\t\t\t\t\t\t\t\t\t\t\t<\/div>\n\t\t\t\t\t\t\t\t\t\t\t\t\t<\/div>\n\t\t\t\t\t<\/div>\n\t\t\t\t\t\t<\/div>\n\t\t\t\t\t\t<\/div>\n\t\t\t\t<\/div>\n\t\t\t\t\t<\/div>\n\t\t<\/div>\n\t\t\t\t\t<\/div>\n\t\t<\/section>\n\t\t\t\t<section class=\"elementor-section elementor-top-section elementor-element elementor-element-7a74a9a5 elementor-section-boxed elementor-section-height-default elementor-section-height-default\" data-id=\"7a74a9a5\" data-element_type=\"section\" data-e-type=\"section\">\n\t\t\t\t\t\t<div class=\"elementor-container elementor-column-gap-default\">\n\t\t\t\t\t<div class=\"elementor-column elementor-col-100 elementor-top-column elementor-element elementor-element-359ec5bc\" data-id=\"359ec5bc\" data-element_type=\"column\" data-e-type=\"column\">\n\t\t\t<div class=\"elementor-widget-wrap elementor-element-populated\">\n\t\t\t\t\t\t<div class=\"elementor-element elementor-element-4df6ad54 elementor-grid-3 elementor-grid-tablet-2 elementor-grid-mobile-1 elementor-posts--thumbnail-top elementor-card-shadow-yes elementor-posts__hover-gradient elementor-widget elementor-widget-posts\" data-id=\"4df6ad54\" data-element_type=\"widget\" data-e-type=\"widget\" data-settings=\"{&quot;cards_columns&quot;:&quot;3&quot;,&quot;cards_columns_tablet&quot;:&quot;2&quot;,&quot;cards_columns_mobile&quot;:&quot;1&quot;,&quot;cards_row_gap&quot;:{&quot;unit&quot;:&quot;px&quot;,&quot;size&quot;:35,&quot;sizes&quot;:[]},&quot;cards_row_gap_tablet&quot;:{&quot;unit&quot;:&quot;px&quot;,&quot;size&quot;:&quot;&quot;,&quot;sizes&quot;:[]},&quot;cards_row_gap_mobile&quot;:{&quot;unit&quot;:&quot;px&quot;,&quot;size&quot;:&quot;&quot;,&quot;sizes&quot;:[]}}\" data-widget_type=\"posts.cards\">\n\t\t\t\t<div class=\"elementor-widget-container\">\n\t\t\t\t\t\t\t<div class=\"elementor-posts-container elementor-posts elementor-posts--skin-cards elementor-grid\" role=\"list\">\n\t\t\t\t<article class=\"elementor-post elementor-grid-item post-2197 post type-post status-publish format-standard has-post-thumbnail hentry category-sense-categoria tag-medios-comunicacion tag-noticias\" role=\"listitem\">\n\t\t\t<div class=\"elementor-post__card\">\n\t\t\t\t<a class=\"elementor-post__thumbnail__link\" href=\"https:\/\/salutieducacioemocional.com\/ca\/sense-categoria\/conferencia-salut-integral-i-positiva-9-novembre\/\" tabindex=\"-1\" ><div class=\"elementor-post__thumbnail\"><img fetchpriority=\"high\" decoding=\"async\" width=\"300\" height=\"225\" src=\"https:\/\/salutieducacioemocional.com\/wp-content\/uploads\/2018\/12\/aula-coib-300x225.jpg\" class=\"attachment-medium size-medium wp-image-2198\" alt=\"\" srcset=\"https:\/\/salutieducacioemocional.com\/wp-content\/uploads\/2018\/12\/aula-coib-300x225.jpg 300w, https:\/\/salutieducacioemocional.com\/wp-content\/uploads\/2018\/12\/aula-coib-600x450.jpg 600w, https:\/\/salutieducacioemocional.com\/wp-content\/uploads\/2018\/12\/aula-coib.jpg 650w\" sizes=\"(max-width: 300px) 100vw, 300px\" \/><\/div><\/a>\n\t\t\t\t<div class=\"elementor-post__badge\">Medios de Comunicaci\u00f3n<\/div>\n\t\t\t\t<div class=\"elementor-post__text\">\n\t\t\t\t<p class=\"elementor-post__title\">\n\t\t\t<a href=\"https:\/\/salutieducacioemocional.com\/ca\/sense-categoria\/conferencia-salut-integral-i-positiva-9-novembre\/\" >\n\t\t\t\tConf\u00e8rencia Salut Integral i Positiva (9 Novembre)\t\t\t<\/a>\n\t\t<\/p>\n\t\t\t\t<div class=\"elementor-post__excerpt\">\n\t\t\t<p>Conf\u00e8rencia Salut Integral i Positiva (9 Novembre) Tornem a fer una conferencia, i aquest cop ser\u00e0 al Col\u00b7legi Oficial d\u2019Infermeres i Infermers de Barcelona per<\/p>\n\t\t<\/div>\n\t\t\t\t<\/div>\n\t\t\t\t\t<\/div>\n\t\t<\/article>\n\t\t\t\t<article class=\"elementor-post elementor-grid-item post-2111 post type-post status-publish format-standard has-post-thumbnail hentry category-medios-comunicacion tag-medios-comunicacion tag-noticias\" role=\"listitem\">\n\t\t\t<div class=\"elementor-post__card\">\n\t\t\t\t<a class=\"elementor-post__thumbnail__link\" href=\"https:\/\/salutieducacioemocional.com\/ca\/mitjans-comunicacio\/rototom-sunsplash-compta-amb-seer-al-magicomundo\/\" tabindex=\"-1\" ><div class=\"elementor-post__thumbnail\"><img decoding=\"async\" width=\"300\" height=\"169\" src=\"https:\/\/salutieducacioemocional.com\/wp-content\/uploads\/2018\/12\/rototom-taller-300x169.jpg\" class=\"attachment-medium size-medium wp-image-1911\" alt=\"\" srcset=\"https:\/\/salutieducacioemocional.com\/wp-content\/uploads\/2018\/12\/rototom-taller-300x169.jpg 300w, https:\/\/salutieducacioemocional.com\/wp-content\/uploads\/2018\/12\/rototom-taller-600x338.jpg 600w, https:\/\/salutieducacioemocional.com\/wp-content\/uploads\/2018\/12\/rototom-taller.jpg 650w\" sizes=\"(max-width: 300px) 100vw, 300px\" \/><\/div><\/a>\n\t\t\t\t<div class=\"elementor-post__badge\">Medios de Comunicaci\u00f3n<\/div>\n\t\t\t\t<div class=\"elementor-post__text\">\n\t\t\t\t<p class=\"elementor-post__title\">\n\t\t\t<a href=\"https:\/\/salutieducacioemocional.com\/ca\/mitjans-comunicacio\/rototom-sunsplash-compta-amb-seer-al-magicomundo\/\" >\n\t\t\t\tRototom SunSplash compta amb SEER al MagicoMundo\t\t\t<\/a>\n\t\t<\/p>\n\t\t\t\t<div class=\"elementor-post__excerpt\">\n\t\t\t<p>Rototom SunSplash compta amb SEER al MagicoMundo ASSOCIACI\u00d3 SEER COMPARTEIX EDUCACI\u00d3 EMOCIONAL A LA JORNADA DE PARTICIPACI\u00d3 A L\u2019ESPAI \u201cMAGICO MUNDO\u201d [\u2026]\u00a0Esta \u00faltima entidad,\u00a0SEER, ha<\/p>\n\t\t<\/div>\n\t\t\t\t<\/div>\n\t\t\t\t\t<\/div>\n\t\t<\/article>\n\t\t\t\t<article class=\"elementor-post elementor-grid-item post-2204 post type-post status-publish format-standard has-post-thumbnail hentry category-sin-categoria tag-educacion-emocional tag-noticias\" role=\"listitem\">\n\t\t\t<div class=\"elementor-post__card\">\n\t\t\t\t<a class=\"elementor-post__thumbnail__link\" href=\"https:\/\/salutieducacioemocional.com\/ca\/sense-categoria\/acte-de-reconeixement-de-la-policia-de-barri-de-la-ciutat-de-barcelona\/\" tabindex=\"-1\" ><div class=\"elementor-post__thumbnail\"><img decoding=\"async\" width=\"300\" height=\"225\" src=\"https:\/\/salutieducacioemocional.com\/wp-content\/uploads\/2018\/12\/acte-reconeixement-policia-barri-barcelona-seer-300x225.jpg\" class=\"attachment-medium size-medium wp-image-2208\" alt=\"SEER i la Policia de Barri Gu\u00e0rdia Urbana\" srcset=\"https:\/\/salutieducacioemocional.com\/wp-content\/uploads\/2018\/12\/acte-reconeixement-policia-barri-barcelona-seer-300x225.jpg 300w, https:\/\/salutieducacioemocional.com\/wp-content\/uploads\/2018\/12\/acte-reconeixement-policia-barri-barcelona-seer-600x450.jpg 600w, https:\/\/salutieducacioemocional.com\/wp-content\/uploads\/2018\/12\/acte-reconeixement-policia-barri-barcelona-seer.jpg 650w\" sizes=\"(max-width: 300px) 100vw, 300px\" \/><\/div><\/a>\n\t\t\t\t<div class=\"elementor-post__badge\">Educaci\u00f3n Emocional<\/div>\n\t\t\t\t<div class=\"elementor-post__text\">\n\t\t\t\t<p class=\"elementor-post__title\">\n\t\t\t<a href=\"https:\/\/salutieducacioemocional.com\/ca\/sense-categoria\/acte-de-reconeixement-de-la-policia-de-barri-de-la-ciutat-de-barcelona\/\" >\n\t\t\t\tActe de Reconeixement de la Policia de Barri de la Ciutat de Barcelona\t\t\t<\/a>\n\t\t<\/p>\n\t\t\t\t<div class=\"elementor-post__excerpt\">\n\t\t\t<p>Acte de Reconeixement de la Policia de Barri de la Ciutat de Barcelona Des de l\u2019inici del projecte formatiu de Policia de Barri de la<\/p>\n\t\t<\/div>\n\t\t\t\t<\/div>\n\t\t\t\t\t<\/div>\n\t\t<\/article>\n\t\t\t\t<\/div>\n\t\t\n\t\t\t\t\t\t<\/div>\n\t\t\t\t<\/div>\n\t\t\t\t\t<\/div>\n\t\t<\/div>\n\t\t\t\t\t<\/div>\n\t\t<\/section>\n\t\t\t\t<section class=\"elementor-section elementor-top-section elementor-element elementor-element-6c13e057 elementor-section-boxed elementor-section-height-default elementor-section-height-default\" data-id=\"6c13e057\" data-element_type=\"section\" data-e-type=\"section\">\n\t\t\t\t\t\t<div class=\"elementor-container elementor-column-gap-no\">\n\t\t\t\t\t<div class=\"elementor-column elementor-col-100 elementor-top-column elementor-element elementor-element-b5f2e4d\" data-id=\"b5f2e4d\" data-element_type=\"column\" data-e-type=\"column\" data-settings=\"{&quot;background_background&quot;:&quot;gradient&quot;}\">\n\t\t\t<div class=\"elementor-widget-wrap elementor-element-populated\">\n\t\t\t\t\t\t<div class=\"elementor-element elementor-element-20a6f0fb elementor-widget elementor-widget-heading\" data-id=\"20a6f0fb\" data-element_type=\"widget\" data-e-type=\"widget\" data-widget_type=\"heading.default\">\n\t\t\t\t<div class=\"elementor-widget-container\">\n\t\t\t\t\t<p class=\"elementor-heading-title elementor-size-default\">Subscriu-te a la nostra Newsletter!<\/p>\t\t\t\t<\/div>\n\t\t\t\t<\/div>\n\t\t\t\t<div class=\"elementor-element elementor-element-128e885e elementor-widget elementor-widget-text-editor\" data-id=\"128e885e\" data-element_type=\"widget\" data-e-type=\"widget\" data-widget_type=\"text-editor.default\">\n\t\t\t\t<div class=\"elementor-widget-container\">\n\t\t\t\t\t\t\t\t\t<p>Aix\u00ed et podrem informar de totes les novetats de SEER en quant a activitats, cursos, tallers, formacions, y m\u00e9s \ud83d\ude42<\/p>\t\t\t\t\t\t\t\t<\/div>\n\t\t\t\t<\/div>\n\t\t\t\t<div class=\"elementor-element elementor-element-49235c85 elementor-button-align-stretch elementor-widget elementor-widget-form\" data-id=\"49235c85\" data-element_type=\"widget\" data-e-type=\"widget\" data-settings=\"{&quot;button_width&quot;:&quot;100&quot;,&quot;step_next_label&quot;:&quot;Next&quot;,&quot;step_previous_label&quot;:&quot;Previous&quot;,&quot;step_type&quot;:&quot;number_text&quot;,&quot;step_icon_shape&quot;:&quot;circle&quot;}\" data-widget_type=\"form.default\">\n\t\t\t\t<div class=\"elementor-widget-container\">\n\t\t\t\t\t\t\t<form class=\"elementor-form\" method=\"post\" name=\"Newsletter\" aria-label=\"Newsletter\">\n\t\t\t<input type=\"hidden\" name=\"post_id\" value=\"2197\"\/>\n\t\t\t<input type=\"hidden\" name=\"form_id\" value=\"49235c85\"\/>\n\t\t\t<input type=\"hidden\" name=\"referer_title\" value=\"Conf\u00e8rencia Salut Integral i Positiva (9 Novembre) - SEER\" \/>\n\n\t\t\t\t\t\t\t<input type=\"hidden\" name=\"queried_id\" value=\"2197\"\/>\n\t\t\t\n\t\t\t<div class=\"elementor-form-fields-wrapper elementor-labels-\">\n\t\t\t\t\t\t\t\t<div class=\"elementor-field-type-text elementor-field-group elementor-column elementor-field-group-5be0f8b elementor-col-100 elementor-field-required\">\n\t\t\t\t\t\t\t\t\t\t\t\t<label for=\"form-field-5be0f8b\" class=\"elementor-field-label elementor-screen-only\">\n\t\t\t\t\t\t\t\tNom\t\t\t\t\t\t\t<\/label>\n\t\t\t\t\t\t\t\t\t\t\t\t\t\t<input size=\"1\" type=\"text\" name=\"form_fields[5be0f8b]\" id=\"form-field-5be0f8b\" class=\"elementor-field elementor-size-md  elementor-field-textual\" placeholder=\"Nom\" required=\"required\">\n\t\t\t\t\t\t\t\t\t\t\t<\/div>\n\t\t\t\t\t\t\t\t<div class=\"elementor-field-type-email elementor-field-group elementor-column elementor-field-group-email elementor-col-100 elementor-field-required\">\n\t\t\t\t\t\t\t\t\t\t\t\t<label for=\"form-field-email\" class=\"elementor-field-label elementor-screen-only\">\n\t\t\t\t\t\t\t\tEmail\t\t\t\t\t\t\t<\/label>\n\t\t\t\t\t\t\t\t\t\t\t\t\t\t<input size=\"1\" type=\"email\" name=\"form_fields[email]\" id=\"form-field-email\" class=\"elementor-field elementor-size-md  elementor-field-textual\" placeholder=\"Email\" required=\"required\">\n\t\t\t\t\t\t\t\t\t\t\t<\/div>\n\t\t\t\t\t\t\t\t<div class=\"elementor-field-type-acceptance elementor-field-group elementor-column elementor-field-group-2c957ed elementor-col-100 elementor-field-required\">\n\t\t\t\t\t\t\t\t\t\t\t\t<label for=\"form-field-2c957ed\" class=\"elementor-field-label elementor-screen-only\">\n\t\t\t\t\t\t\t\tRGPD\t\t\t\t\t\t\t<\/label>\n\t\t\t\t\t\t\t\t<div class=\"elementor-field-subgroup\">\n\t\t\t<span class=\"elementor-field-option\">\n\t\t\t\t<input type=\"checkbox\" name=\"form_fields[2c957ed]\" id=\"form-field-2c957ed\" class=\"elementor-field elementor-size-md  elementor-acceptance-field\" required=\"required\">\n\t\t\t\t<label for=\"form-field-2c957ed\">RGPD<\/label>\t\t\t<\/span>\n\t\t<\/div>\n\t\t\t\t\t\t<\/div>\n\t\t\t\t\t\t\t\t<div class=\"elementor-field-group elementor-column elementor-field-type-submit elementor-col-100 e-form__buttons\">\n\t\t\t\t\t<button class=\"elementor-button elementor-size-md\" type=\"submit\">\n\t\t\t\t\t\t<span class=\"elementor-button-content-wrapper\">\n\t\t\t\t\t\t\t\t\t\t\t\t\t\t\t\t\t\t\t\t\t\t<span class=\"elementor-button-text\">Subscriure'm<\/span>\n\t\t\t\t\t\t\t\t\t\t\t\t\t<\/span>\n\t\t\t\t\t<\/button>\n\t\t\t\t<\/div>\n\t\t\t<\/div>\n\t\t<\/form>\n\t\t\t\t\t\t<\/div>\n\t\t\t\t<\/div>\n\t\t\t\t\t<\/div>\n\t\t<\/div>\n\t\t\t\t\t<\/div>\n\t\t<\/section>\n\t\t\t\t<section class=\"elementor-section elementor-top-section elementor-element elementor-element-140a7c2f elementor-section-boxed elementor-section-height-default elementor-section-height-default\" data-id=\"140a7c2f\" data-element_type=\"section\" data-e-type=\"section\">\n\t\t\t\t\t\t<div class=\"elementor-container elementor-column-gap-default\">\n\t\t\t\t\t<div class=\"elementor-column elementor-col-100 elementor-top-column elementor-element elementor-element-59bb8166\" data-id=\"59bb8166\" data-element_type=\"column\" data-e-type=\"column\">\n\t\t\t<div class=\"elementor-widget-wrap elementor-element-populated\">\n\t\t\t\t\t\t<div class=\"elementor-element elementor-element-35a00fe1 elementor-widget elementor-widget-facebook-comments\" data-id=\"35a00fe1\" data-element_type=\"widget\" data-e-type=\"widget\" data-widget_type=\"facebook-comments.default\">\n\t\t\t\t<div class=\"elementor-widget-container\">\n\t\t\t\t\t\t\t<div class=\"elementor-facebook-widget fb-comments\" data-href=\"https:\/\/salutieducacioemocional.com\/ca\/?p=2204\" data-width=\"100%\" data-numposts=\"10\" data-order-by=\"social\" style=\"min-height: 1px\"><\/div>\n\t\t\t\t\t\t<\/div>\n\t\t\t\t<\/div>\n\t\t\t\t\t<\/div>\n\t\t<\/div>\n\t\t\t\t\t<\/div>\n\t\t<\/section>\n\t\t\t\t<\/div>\n\t\t","protected":false},"excerpt":{"rendered":"<p>Conf\u00e8rencia Salut Integral i Positiva (9 Novembre) Tornem a fer una conferencia, i aquest cop ser\u00e0 al Col\u00b7legi Oficial d\u2019Infermeres i Infermers de Barcelona per parlar de\u00a0salut integral\u00a0i\u00a0positiva. Com a professionals tenim el repte\u00a0d\u2019acompanyar\u00a0a la\u00a0societat\u00a0i\u00a0l\u2019individu\u00a0perqu\u00e8 el seu desenvolupament sigui saludable, i ho fem des d\u2019una mirada d\u2019actius. Creiem que aquesta salut ha de ser integral [&hellip;]<\/p>\n","protected":false},"author":1,"featured_media":2198,"comment_status":"open","ping_status":"open","sticky":false,"template":"elementor_header_footer","format":"standard","meta":{"footnotes":""},"categories":[1],"tags":[166,167],"class_list":["post-2197","post","type-post","status-publish","format-standard","has-post-thumbnail","hentry","category-sense-categoria","tag-medios-comunicacion","tag-noticias"],"yoast_head":"<!-- This site is optimized with the Yoast SEO plugin v27.4 - https:\/\/yoast.com\/product\/yoast-seo-wordpress\/ -->\n<title>Conf\u00e8rencia Salut Integral i Positiva (9 Novembre) - SEER<\/title>\n<meta name=\"robots\" content=\"index, follow, max-snippet:-1, max-image-preview:large, max-video-preview:-1\" \/>\n<link rel=\"canonical\" href=\"https:\/\/salutieducacioemocional.com\/ca\/sense-categoria\/conferencia-salut-integral-i-positiva-9-novembre\/\" \/>\n<meta property=\"og:locale\" content=\"ca_ES\" \/>\n<meta property=\"og:type\" content=\"article\" \/>\n<meta property=\"og:title\" content=\"Conf\u00e8rencia Salut Integral i Positiva (9 Novembre) - SEER\" \/>\n<meta property=\"og:description\" content=\"Conf\u00e8rencia Salut Integral i Positiva (9 Novembre) Tornem a fer una conferencia, i aquest cop ser\u00e0 al Col\u00b7legi Oficial d\u2019Infermeres i Infermers de Barcelona per parlar de\u00a0salut integral\u00a0i\u00a0positiva. Com a professionals tenim el repte\u00a0d\u2019acompanyar\u00a0a la\u00a0societat\u00a0i\u00a0l\u2019individu\u00a0perqu\u00e8 el seu desenvolupament sigui saludable, i ho fem des d\u2019una mirada d\u2019actius. Creiem que aquesta salut ha de ser integral [&hellip;]\" \/>\n<meta property=\"og:url\" content=\"https:\/\/salutieducacioemocional.com\/ca\/sense-categoria\/conferencia-salut-integral-i-positiva-9-novembre\/\" \/>\n<meta property=\"og:site_name\" content=\"SEER\" \/>\n<meta property=\"article:publisher\" content=\"https:\/\/www.facebook.com\/equipseer\" \/>\n<meta property=\"article:published_time\" content=\"2017-11-01T10:04:30+00:00\" \/>\n<meta property=\"article:modified_time\" content=\"2019-04-16T00:02:40+00:00\" \/>\n<meta property=\"og:image\" content=\"https:\/\/salutieducacioemocional.com\/wp-content\/uploads\/2018\/12\/aula-coib.jpg\" \/>\n\t<meta property=\"og:image:width\" content=\"650\" \/>\n\t<meta property=\"og:image:height\" content=\"488\" \/>\n\t<meta property=\"og:image:type\" content=\"image\/jpeg\" \/>\n<meta name=\"author\" content=\"EquipSEER\" \/>\n<meta name=\"twitter:card\" content=\"summary_large_image\" \/>\n<meta name=\"twitter:creator\" content=\"@equipseer\" \/>\n<meta name=\"twitter:site\" content=\"@equipseer\" \/>\n<script type=\"application\/ld+json\" class=\"yoast-schema-graph\">{\"@context\":\"https:\\\/\\\/schema.org\",\"@graph\":[{\"@type\":\"Article\",\"@id\":\"https:\\\/\\\/salutieducacioemocional.com\\\/ca\\\/sense-categoria\\\/conferencia-salut-integral-i-positiva-9-novembre\\\/#article\",\"isPartOf\":{\"@id\":\"https:\\\/\\\/salutieducacioemocional.com\\\/ca\\\/sense-categoria\\\/conferencia-salut-integral-i-positiva-9-novembre\\\/\"},\"author\":{\"name\":\"EquipSEER\",\"@id\":\"https:\\\/\\\/salutieducacioemocional.com\\\/#\\\/schema\\\/person\\\/5ff9b86498e028c736f70cf273bbd8be\"},\"headline\":\"Conf\u00e8rencia Salut Integral i Positiva (9 Novembre)\",\"datePublished\":\"2017-11-01T10:04:30+00:00\",\"dateModified\":\"2019-04-16T00:02:40+00:00\",\"mainEntityOfPage\":{\"@id\":\"https:\\\/\\\/salutieducacioemocional.com\\\/ca\\\/sense-categoria\\\/conferencia-salut-integral-i-positiva-9-novembre\\\/\"},\"wordCount\":341,\"commentCount\":0,\"publisher\":{\"@id\":\"https:\\\/\\\/salutieducacioemocional.com\\\/#organization\"},\"image\":{\"@id\":\"https:\\\/\\\/salutieducacioemocional.com\\\/ca\\\/sense-categoria\\\/conferencia-salut-integral-i-positiva-9-novembre\\\/#primaryimage\"},\"thumbnailUrl\":\"https:\\\/\\\/salutieducacioemocional.com\\\/wp-content\\\/uploads\\\/2018\\\/12\\\/aula-coib.jpg\",\"keywords\":[\"Medios de Comunicaci\u00f3n\",\"Noticias\"],\"inLanguage\":\"ca\",\"potentialAction\":[{\"@type\":\"CommentAction\",\"name\":\"Comment\",\"target\":[\"https:\\\/\\\/salutieducacioemocional.com\\\/ca\\\/sense-categoria\\\/conferencia-salut-integral-i-positiva-9-novembre\\\/#respond\"]}]},{\"@type\":\"WebPage\",\"@id\":\"https:\\\/\\\/salutieducacioemocional.com\\\/ca\\\/sense-categoria\\\/conferencia-salut-integral-i-positiva-9-novembre\\\/\",\"url\":\"https:\\\/\\\/salutieducacioemocional.com\\\/ca\\\/sense-categoria\\\/conferencia-salut-integral-i-positiva-9-novembre\\\/\",\"name\":\"Conf\u00e8rencia Salut Integral i Positiva (9 Novembre) - SEER\",\"isPartOf\":{\"@id\":\"https:\\\/\\\/salutieducacioemocional.com\\\/#website\"},\"primaryImageOfPage\":{\"@id\":\"https:\\\/\\\/salutieducacioemocional.com\\\/ca\\\/sense-categoria\\\/conferencia-salut-integral-i-positiva-9-novembre\\\/#primaryimage\"},\"image\":{\"@id\":\"https:\\\/\\\/salutieducacioemocional.com\\\/ca\\\/sense-categoria\\\/conferencia-salut-integral-i-positiva-9-novembre\\\/#primaryimage\"},\"thumbnailUrl\":\"https:\\\/\\\/salutieducacioemocional.com\\\/wp-content\\\/uploads\\\/2018\\\/12\\\/aula-coib.jpg\",\"datePublished\":\"2017-11-01T10:04:30+00:00\",\"dateModified\":\"2019-04-16T00:02:40+00:00\",\"breadcrumb\":{\"@id\":\"https:\\\/\\\/salutieducacioemocional.com\\\/ca\\\/sense-categoria\\\/conferencia-salut-integral-i-positiva-9-novembre\\\/#breadcrumb\"},\"inLanguage\":\"ca\",\"potentialAction\":[{\"@type\":\"ReadAction\",\"target\":[\"https:\\\/\\\/salutieducacioemocional.com\\\/ca\\\/sense-categoria\\\/conferencia-salut-integral-i-positiva-9-novembre\\\/\"]}]},{\"@type\":\"ImageObject\",\"inLanguage\":\"ca\",\"@id\":\"https:\\\/\\\/salutieducacioemocional.com\\\/ca\\\/sense-categoria\\\/conferencia-salut-integral-i-positiva-9-novembre\\\/#primaryimage\",\"url\":\"https:\\\/\\\/salutieducacioemocional.com\\\/wp-content\\\/uploads\\\/2018\\\/12\\\/aula-coib.jpg\",\"contentUrl\":\"https:\\\/\\\/salutieducacioemocional.com\\\/wp-content\\\/uploads\\\/2018\\\/12\\\/aula-coib.jpg\",\"width\":650,\"height\":488},{\"@type\":\"BreadcrumbList\",\"@id\":\"https:\\\/\\\/salutieducacioemocional.com\\\/ca\\\/sense-categoria\\\/conferencia-salut-integral-i-positiva-9-novembre\\\/#breadcrumb\",\"itemListElement\":[{\"@type\":\"ListItem\",\"position\":1,\"name\":\"Portada\",\"item\":\"https:\\\/\\\/salutieducacioemocional.com\\\/\"},{\"@type\":\"ListItem\",\"position\":2,\"name\":\"Conf\u00e8rencia Salut Integral i Positiva (9 Novembre)\"}]},{\"@type\":\"WebSite\",\"@id\":\"https:\\\/\\\/salutieducacioemocional.com\\\/#website\",\"url\":\"https:\\\/\\\/salutieducacioemocional.com\\\/\",\"name\":\"SEER\",\"description\":\"Salut i Educaci\u00f3 Emocional\",\"publisher\":{\"@id\":\"https:\\\/\\\/salutieducacioemocional.com\\\/#organization\"},\"potentialAction\":[{\"@type\":\"SearchAction\",\"target\":{\"@type\":\"EntryPoint\",\"urlTemplate\":\"https:\\\/\\\/salutieducacioemocional.com\\\/?s={search_term_string}\"},\"query-input\":{\"@type\":\"PropertyValueSpecification\",\"valueRequired\":true,\"valueName\":\"search_term_string\"}}],\"inLanguage\":\"ca\"},{\"@type\":\"Organization\",\"@id\":\"https:\\\/\\\/salutieducacioemocional.com\\\/#organization\",\"name\":\"Salut i Educaci\u00f3 Emocional S.L\",\"alternateName\":\"SEER\",\"url\":\"https:\\\/\\\/salutieducacioemocional.com\\\/\",\"logo\":{\"@type\":\"ImageObject\",\"inLanguage\":\"ca\",\"@id\":\"https:\\\/\\\/salutieducacioemocional.com\\\/#\\\/schema\\\/logo\\\/image\\\/\",\"url\":\"https:\\\/\\\/salutieducacioemocional.com\\\/wp-content\\\/uploads\\\/2018\\\/12\\\/cropped-educacion-emocional-seer-e1545471861400.png\",\"contentUrl\":\"https:\\\/\\\/salutieducacioemocional.com\\\/wp-content\\\/uploads\\\/2018\\\/12\\\/cropped-educacion-emocional-seer-e1545471861400.png\",\"width\":200,\"height\":78,\"caption\":\"Salut i Educaci\u00f3 Emocional S.L\"},\"image\":{\"@id\":\"https:\\\/\\\/salutieducacioemocional.com\\\/#\\\/schema\\\/logo\\\/image\\\/\"},\"sameAs\":[\"https:\\\/\\\/www.facebook.com\\\/equipseer\",\"https:\\\/\\\/x.com\\\/equipseer\",\"https:\\\/\\\/www.instagram.com\\\/equipseer\\\/\",\"https:\\\/\\\/www.linkedin.com\\\/company\\\/9231569\\\/admin\\\/\",\"https:\\\/\\\/www.youtube.com\\\/@equipseer\",\"https:\\\/\\\/t.me\\\/seer_info\"]},{\"@type\":\"Person\",\"@id\":\"https:\\\/\\\/salutieducacioemocional.com\\\/#\\\/schema\\\/person\\\/5ff9b86498e028c736f70cf273bbd8be\",\"name\":\"EquipSEER\",\"image\":{\"@type\":\"ImageObject\",\"inLanguage\":\"ca\",\"@id\":\"https:\\\/\\\/secure.gravatar.com\\\/avatar\\\/a791e1b54851c4df706081fe7247ada89b2947f29168abc2ebfb33461f537949?s=96&d=mm&r=g\",\"url\":\"https:\\\/\\\/secure.gravatar.com\\\/avatar\\\/a791e1b54851c4df706081fe7247ada89b2947f29168abc2ebfb33461f537949?s=96&d=mm&r=g\",\"contentUrl\":\"https:\\\/\\\/secure.gravatar.com\\\/avatar\\\/a791e1b54851c4df706081fe7247ada89b2947f29168abc2ebfb33461f537949?s=96&d=mm&r=g\",\"caption\":\"EquipSEER\"},\"url\":\"https:\\\/\\\/salutieducacioemocional.com\\\/ca\\\/author\\\/salutnueva\\\/\"}]}<\/script>\n<!-- \/ Yoast SEO plugin. -->","yoast_head_json":{"title":"Conf\u00e8rencia Salut Integral i Positiva (9 Novembre) - SEER","robots":{"index":"index","follow":"follow","max-snippet":"max-snippet:-1","max-image-preview":"max-image-preview:large","max-video-preview":"max-video-preview:-1"},"canonical":"https:\/\/salutieducacioemocional.com\/ca\/sense-categoria\/conferencia-salut-integral-i-positiva-9-novembre\/","og_locale":"ca_ES","og_type":"article","og_title":"Conf\u00e8rencia Salut Integral i Positiva (9 Novembre) - SEER","og_description":"Conf\u00e8rencia Salut Integral i Positiva (9 Novembre) Tornem a fer una conferencia, i aquest cop ser\u00e0 al Col\u00b7legi Oficial d\u2019Infermeres i Infermers de Barcelona per parlar de\u00a0salut integral\u00a0i\u00a0positiva. Com a professionals tenim el repte\u00a0d\u2019acompanyar\u00a0a la\u00a0societat\u00a0i\u00a0l\u2019individu\u00a0perqu\u00e8 el seu desenvolupament sigui saludable, i ho fem des d\u2019una mirada d\u2019actius. Creiem que aquesta salut ha de ser integral [&hellip;]","og_url":"https:\/\/salutieducacioemocional.com\/ca\/sense-categoria\/conferencia-salut-integral-i-positiva-9-novembre\/","og_site_name":"SEER","article_publisher":"https:\/\/www.facebook.com\/equipseer","article_published_time":"2017-11-01T10:04:30+00:00","article_modified_time":"2019-04-16T00:02:40+00:00","og_image":[{"width":650,"height":488,"url":"https:\/\/salutieducacioemocional.com\/wp-content\/uploads\/2018\/12\/aula-coib.jpg","type":"image\/jpeg"}],"author":"EquipSEER","twitter_card":"summary_large_image","twitter_creator":"@equipseer","twitter_site":"@equipseer","schema":{"@context":"https:\/\/schema.org","@graph":[{"@type":"Article","@id":"https:\/\/salutieducacioemocional.com\/ca\/sense-categoria\/conferencia-salut-integral-i-positiva-9-novembre\/#article","isPartOf":{"@id":"https:\/\/salutieducacioemocional.com\/ca\/sense-categoria\/conferencia-salut-integral-i-positiva-9-novembre\/"},"author":{"name":"EquipSEER","@id":"https:\/\/salutieducacioemocional.com\/#\/schema\/person\/5ff9b86498e028c736f70cf273bbd8be"},"headline":"Conf\u00e8rencia Salut Integral i Positiva (9 Novembre)","datePublished":"2017-11-01T10:04:30+00:00","dateModified":"2019-04-16T00:02:40+00:00","mainEntityOfPage":{"@id":"https:\/\/salutieducacioemocional.com\/ca\/sense-categoria\/conferencia-salut-integral-i-positiva-9-novembre\/"},"wordCount":341,"commentCount":0,"publisher":{"@id":"https:\/\/salutieducacioemocional.com\/#organization"},"image":{"@id":"https:\/\/salutieducacioemocional.com\/ca\/sense-categoria\/conferencia-salut-integral-i-positiva-9-novembre\/#primaryimage"},"thumbnailUrl":"https:\/\/salutieducacioemocional.com\/wp-content\/uploads\/2018\/12\/aula-coib.jpg","keywords":["Medios de Comunicaci\u00f3n","Noticias"],"inLanguage":"ca","potentialAction":[{"@type":"CommentAction","name":"Comment","target":["https:\/\/salutieducacioemocional.com\/ca\/sense-categoria\/conferencia-salut-integral-i-positiva-9-novembre\/#respond"]}]},{"@type":"WebPage","@id":"https:\/\/salutieducacioemocional.com\/ca\/sense-categoria\/conferencia-salut-integral-i-positiva-9-novembre\/","url":"https:\/\/salutieducacioemocional.com\/ca\/sense-categoria\/conferencia-salut-integral-i-positiva-9-novembre\/","name":"Conf\u00e8rencia Salut Integral i Positiva (9 Novembre) - SEER","isPartOf":{"@id":"https:\/\/salutieducacioemocional.com\/#website"},"primaryImageOfPage":{"@id":"https:\/\/salutieducacioemocional.com\/ca\/sense-categoria\/conferencia-salut-integral-i-positiva-9-novembre\/#primaryimage"},"image":{"@id":"https:\/\/salutieducacioemocional.com\/ca\/sense-categoria\/conferencia-salut-integral-i-positiva-9-novembre\/#primaryimage"},"thumbnailUrl":"https:\/\/salutieducacioemocional.com\/wp-content\/uploads\/2018\/12\/aula-coib.jpg","datePublished":"2017-11-01T10:04:30+00:00","dateModified":"2019-04-16T00:02:40+00:00","breadcrumb":{"@id":"https:\/\/salutieducacioemocional.com\/ca\/sense-categoria\/conferencia-salut-integral-i-positiva-9-novembre\/#breadcrumb"},"inLanguage":"ca","potentialAction":[{"@type":"ReadAction","target":["https:\/\/salutieducacioemocional.com\/ca\/sense-categoria\/conferencia-salut-integral-i-positiva-9-novembre\/"]}]},{"@type":"ImageObject","inLanguage":"ca","@id":"https:\/\/salutieducacioemocional.com\/ca\/sense-categoria\/conferencia-salut-integral-i-positiva-9-novembre\/#primaryimage","url":"https:\/\/salutieducacioemocional.com\/wp-content\/uploads\/2018\/12\/aula-coib.jpg","contentUrl":"https:\/\/salutieducacioemocional.com\/wp-content\/uploads\/2018\/12\/aula-coib.jpg","width":650,"height":488},{"@type":"BreadcrumbList","@id":"https:\/\/salutieducacioemocional.com\/ca\/sense-categoria\/conferencia-salut-integral-i-positiva-9-novembre\/#breadcrumb","itemListElement":[{"@type":"ListItem","position":1,"name":"Portada","item":"https:\/\/salutieducacioemocional.com\/"},{"@type":"ListItem","position":2,"name":"Conf\u00e8rencia Salut Integral i Positiva (9 Novembre)"}]},{"@type":"WebSite","@id":"https:\/\/salutieducacioemocional.com\/#website","url":"https:\/\/salutieducacioemocional.com\/","name":"SEER","description":"Salut i Educaci\u00f3 Emocional","publisher":{"@id":"https:\/\/salutieducacioemocional.com\/#organization"},"potentialAction":[{"@type":"SearchAction","target":{"@type":"EntryPoint","urlTemplate":"https:\/\/salutieducacioemocional.com\/?s={search_term_string}"},"query-input":{"@type":"PropertyValueSpecification","valueRequired":true,"valueName":"search_term_string"}}],"inLanguage":"ca"},{"@type":"Organization","@id":"https:\/\/salutieducacioemocional.com\/#organization","name":"Salut i Educaci\u00f3 Emocional S.L","alternateName":"SEER","url":"https:\/\/salutieducacioemocional.com\/","logo":{"@type":"ImageObject","inLanguage":"ca","@id":"https:\/\/salutieducacioemocional.com\/#\/schema\/logo\/image\/","url":"https:\/\/salutieducacioemocional.com\/wp-content\/uploads\/2018\/12\/cropped-educacion-emocional-seer-e1545471861400.png","contentUrl":"https:\/\/salutieducacioemocional.com\/wp-content\/uploads\/2018\/12\/cropped-educacion-emocional-seer-e1545471861400.png","width":200,"height":78,"caption":"Salut i Educaci\u00f3 Emocional S.L"},"image":{"@id":"https:\/\/salutieducacioemocional.com\/#\/schema\/logo\/image\/"},"sameAs":["https:\/\/www.facebook.com\/equipseer","https:\/\/x.com\/equipseer","https:\/\/www.instagram.com\/equipseer\/","https:\/\/www.linkedin.com\/company\/9231569\/admin\/","https:\/\/www.youtube.com\/@equipseer","https:\/\/t.me\/seer_info"]},{"@type":"Person","@id":"https:\/\/salutieducacioemocional.com\/#\/schema\/person\/5ff9b86498e028c736f70cf273bbd8be","name":"EquipSEER","image":{"@type":"ImageObject","inLanguage":"ca","@id":"https:\/\/secure.gravatar.com\/avatar\/a791e1b54851c4df706081fe7247ada89b2947f29168abc2ebfb33461f537949?s=96&d=mm&r=g","url":"https:\/\/secure.gravatar.com\/avatar\/a791e1b54851c4df706081fe7247ada89b2947f29168abc2ebfb33461f537949?s=96&d=mm&r=g","contentUrl":"https:\/\/secure.gravatar.com\/avatar\/a791e1b54851c4df706081fe7247ada89b2947f29168abc2ebfb33461f537949?s=96&d=mm&r=g","caption":"EquipSEER"},"url":"https:\/\/salutieducacioemocional.com\/ca\/author\/salutnueva\/"}]}},"_links":{"self":[{"href":"https:\/\/salutieducacioemocional.com\/ca\/wp-json\/wp\/v2\/posts\/2197","targetHints":{"allow":["GET"]}}],"collection":[{"href":"https:\/\/salutieducacioemocional.com\/ca\/wp-json\/wp\/v2\/posts"}],"about":[{"href":"https:\/\/salutieducacioemocional.com\/ca\/wp-json\/wp\/v2\/types\/post"}],"author":[{"embeddable":true,"href":"https:\/\/salutieducacioemocional.com\/ca\/wp-json\/wp\/v2\/users\/1"}],"replies":[{"embeddable":true,"href":"https:\/\/salutieducacioemocional.com\/ca\/wp-json\/wp\/v2\/comments?post=2197"}],"version-history":[{"count":7,"href":"https:\/\/salutieducacioemocional.com\/ca\/wp-json\/wp\/v2\/posts\/2197\/revisions"}],"predecessor-version":[{"id":3854,"href":"https:\/\/salutieducacioemocional.com\/ca\/wp-json\/wp\/v2\/posts\/2197\/revisions\/3854"}],"wp:featuredmedia":[{"embeddable":true,"href":"https:\/\/salutieducacioemocional.com\/ca\/wp-json\/wp\/v2\/media\/2198"}],"wp:attachment":[{"href":"https:\/\/salutieducacioemocional.com\/ca\/wp-json\/wp\/v2\/media?parent=2197"}],"wp:term":[{"taxonomy":"category","embeddable":true,"href":"https:\/\/salutieducacioemocional.com\/ca\/wp-json\/wp\/v2\/categories?post=2197"},{"taxonomy":"post_tag","embeddable":true,"href":"https:\/\/salutieducacioemocional.com\/ca\/wp-json\/wp\/v2\/tags?post=2197"}],"curies":[{"name":"wp","href":"https:\/\/api.w.org\/{rel}","templated":true}]}}