{"id":2249,"date":"2017-11-02T11:31:39","date_gmt":"2017-11-02T11:31:39","guid":{"rendered":"http:\/\/salutieducacioemocional.com\/?p=2249"},"modified":"2019-04-15T22:03:04","modified_gmt":"2019-04-15T22:03:04","slug":"equip-seer-al-seminari-de-coordinadors-pedagogics-crp-valles-oriental-i","status":"publish","type":"post","link":"https:\/\/salutieducacioemocional.com\/ca\/noticies\/equip-seer-al-seminari-de-coordinadors-pedagogics-crp-valles-oriental-i\/","title":{"rendered":"Equip SEER al Seminari de Coordinadors Pedag\u00f2gics (CRP Vall\u00e8s Oriental I)"},"content":{"rendered":"\t\t<div data-elementor-type=\"wp-post\" data-elementor-id=\"2249\" class=\"elementor elementor-2249\" data-elementor-post-type=\"post\">\n\t\t\t\t\t\t<section class=\"elementor-section elementor-top-section elementor-element elementor-element-739af2b3 elementor-section-boxed elementor-section-height-default elementor-section-height-default\" data-id=\"739af2b3\" data-element_type=\"section\" data-e-type=\"section\">\n\t\t\t\t\t\t<div class=\"elementor-container elementor-column-gap-default\">\n\t\t\t\t\t<div class=\"elementor-column elementor-col-100 elementor-top-column elementor-element elementor-element-368ade8c\" data-id=\"368ade8c\" data-element_type=\"column\" data-e-type=\"column\">\n\t\t\t<div class=\"elementor-widget-wrap elementor-element-populated\">\n\t\t\t\t\t\t<div class=\"elementor-element elementor-element-352df8ff elementor-widget elementor-widget-heading\" data-id=\"352df8ff\" data-element_type=\"widget\" data-e-type=\"widget\" data-widget_type=\"heading.default\">\n\t\t\t\t<div class=\"elementor-widget-container\">\n\t\t\t\t\t<h1 class=\"elementor-heading-title elementor-size-large\">Equip SEER al Seminari de Coordinadors Pedag\u00f2gics (CRP Vall\u00e8s Oriental I)<\/h1>\t\t\t\t<\/div>\n\t\t\t\t<\/div>\n\t\t\t\t<div class=\"elementor-element elementor-element-c172873 elementor-widget-divider--view-line elementor-widget elementor-widget-divider\" data-id=\"c172873\" data-element_type=\"widget\" data-e-type=\"widget\" data-widget_type=\"divider.default\">\n\t\t\t\t<div class=\"elementor-widget-container\">\n\t\t\t\t\t\t\t<div class=\"elementor-divider\">\n\t\t\t<span class=\"elementor-divider-separator\">\n\t\t\t\t\t\t<\/span>\n\t\t<\/div>\n\t\t\t\t\t\t<\/div>\n\t\t\t\t<\/div>\n\t\t\t\t<div class=\"elementor-element elementor-element-b3388bb elementor-widget elementor-widget-heading\" data-id=\"b3388bb\" data-element_type=\"widget\" data-e-type=\"widget\" data-widget_type=\"heading.default\">\n\t\t\t\t<div class=\"elementor-widget-container\">\n\t\t\t\t\t<h2 class=\"elementor-heading-title elementor-size-medium\">EDUCACI\u00d3 EMOCIONAL EN LA GESTI\u00d3 I ACOMPANYAMENT DEL CLIMA D\u2019AULA\n<\/h2>\t\t\t\t<\/div>\n\t\t\t\t<\/div>\n\t\t\t\t\t<\/div>\n\t\t<\/div>\n\t\t\t\t\t<\/div>\n\t\t<\/section>\n\t\t\t\t<section class=\"elementor-section elementor-top-section elementor-element elementor-element-d536b30 elementor-section-boxed elementor-section-height-default elementor-section-height-default\" data-id=\"d536b30\" data-element_type=\"section\" data-e-type=\"section\">\n\t\t\t\t\t\t<div class=\"elementor-container elementor-column-gap-default\">\n\t\t\t\t\t<div class=\"elementor-column elementor-col-100 elementor-top-column elementor-element elementor-element-3352ad73\" data-id=\"3352ad73\" data-element_type=\"column\" data-e-type=\"column\">\n\t\t\t<div class=\"elementor-widget-wrap elementor-element-populated\">\n\t\t\t\t\t\t<div class=\"elementor-element elementor-element-c6d4c81 elementor-widget elementor-widget-theme-post-featured-image elementor-widget-image\" data-id=\"c6d4c81\" data-element_type=\"widget\" data-e-type=\"widget\" data-widget_type=\"theme-post-featured-image.default\">\n\t\t\t\t<div class=\"elementor-widget-container\">\n\t\t\t\t\t\t\t\t\t\t\t\t\t\t\t<img fetchpriority=\"high\" decoding=\"async\" width=\"300\" height=\"202\" src=\"https:\/\/salutieducacioemocional.com\/wp-content\/uploads\/2018\/12\/seminari-granollers-coordinadors-pedagogics.jpg\" class=\"attachment-large size-large wp-image-2250\" alt=\"\" \/>\t\t\t\t\t\t\t\t\t\t\t\t\t\t\t<\/div>\n\t\t\t\t<\/div>\n\t\t\t\t\t<\/div>\n\t\t<\/div>\n\t\t\t\t\t<\/div>\n\t\t<\/section>\n\t\t\t\t<section class=\"elementor-section elementor-top-section elementor-element elementor-element-56b94146 elementor-section-boxed elementor-section-height-default elementor-section-height-default\" data-id=\"56b94146\" data-element_type=\"section\" data-e-type=\"section\">\n\t\t\t\t\t\t<div class=\"elementor-container elementor-column-gap-default\">\n\t\t\t\t\t<div class=\"elementor-column elementor-col-100 elementor-top-column elementor-element elementor-element-7c80ddcf\" data-id=\"7c80ddcf\" data-element_type=\"column\" data-e-type=\"column\">\n\t\t\t<div class=\"elementor-widget-wrap elementor-element-populated\">\n\t\t\t\t\t\t<div class=\"elementor-element elementor-element-7fd4da90 elementor-widget elementor-widget-text-editor\" data-id=\"7fd4da90\" data-element_type=\"widget\" data-e-type=\"widget\" data-widget_type=\"text-editor.default\">\n\t\t\t\t<div class=\"elementor-widget-container\">\n\t\t\t\t\t\t\t\t\t<p>El passat dilluns 22 de gener varem tancar una petita formaci\u00f3 d\u2019acompanyament dins el Seminari de Coordinadors\/es pedag\u00f2gics\/ques organitzat pel CRP del Vall\u00e8s Oriental I (Granollers, Les franqueses, Canovelles, La Roca-St Agn\u00e8s). Una oportunitat genial per acompanyar des de l\u2019educaci\u00f3 emocional l\u2019aposta de l\u2019equip de professionals que en pro de l\u2019evoluci\u00f3 dels centres participants.<\/p><p>De la m\u00e0 d\u2019Oriol Juli\u00e0 i Ramiro Orteg\u00f3n, formadors d\u2019Equip SEER, varem compartir dos espais de treball recollits a IES\u00a0Celest\u00ed\u00a0Bellera i que acollia representants del propi centre aix\u00ed com companys\/es del INS Marta Estrada, IES La Roca, IES Carles Vallbona, INS Bellulla, Educem, Escola Municipal del Treball, INS Domus d\u2019Olivet, INS El Til\u00b7ler, INS Antoni Cumella,\u00a0IES Lauro i, com a convidat Col\u00b7legi l\u2019Estel.<\/p><p>Un plaer haver compartit un espai de bolcat de recursos i mirada, un espai on projectar a cada centre un model i mirada de desenvolupament saludable de la personalitat des del propi creixement del\u00a0<\/p>\t\t\t\t\t\t\t\t<\/div>\n\t\t\t\t<\/div>\n\t\t\t\t<div class=\"elementor-element elementor-element-d31aee9 elementor-align-center elementor-widget elementor-widget-post-info\" data-id=\"d31aee9\" data-element_type=\"widget\" data-e-type=\"widget\" data-widget_type=\"post-info.default\">\n\t\t\t\t<div class=\"elementor-widget-container\">\n\t\t\t\t\t\t\t<ul class=\"elementor-inline-items elementor-icon-list-items elementor-post-info\">\n\t\t\t\t\t\t\t\t<li class=\"elementor-icon-list-item elementor-repeater-item-83e89a0 elementor-inline-item\" itemprop=\"datePublished\">\n\t\t\t\t\t\t<a href=\"https:\/\/salutieducacioemocional.com\/ca\/2017\/11\/02\/\">\n\t\t\t\t\t\t\t\t\t\t\t<span class=\"elementor-icon-list-icon\">\n\t\t\t\t\t\t\t\t\t\t\t\t\t\t<i class=\"fa fa-calendar\" aria-hidden=\"true\"><\/i>\n\t\t\t\t\t\t\t\t\t\t\t\t<\/span>\n\t\t\t\t\t\t\t\t\t<span class=\"elementor-icon-list-text elementor-post-info__item elementor-post-info__item--type-date\">\n\t\t\t\t\t\t\t\t\t\t<time>novembre 2, 2017<\/time>\t\t\t\t\t<\/span>\n\t\t\t\t\t\t\t\t\t<\/a>\n\t\t\t\t<\/li>\n\t\t\t\t<\/ul>\n\t\t\t\t\t\t<\/div>\n\t\t\t\t<\/div>\n\t\t\t\t<div class=\"elementor-element elementor-element-2573e22d elementor-share-buttons--shape-rounded elementor-share-buttons--view-icon-text elementor-share-buttons--skin-gradient elementor-grid-0 elementor-share-buttons--color-official elementor-widget elementor-widget-share-buttons\" data-id=\"2573e22d\" data-element_type=\"widget\" data-e-type=\"widget\" data-widget_type=\"share-buttons.default\">\n\t\t\t\t<div class=\"elementor-widget-container\">\n\t\t\t\t\t\t\t<div class=\"elementor-grid\" role=\"list\">\n\t\t\t\t\t\t\t\t<div class=\"elementor-grid-item\" role=\"listitem\">\n\t\t\t\t\t\t<div class=\"elementor-share-btn elementor-share-btn_facebook\" role=\"button\" tabindex=\"0\" aria-label=\"Compartici\u00f3 en facebook\">\n\t\t\t\t\t\t\t\t\t\t\t\t\t\t\t<span class=\"elementor-share-btn__icon\">\n\t\t\t\t\t\t\t\t<i class=\"fab fa-facebook\" aria-hidden=\"true\"><\/i>\t\t\t\t\t\t\t<\/span>\n\t\t\t\t\t\t\t\t\t\t\t\t\t\t\t\t\t\t\t\t\t\t<div class=\"elementor-share-btn__text\">\n\t\t\t\t\t\t\t\t\t\t\t\t\t\t\t\t\t\t\t<span class=\"elementor-share-btn__title\">\n\t\t\t\t\t\t\t\t\t\tFacebook\t\t\t\t\t\t\t\t\t<\/span>\n\t\t\t\t\t\t\t\t\t\t\t\t\t\t\t\t\t<\/div>\n\t\t\t\t\t\t\t\t\t\t\t\t\t<\/div>\n\t\t\t\t\t<\/div>\n\t\t\t\t\t\t\t\t\t<div class=\"elementor-grid-item\" role=\"listitem\">\n\t\t\t\t\t\t<div class=\"elementor-share-btn elementor-share-btn_twitter\" role=\"button\" tabindex=\"0\" aria-label=\"Compartici\u00f3 en twitter\">\n\t\t\t\t\t\t\t\t\t\t\t\t\t\t\t<span class=\"elementor-share-btn__icon\">\n\t\t\t\t\t\t\t\t<i class=\"fab fa-twitter\" aria-hidden=\"true\"><\/i>\t\t\t\t\t\t\t<\/span>\n\t\t\t\t\t\t\t\t\t\t\t\t\t\t\t\t\t\t\t\t\t\t<div class=\"elementor-share-btn__text\">\n\t\t\t\t\t\t\t\t\t\t\t\t\t\t\t\t\t\t\t<span class=\"elementor-share-btn__title\">\n\t\t\t\t\t\t\t\t\t\tTwitter\t\t\t\t\t\t\t\t\t<\/span>\n\t\t\t\t\t\t\t\t\t\t\t\t\t\t\t\t\t<\/div>\n\t\t\t\t\t\t\t\t\t\t\t\t\t<\/div>\n\t\t\t\t\t<\/div>\n\t\t\t\t\t\t\t\t\t<div class=\"elementor-grid-item\" role=\"listitem\">\n\t\t\t\t\t\t<div class=\"elementor-share-btn elementor-share-btn_linkedin\" role=\"button\" tabindex=\"0\" aria-label=\"Compartici\u00f3 en linkedin\">\n\t\t\t\t\t\t\t\t\t\t\t\t\t\t\t<span class=\"elementor-share-btn__icon\">\n\t\t\t\t\t\t\t\t<i class=\"fab fa-linkedin\" aria-hidden=\"true\"><\/i>\t\t\t\t\t\t\t<\/span>\n\t\t\t\t\t\t\t\t\t\t\t\t\t\t\t\t\t\t\t\t\t\t<div class=\"elementor-share-btn__text\">\n\t\t\t\t\t\t\t\t\t\t\t\t\t\t\t\t\t\t\t<span class=\"elementor-share-btn__title\">\n\t\t\t\t\t\t\t\t\t\tLinkedIn\t\t\t\t\t\t\t\t\t<\/span>\n\t\t\t\t\t\t\t\t\t\t\t\t\t\t\t\t\t<\/div>\n\t\t\t\t\t\t\t\t\t\t\t\t\t<\/div>\n\t\t\t\t\t<\/div>\n\t\t\t\t\t\t\t\t\t<div class=\"elementor-grid-item\" role=\"listitem\">\n\t\t\t\t\t\t<div class=\"elementor-share-btn elementor-share-btn_whatsapp\" role=\"button\" tabindex=\"0\" aria-label=\"Compartici\u00f3 en whatsapp\">\n\t\t\t\t\t\t\t\t\t\t\t\t\t\t\t<span class=\"elementor-share-btn__icon\">\n\t\t\t\t\t\t\t\t<i class=\"fab fa-whatsapp\" aria-hidden=\"true\"><\/i>\t\t\t\t\t\t\t<\/span>\n\t\t\t\t\t\t\t\t\t\t\t\t\t\t\t\t\t\t\t\t\t\t<div class=\"elementor-share-btn__text\">\n\t\t\t\t\t\t\t\t\t\t\t\t\t\t\t\t\t\t\t<span class=\"elementor-share-btn__title\">\n\t\t\t\t\t\t\t\t\t\tWhatsApp\t\t\t\t\t\t\t\t\t<\/span>\n\t\t\t\t\t\t\t\t\t\t\t\t\t\t\t\t\t<\/div>\n\t\t\t\t\t\t\t\t\t\t\t\t\t<\/div>\n\t\t\t\t\t<\/div>\n\t\t\t\t\t\t<\/div>\n\t\t\t\t\t\t<\/div>\n\t\t\t\t<\/div>\n\t\t\t\t\t<\/div>\n\t\t<\/div>\n\t\t\t\t\t<\/div>\n\t\t<\/section>\n\t\t\t\t<section class=\"elementor-section elementor-top-section elementor-element elementor-element-22eee4af elementor-section-boxed elementor-section-height-default elementor-section-height-default\" data-id=\"22eee4af\" data-element_type=\"section\" data-e-type=\"section\">\n\t\t\t\t\t\t<div class=\"elementor-container elementor-column-gap-default\">\n\t\t\t\t\t<div class=\"elementor-column elementor-col-100 elementor-top-column elementor-element elementor-element-13f2a5d2\" data-id=\"13f2a5d2\" data-element_type=\"column\" data-e-type=\"column\">\n\t\t\t<div class=\"elementor-widget-wrap elementor-element-populated\">\n\t\t\t\t\t\t<div class=\"elementor-element elementor-element-116d112d elementor-grid-3 elementor-grid-tablet-2 elementor-grid-mobile-1 elementor-posts--thumbnail-top elementor-card-shadow-yes elementor-posts__hover-gradient elementor-widget elementor-widget-posts\" data-id=\"116d112d\" data-element_type=\"widget\" data-e-type=\"widget\" data-settings=\"{&quot;cards_columns&quot;:&quot;3&quot;,&quot;cards_columns_tablet&quot;:&quot;2&quot;,&quot;cards_columns_mobile&quot;:&quot;1&quot;,&quot;cards_row_gap&quot;:{&quot;unit&quot;:&quot;px&quot;,&quot;size&quot;:35,&quot;sizes&quot;:[]},&quot;cards_row_gap_tablet&quot;:{&quot;unit&quot;:&quot;px&quot;,&quot;size&quot;:&quot;&quot;,&quot;sizes&quot;:[]},&quot;cards_row_gap_mobile&quot;:{&quot;unit&quot;:&quot;px&quot;,&quot;size&quot;:&quot;&quot;,&quot;sizes&quot;:[]}}\" data-widget_type=\"posts.cards\">\n\t\t\t\t<div class=\"elementor-widget-container\">\n\t\t\t\t\t\t\t<div class=\"elementor-posts-container elementor-posts elementor-posts--skin-cards elementor-grid\" role=\"list\">\n\t\t\t\t<article class=\"elementor-post elementor-grid-item post-2197 post type-post status-publish format-standard has-post-thumbnail hentry category-sense-categoria tag-medios-comunicacion tag-noticias\" role=\"listitem\">\n\t\t\t<div class=\"elementor-post__card\">\n\t\t\t\t<a class=\"elementor-post__thumbnail__link\" href=\"https:\/\/salutieducacioemocional.com\/ca\/sense-categoria\/conferencia-salut-integral-i-positiva-9-novembre\/\" tabindex=\"-1\" ><div class=\"elementor-post__thumbnail\"><img decoding=\"async\" width=\"300\" height=\"225\" src=\"https:\/\/salutieducacioemocional.com\/wp-content\/uploads\/2018\/12\/aula-coib-300x225.jpg\" class=\"attachment-medium size-medium wp-image-2198\" alt=\"\" srcset=\"https:\/\/salutieducacioemocional.com\/wp-content\/uploads\/2018\/12\/aula-coib-300x225.jpg 300w, https:\/\/salutieducacioemocional.com\/wp-content\/uploads\/2018\/12\/aula-coib-600x450.jpg 600w, https:\/\/salutieducacioemocional.com\/wp-content\/uploads\/2018\/12\/aula-coib.jpg 650w\" sizes=\"(max-width: 300px) 100vw, 300px\" \/><\/div><\/a>\n\t\t\t\t<div class=\"elementor-post__badge\">Medios de Comunicaci\u00f3n<\/div>\n\t\t\t\t<div class=\"elementor-post__text\">\n\t\t\t\t<p class=\"elementor-post__title\">\n\t\t\t<a href=\"https:\/\/salutieducacioemocional.com\/ca\/sense-categoria\/conferencia-salut-integral-i-positiva-9-novembre\/\" >\n\t\t\t\tConf\u00e8rencia Salut Integral i Positiva (9 Novembre)\t\t\t<\/a>\n\t\t<\/p>\n\t\t\t\t<div class=\"elementor-post__excerpt\">\n\t\t\t<p>Conf\u00e8rencia Salut Integral i Positiva (9 Novembre) Tornem a fer una conferencia, i aquest cop ser\u00e0 al Col\u00b7legi Oficial d\u2019Infermeres i Infermers de Barcelona per<\/p>\n\t\t<\/div>\n\t\t\t\t<\/div>\n\t\t\t\t\t<\/div>\n\t\t<\/article>\n\t\t\t\t<article class=\"elementor-post elementor-grid-item post-2204 post type-post status-publish format-standard has-post-thumbnail hentry category-sin-categoria tag-educacion-emocional tag-noticias\" role=\"listitem\">\n\t\t\t<div class=\"elementor-post__card\">\n\t\t\t\t<a class=\"elementor-post__thumbnail__link\" href=\"https:\/\/salutieducacioemocional.com\/ca\/sense-categoria\/acte-de-reconeixement-de-la-policia-de-barri-de-la-ciutat-de-barcelona\/\" tabindex=\"-1\" ><div class=\"elementor-post__thumbnail\"><img decoding=\"async\" width=\"300\" height=\"225\" src=\"https:\/\/salutieducacioemocional.com\/wp-content\/uploads\/2018\/12\/acte-reconeixement-policia-barri-barcelona-seer-300x225.jpg\" class=\"attachment-medium size-medium wp-image-2208\" alt=\"SEER i la Policia de Barri Gu\u00e0rdia Urbana\" srcset=\"https:\/\/salutieducacioemocional.com\/wp-content\/uploads\/2018\/12\/acte-reconeixement-policia-barri-barcelona-seer-300x225.jpg 300w, https:\/\/salutieducacioemocional.com\/wp-content\/uploads\/2018\/12\/acte-reconeixement-policia-barri-barcelona-seer-600x450.jpg 600w, https:\/\/salutieducacioemocional.com\/wp-content\/uploads\/2018\/12\/acte-reconeixement-policia-barri-barcelona-seer.jpg 650w\" sizes=\"(max-width: 300px) 100vw, 300px\" \/><\/div><\/a>\n\t\t\t\t<div class=\"elementor-post__badge\">Educaci\u00f3n Emocional<\/div>\n\t\t\t\t<div class=\"elementor-post__text\">\n\t\t\t\t<p class=\"elementor-post__title\">\n\t\t\t<a href=\"https:\/\/salutieducacioemocional.com\/ca\/sense-categoria\/acte-de-reconeixement-de-la-policia-de-barri-de-la-ciutat-de-barcelona\/\" >\n\t\t\t\tActe de Reconeixement de la Policia de Barri de la Ciutat de Barcelona\t\t\t<\/a>\n\t\t<\/p>\n\t\t\t\t<div class=\"elementor-post__excerpt\">\n\t\t\t<p>Acte de Reconeixement de la Policia de Barri de la Ciutat de Barcelona Des de l\u2019inici del projecte formatiu de Policia de Barri de la<\/p>\n\t\t<\/div>\n\t\t\t\t<\/div>\n\t\t\t\t\t<\/div>\n\t\t<\/article>\n\t\t\t\t<article class=\"elementor-post elementor-grid-item post-2111 post type-post status-publish format-standard has-post-thumbnail hentry category-medios-comunicacion tag-medios-comunicacion tag-noticias\" role=\"listitem\">\n\t\t\t<div class=\"elementor-post__card\">\n\t\t\t\t<a class=\"elementor-post__thumbnail__link\" href=\"https:\/\/salutieducacioemocional.com\/ca\/mitjans-comunicacio\/rototom-sunsplash-compta-amb-seer-al-magicomundo\/\" tabindex=\"-1\" ><div class=\"elementor-post__thumbnail\"><img loading=\"lazy\" decoding=\"async\" width=\"300\" height=\"169\" src=\"https:\/\/salutieducacioemocional.com\/wp-content\/uploads\/2018\/12\/rototom-taller-300x169.jpg\" class=\"attachment-medium size-medium wp-image-1911\" alt=\"\" srcset=\"https:\/\/salutieducacioemocional.com\/wp-content\/uploads\/2018\/12\/rototom-taller-300x169.jpg 300w, https:\/\/salutieducacioemocional.com\/wp-content\/uploads\/2018\/12\/rototom-taller-600x338.jpg 600w, https:\/\/salutieducacioemocional.com\/wp-content\/uploads\/2018\/12\/rototom-taller.jpg 650w\" sizes=\"(max-width: 300px) 100vw, 300px\" \/><\/div><\/a>\n\t\t\t\t<div class=\"elementor-post__badge\">Medios de Comunicaci\u00f3n<\/div>\n\t\t\t\t<div class=\"elementor-post__text\">\n\t\t\t\t<p class=\"elementor-post__title\">\n\t\t\t<a href=\"https:\/\/salutieducacioemocional.com\/ca\/mitjans-comunicacio\/rototom-sunsplash-compta-amb-seer-al-magicomundo\/\" >\n\t\t\t\tRototom SunSplash compta amb SEER al MagicoMundo\t\t\t<\/a>\n\t\t<\/p>\n\t\t\t\t<div class=\"elementor-post__excerpt\">\n\t\t\t<p>Rototom SunSplash compta amb SEER al MagicoMundo ASSOCIACI\u00d3 SEER COMPARTEIX EDUCACI\u00d3 EMOCIONAL A LA JORNADA DE PARTICIPACI\u00d3 A L\u2019ESPAI \u201cMAGICO MUNDO\u201d [\u2026]\u00a0Esta \u00faltima entidad,\u00a0SEER, ha<\/p>\n\t\t<\/div>\n\t\t\t\t<\/div>\n\t\t\t\t\t<\/div>\n\t\t<\/article>\n\t\t\t\t<\/div>\n\t\t\n\t\t\t\t\t\t<\/div>\n\t\t\t\t<\/div>\n\t\t\t\t\t<\/div>\n\t\t<\/div>\n\t\t\t\t\t<\/div>\n\t\t<\/section>\n\t\t\t\t<section class=\"elementor-section elementor-top-section elementor-element elementor-element-59033428 elementor-section-boxed elementor-section-height-default elementor-section-height-default\" data-id=\"59033428\" data-element_type=\"section\" data-e-type=\"section\">\n\t\t\t\t\t\t<div class=\"elementor-container elementor-column-gap-no\">\n\t\t\t\t\t<div class=\"elementor-column elementor-col-100 elementor-top-column elementor-element elementor-element-2a9bddc4\" data-id=\"2a9bddc4\" data-element_type=\"column\" data-e-type=\"column\" data-settings=\"{&quot;background_background&quot;:&quot;gradient&quot;}\">\n\t\t\t<div class=\"elementor-widget-wrap elementor-element-populated\">\n\t\t\t\t\t\t<div class=\"elementor-element elementor-element-2397254b elementor-widget elementor-widget-heading\" data-id=\"2397254b\" data-element_type=\"widget\" data-e-type=\"widget\" data-widget_type=\"heading.default\">\n\t\t\t\t<div class=\"elementor-widget-container\">\n\t\t\t\t\t<p class=\"elementor-heading-title elementor-size-default\">Subscriu-te a la nostra Newsletter!<\/p>\t\t\t\t<\/div>\n\t\t\t\t<\/div>\n\t\t\t\t<div class=\"elementor-element elementor-element-2856f51b elementor-widget elementor-widget-text-editor\" data-id=\"2856f51b\" data-element_type=\"widget\" data-e-type=\"widget\" data-widget_type=\"text-editor.default\">\n\t\t\t\t<div class=\"elementor-widget-container\">\n\t\t\t\t\t\t\t\t\t<p>Aix\u00ed et podrem informar de totes les novetats de SEER en quant a activitats, cursos, tallers, formacions, y m\u00e9s \ud83d\ude42<\/p>\t\t\t\t\t\t\t\t<\/div>\n\t\t\t\t<\/div>\n\t\t\t\t<div class=\"elementor-element elementor-element-115f4e55 elementor-button-align-stretch elementor-widget elementor-widget-form\" data-id=\"115f4e55\" data-element_type=\"widget\" data-e-type=\"widget\" data-settings=\"{&quot;button_width&quot;:&quot;100&quot;,&quot;step_next_label&quot;:&quot;Next&quot;,&quot;step_previous_label&quot;:&quot;Previous&quot;,&quot;step_type&quot;:&quot;number_text&quot;,&quot;step_icon_shape&quot;:&quot;circle&quot;}\" data-widget_type=\"form.default\">\n\t\t\t\t<div class=\"elementor-widget-container\">\n\t\t\t\t\t\t\t<form class=\"elementor-form\" method=\"post\" name=\"Newsletter\" aria-label=\"Newsletter\">\n\t\t\t<input type=\"hidden\" name=\"post_id\" value=\"2249\"\/>\n\t\t\t<input type=\"hidden\" name=\"form_id\" value=\"115f4e55\"\/>\n\t\t\t<input type=\"hidden\" name=\"referer_title\" value=\"Equip SEER al Seminari de Coordinadors Pedag\u00f2gics (CRP Vall\u00e8s Oriental I) - SEER\" \/>\n\n\t\t\t\t\t\t\t<input type=\"hidden\" name=\"queried_id\" value=\"2249\"\/>\n\t\t\t\n\t\t\t<div class=\"elementor-form-fields-wrapper elementor-labels-\">\n\t\t\t\t\t\t\t\t<div class=\"elementor-field-type-text elementor-field-group elementor-column elementor-field-group-5be0f8b elementor-col-100 elementor-field-required\">\n\t\t\t\t\t\t\t\t\t\t\t\t<label for=\"form-field-5be0f8b\" class=\"elementor-field-label elementor-screen-only\">\n\t\t\t\t\t\t\t\tNom\t\t\t\t\t\t\t<\/label>\n\t\t\t\t\t\t\t\t\t\t\t\t\t\t<input size=\"1\" type=\"text\" name=\"form_fields[5be0f8b]\" id=\"form-field-5be0f8b\" class=\"elementor-field elementor-size-md  elementor-field-textual\" placeholder=\"Nom\" required=\"required\">\n\t\t\t\t\t\t\t\t\t\t\t<\/div>\n\t\t\t\t\t\t\t\t<div class=\"elementor-field-type-email elementor-field-group elementor-column elementor-field-group-email elementor-col-100 elementor-field-required\">\n\t\t\t\t\t\t\t\t\t\t\t\t<label for=\"form-field-email\" class=\"elementor-field-label elementor-screen-only\">\n\t\t\t\t\t\t\t\tEmail\t\t\t\t\t\t\t<\/label>\n\t\t\t\t\t\t\t\t\t\t\t\t\t\t<input size=\"1\" type=\"email\" name=\"form_fields[email]\" id=\"form-field-email\" class=\"elementor-field elementor-size-md  elementor-field-textual\" placeholder=\"Email\" required=\"required\">\n\t\t\t\t\t\t\t\t\t\t\t<\/div>\n\t\t\t\t\t\t\t\t<div class=\"elementor-field-type-acceptance elementor-field-group elementor-column elementor-field-group-2c957ed elementor-col-100 elementor-field-required\">\n\t\t\t\t\t\t\t\t\t\t\t\t<label for=\"form-field-2c957ed\" class=\"elementor-field-label elementor-screen-only\">\n\t\t\t\t\t\t\t\tRGPD\t\t\t\t\t\t\t<\/label>\n\t\t\t\t\t\t\t\t<div class=\"elementor-field-subgroup\">\n\t\t\t<span class=\"elementor-field-option\">\n\t\t\t\t<input type=\"checkbox\" name=\"form_fields[2c957ed]\" id=\"form-field-2c957ed\" class=\"elementor-field elementor-size-md  elementor-acceptance-field\" required=\"required\">\n\t\t\t\t<label for=\"form-field-2c957ed\">RGPD<\/label>\t\t\t<\/span>\n\t\t<\/div>\n\t\t\t\t\t\t<\/div>\n\t\t\t\t\t\t\t\t<div class=\"elementor-field-group elementor-column elementor-field-type-submit elementor-col-100 e-form__buttons\">\n\t\t\t\t\t<button class=\"elementor-button elementor-size-md\" type=\"submit\">\n\t\t\t\t\t\t<span class=\"elementor-button-content-wrapper\">\n\t\t\t\t\t\t\t\t\t\t\t\t\t\t\t\t\t\t\t\t\t\t<span class=\"elementor-button-text\">Subscriure'm<\/span>\n\t\t\t\t\t\t\t\t\t\t\t\t\t<\/span>\n\t\t\t\t\t<\/button>\n\t\t\t\t<\/div>\n\t\t\t<\/div>\n\t\t<\/form>\n\t\t\t\t\t\t<\/div>\n\t\t\t\t<\/div>\n\t\t\t\t\t<\/div>\n\t\t<\/div>\n\t\t\t\t\t<\/div>\n\t\t<\/section>\n\t\t\t\t<section class=\"elementor-section elementor-top-section elementor-element elementor-element-5d2c031b elementor-section-boxed elementor-section-height-default elementor-section-height-default\" data-id=\"5d2c031b\" data-element_type=\"section\" data-e-type=\"section\">\n\t\t\t\t\t\t<div class=\"elementor-container elementor-column-gap-default\">\n\t\t\t\t\t<div class=\"elementor-column elementor-col-100 elementor-top-column elementor-element elementor-element-2316976d\" data-id=\"2316976d\" data-element_type=\"column\" data-e-type=\"column\">\n\t\t\t<div class=\"elementor-widget-wrap elementor-element-populated\">\n\t\t\t\t\t\t<div class=\"elementor-element elementor-element-1d96a0df elementor-widget elementor-widget-facebook-comments\" data-id=\"1d96a0df\" data-element_type=\"widget\" data-e-type=\"widget\" data-widget_type=\"facebook-comments.default\">\n\t\t\t\t<div class=\"elementor-widget-container\">\n\t\t\t\t\t\t\t<div class=\"elementor-facebook-widget fb-comments\" data-href=\"https:\/\/salutieducacioemocional.com\/ca\/?p=2111\" data-width=\"100%\" data-numposts=\"10\" data-order-by=\"social\" style=\"min-height: 1px\"><\/div>\n\t\t\t\t\t\t<\/div>\n\t\t\t\t<\/div>\n\t\t\t\t\t<\/div>\n\t\t<\/div>\n\t\t\t\t\t<\/div>\n\t\t<\/section>\n\t\t\t\t<\/div>\n\t\t","protected":false},"excerpt":{"rendered":"<p>Equip SEER al Seminari de Coordinadors Pedag\u00f2gics (CRP Vall\u00e8s Oriental I) EDUCACI\u00d3 EMOCIONAL EN LA GESTI\u00d3 I ACOMPANYAMENT DEL CLIMA D\u2019AULA El passat dilluns 22 de gener varem tancar una petita formaci\u00f3 d\u2019acompanyament dins el Seminari de Coordinadors\/es pedag\u00f2gics\/ques organitzat pel CRP del Vall\u00e8s Oriental I (Granollers, Les franqueses, Canovelles, La Roca-St Agn\u00e8s). Una oportunitat [&hellip;]<\/p>\n","protected":false},"author":1,"featured_media":2250,"comment_status":"open","ping_status":"open","sticky":false,"template":"elementor_header_footer","format":"standard","meta":{"footnotes":""},"categories":[52],"tags":[108],"class_list":["post-2249","post","type-post","status-publish","format-standard","has-post-thumbnail","hentry","category-noticies","tag-noticies"],"yoast_head":"<!-- This site is optimized with the Yoast SEO plugin v27.5 - https:\/\/yoast.com\/product\/yoast-seo-wordpress\/ -->\n<title>Equip SEER al Seminari de Coordinadors Pedag\u00f2gics (CRP Vall\u00e8s Oriental I) - SEER<\/title>\n<meta name=\"robots\" content=\"index, follow, max-snippet:-1, max-image-preview:large, max-video-preview:-1\" \/>\n<link rel=\"canonical\" href=\"https:\/\/salutieducacioemocional.com\/ca\/noticies\/equip-seer-al-seminari-de-coordinadors-pedagogics-crp-valles-oriental-i\/\" \/>\n<meta property=\"og:locale\" content=\"ca_ES\" \/>\n<meta property=\"og:type\" content=\"article\" \/>\n<meta property=\"og:title\" content=\"Equip SEER al Seminari de Coordinadors Pedag\u00f2gics (CRP Vall\u00e8s Oriental I) - SEER\" \/>\n<meta property=\"og:description\" content=\"Equip SEER al Seminari de Coordinadors Pedag\u00f2gics (CRP Vall\u00e8s Oriental I) EDUCACI\u00d3 EMOCIONAL EN LA GESTI\u00d3 I ACOMPANYAMENT DEL CLIMA D\u2019AULA El passat dilluns 22 de gener varem tancar una petita formaci\u00f3 d\u2019acompanyament dins el Seminari de Coordinadors\/es pedag\u00f2gics\/ques organitzat pel CRP del Vall\u00e8s Oriental I (Granollers, Les franqueses, Canovelles, La Roca-St Agn\u00e8s). Una oportunitat [&hellip;]\" \/>\n<meta property=\"og:url\" content=\"https:\/\/salutieducacioemocional.com\/ca\/noticies\/equip-seer-al-seminari-de-coordinadors-pedagogics-crp-valles-oriental-i\/\" \/>\n<meta property=\"og:site_name\" content=\"SEER\" \/>\n<meta property=\"article:publisher\" content=\"https:\/\/www.facebook.com\/equipseer\" \/>\n<meta property=\"article:published_time\" content=\"2017-11-02T11:31:39+00:00\" \/>\n<meta property=\"article:modified_time\" content=\"2019-04-15T22:03:04+00:00\" \/>\n<meta property=\"og:image\" content=\"https:\/\/salutieducacioemocional.com\/wp-content\/uploads\/2018\/12\/seminari-granollers-coordinadors-pedagogics.jpg\" \/>\n\t<meta property=\"og:image:width\" content=\"300\" \/>\n\t<meta property=\"og:image:height\" content=\"202\" \/>\n\t<meta property=\"og:image:type\" content=\"image\/jpeg\" \/>\n<meta name=\"author\" content=\"EquipSEER\" \/>\n<meta name=\"twitter:card\" content=\"summary_large_image\" \/>\n<meta name=\"twitter:creator\" content=\"@equipseer\" \/>\n<meta name=\"twitter:site\" content=\"@equipseer\" \/>\n<script type=\"application\/ld+json\" class=\"yoast-schema-graph\">{\"@context\":\"https:\\\/\\\/schema.org\",\"@graph\":[{\"@type\":\"Article\",\"@id\":\"https:\\\/\\\/salutieducacioemocional.com\\\/ca\\\/noticies\\\/equip-seer-al-seminari-de-coordinadors-pedagogics-crp-valles-oriental-i\\\/#article\",\"isPartOf\":{\"@id\":\"https:\\\/\\\/salutieducacioemocional.com\\\/ca\\\/noticies\\\/equip-seer-al-seminari-de-coordinadors-pedagogics-crp-valles-oriental-i\\\/\"},\"author\":{\"name\":\"EquipSEER\",\"@id\":\"https:\\\/\\\/salutieducacioemocional.com\\\/#\\\/schema\\\/person\\\/5ff9b86498e028c736f70cf273bbd8be\"},\"headline\":\"Equip SEER al Seminari de Coordinadors Pedag\u00f2gics (CRP Vall\u00e8s Oriental I)\",\"datePublished\":\"2017-11-02T11:31:39+00:00\",\"dateModified\":\"2019-04-15T22:03:04+00:00\",\"mainEntityOfPage\":{\"@id\":\"https:\\\/\\\/salutieducacioemocional.com\\\/ca\\\/noticies\\\/equip-seer-al-seminari-de-coordinadors-pedagogics-crp-valles-oriental-i\\\/\"},\"wordCount\":249,\"commentCount\":0,\"publisher\":{\"@id\":\"https:\\\/\\\/salutieducacioemocional.com\\\/#organization\"},\"image\":{\"@id\":\"https:\\\/\\\/salutieducacioemocional.com\\\/ca\\\/noticies\\\/equip-seer-al-seminari-de-coordinadors-pedagogics-crp-valles-oriental-i\\\/#primaryimage\"},\"thumbnailUrl\":\"https:\\\/\\\/salutieducacioemocional.com\\\/wp-content\\\/uploads\\\/2018\\\/12\\\/seminari-granollers-coordinadors-pedagogics.jpg\",\"keywords\":[\"Not\u00edcies\"],\"articleSection\":[\"Not\u00edcies\"],\"inLanguage\":\"ca\",\"potentialAction\":[{\"@type\":\"CommentAction\",\"name\":\"Comment\",\"target\":[\"https:\\\/\\\/salutieducacioemocional.com\\\/ca\\\/noticies\\\/equip-seer-al-seminari-de-coordinadors-pedagogics-crp-valles-oriental-i\\\/#respond\"]}]},{\"@type\":\"WebPage\",\"@id\":\"https:\\\/\\\/salutieducacioemocional.com\\\/ca\\\/noticies\\\/equip-seer-al-seminari-de-coordinadors-pedagogics-crp-valles-oriental-i\\\/\",\"url\":\"https:\\\/\\\/salutieducacioemocional.com\\\/ca\\\/noticies\\\/equip-seer-al-seminari-de-coordinadors-pedagogics-crp-valles-oriental-i\\\/\",\"name\":\"Equip SEER al Seminari de Coordinadors Pedag\u00f2gics (CRP Vall\u00e8s Oriental I) - SEER\",\"isPartOf\":{\"@id\":\"https:\\\/\\\/salutieducacioemocional.com\\\/#website\"},\"primaryImageOfPage\":{\"@id\":\"https:\\\/\\\/salutieducacioemocional.com\\\/ca\\\/noticies\\\/equip-seer-al-seminari-de-coordinadors-pedagogics-crp-valles-oriental-i\\\/#primaryimage\"},\"image\":{\"@id\":\"https:\\\/\\\/salutieducacioemocional.com\\\/ca\\\/noticies\\\/equip-seer-al-seminari-de-coordinadors-pedagogics-crp-valles-oriental-i\\\/#primaryimage\"},\"thumbnailUrl\":\"https:\\\/\\\/salutieducacioemocional.com\\\/wp-content\\\/uploads\\\/2018\\\/12\\\/seminari-granollers-coordinadors-pedagogics.jpg\",\"datePublished\":\"2017-11-02T11:31:39+00:00\",\"dateModified\":\"2019-04-15T22:03:04+00:00\",\"breadcrumb\":{\"@id\":\"https:\\\/\\\/salutieducacioemocional.com\\\/ca\\\/noticies\\\/equip-seer-al-seminari-de-coordinadors-pedagogics-crp-valles-oriental-i\\\/#breadcrumb\"},\"inLanguage\":\"ca\",\"potentialAction\":[{\"@type\":\"ReadAction\",\"target\":[\"https:\\\/\\\/salutieducacioemocional.com\\\/ca\\\/noticies\\\/equip-seer-al-seminari-de-coordinadors-pedagogics-crp-valles-oriental-i\\\/\"]}]},{\"@type\":\"ImageObject\",\"inLanguage\":\"ca\",\"@id\":\"https:\\\/\\\/salutieducacioemocional.com\\\/ca\\\/noticies\\\/equip-seer-al-seminari-de-coordinadors-pedagogics-crp-valles-oriental-i\\\/#primaryimage\",\"url\":\"https:\\\/\\\/salutieducacioemocional.com\\\/wp-content\\\/uploads\\\/2018\\\/12\\\/seminari-granollers-coordinadors-pedagogics.jpg\",\"contentUrl\":\"https:\\\/\\\/salutieducacioemocional.com\\\/wp-content\\\/uploads\\\/2018\\\/12\\\/seminari-granollers-coordinadors-pedagogics.jpg\",\"width\":300,\"height\":202},{\"@type\":\"BreadcrumbList\",\"@id\":\"https:\\\/\\\/salutieducacioemocional.com\\\/ca\\\/noticies\\\/equip-seer-al-seminari-de-coordinadors-pedagogics-crp-valles-oriental-i\\\/#breadcrumb\",\"itemListElement\":[{\"@type\":\"ListItem\",\"position\":1,\"name\":\"Portada\",\"item\":\"https:\\\/\\\/salutieducacioemocional.com\\\/\"},{\"@type\":\"ListItem\",\"position\":2,\"name\":\"Equip SEER al Seminari de Coordinadors Pedag\u00f2gics (CRP Vall\u00e8s Oriental I)\"}]},{\"@type\":\"WebSite\",\"@id\":\"https:\\\/\\\/salutieducacioemocional.com\\\/#website\",\"url\":\"https:\\\/\\\/salutieducacioemocional.com\\\/\",\"name\":\"SEER\",\"description\":\"Salut i Educaci\u00f3 Emocional\",\"publisher\":{\"@id\":\"https:\\\/\\\/salutieducacioemocional.com\\\/#organization\"},\"potentialAction\":[{\"@type\":\"SearchAction\",\"target\":{\"@type\":\"EntryPoint\",\"urlTemplate\":\"https:\\\/\\\/salutieducacioemocional.com\\\/?s={search_term_string}\"},\"query-input\":{\"@type\":\"PropertyValueSpecification\",\"valueRequired\":true,\"valueName\":\"search_term_string\"}}],\"inLanguage\":\"ca\"},{\"@type\":\"Organization\",\"@id\":\"https:\\\/\\\/salutieducacioemocional.com\\\/#organization\",\"name\":\"Salut i Educaci\u00f3 Emocional S.L\",\"alternateName\":\"SEER\",\"url\":\"https:\\\/\\\/salutieducacioemocional.com\\\/\",\"logo\":{\"@type\":\"ImageObject\",\"inLanguage\":\"ca\",\"@id\":\"https:\\\/\\\/salutieducacioemocional.com\\\/#\\\/schema\\\/logo\\\/image\\\/\",\"url\":\"https:\\\/\\\/salutieducacioemocional.com\\\/wp-content\\\/uploads\\\/2018\\\/12\\\/cropped-educacion-emocional-seer-e1545471861400.png\",\"contentUrl\":\"https:\\\/\\\/salutieducacioemocional.com\\\/wp-content\\\/uploads\\\/2018\\\/12\\\/cropped-educacion-emocional-seer-e1545471861400.png\",\"width\":200,\"height\":78,\"caption\":\"Salut i Educaci\u00f3 Emocional S.L\"},\"image\":{\"@id\":\"https:\\\/\\\/salutieducacioemocional.com\\\/#\\\/schema\\\/logo\\\/image\\\/\"},\"sameAs\":[\"https:\\\/\\\/www.facebook.com\\\/equipseer\",\"https:\\\/\\\/x.com\\\/equipseer\",\"https:\\\/\\\/www.instagram.com\\\/equipseer\\\/\",\"https:\\\/\\\/www.linkedin.com\\\/company\\\/9231569\\\/admin\\\/\",\"https:\\\/\\\/www.youtube.com\\\/@equipseer\",\"https:\\\/\\\/t.me\\\/seer_info\"]},{\"@type\":\"Person\",\"@id\":\"https:\\\/\\\/salutieducacioemocional.com\\\/#\\\/schema\\\/person\\\/5ff9b86498e028c736f70cf273bbd8be\",\"name\":\"EquipSEER\",\"image\":{\"@type\":\"ImageObject\",\"inLanguage\":\"ca\",\"@id\":\"https:\\\/\\\/secure.gravatar.com\\\/avatar\\\/a791e1b54851c4df706081fe7247ada89b2947f29168abc2ebfb33461f537949?s=96&d=mm&r=g\",\"url\":\"https:\\\/\\\/secure.gravatar.com\\\/avatar\\\/a791e1b54851c4df706081fe7247ada89b2947f29168abc2ebfb33461f537949?s=96&d=mm&r=g\",\"contentUrl\":\"https:\\\/\\\/secure.gravatar.com\\\/avatar\\\/a791e1b54851c4df706081fe7247ada89b2947f29168abc2ebfb33461f537949?s=96&d=mm&r=g\",\"caption\":\"EquipSEER\"},\"url\":\"https:\\\/\\\/salutieducacioemocional.com\\\/ca\\\/author\\\/salutnueva\\\/\"}]}<\/script>\n<!-- \/ Yoast SEO plugin. -->","yoast_head_json":{"title":"Equip SEER al Seminari de Coordinadors Pedag\u00f2gics (CRP Vall\u00e8s Oriental I) - SEER","robots":{"index":"index","follow":"follow","max-snippet":"max-snippet:-1","max-image-preview":"max-image-preview:large","max-video-preview":"max-video-preview:-1"},"canonical":"https:\/\/salutieducacioemocional.com\/ca\/noticies\/equip-seer-al-seminari-de-coordinadors-pedagogics-crp-valles-oriental-i\/","og_locale":"ca_ES","og_type":"article","og_title":"Equip SEER al Seminari de Coordinadors Pedag\u00f2gics (CRP Vall\u00e8s Oriental I) - SEER","og_description":"Equip SEER al Seminari de Coordinadors Pedag\u00f2gics (CRP Vall\u00e8s Oriental I) EDUCACI\u00d3 EMOCIONAL EN LA GESTI\u00d3 I ACOMPANYAMENT DEL CLIMA D\u2019AULA El passat dilluns 22 de gener varem tancar una petita formaci\u00f3 d\u2019acompanyament dins el Seminari de Coordinadors\/es pedag\u00f2gics\/ques organitzat pel CRP del Vall\u00e8s Oriental I (Granollers, Les franqueses, Canovelles, La Roca-St Agn\u00e8s). Una oportunitat [&hellip;]","og_url":"https:\/\/salutieducacioemocional.com\/ca\/noticies\/equip-seer-al-seminari-de-coordinadors-pedagogics-crp-valles-oriental-i\/","og_site_name":"SEER","article_publisher":"https:\/\/www.facebook.com\/equipseer","article_published_time":"2017-11-02T11:31:39+00:00","article_modified_time":"2019-04-15T22:03:04+00:00","og_image":[{"width":300,"height":202,"url":"https:\/\/salutieducacioemocional.com\/wp-content\/uploads\/2018\/12\/seminari-granollers-coordinadors-pedagogics.jpg","type":"image\/jpeg"}],"author":"EquipSEER","twitter_card":"summary_large_image","twitter_creator":"@equipseer","twitter_site":"@equipseer","schema":{"@context":"https:\/\/schema.org","@graph":[{"@type":"Article","@id":"https:\/\/salutieducacioemocional.com\/ca\/noticies\/equip-seer-al-seminari-de-coordinadors-pedagogics-crp-valles-oriental-i\/#article","isPartOf":{"@id":"https:\/\/salutieducacioemocional.com\/ca\/noticies\/equip-seer-al-seminari-de-coordinadors-pedagogics-crp-valles-oriental-i\/"},"author":{"name":"EquipSEER","@id":"https:\/\/salutieducacioemocional.com\/#\/schema\/person\/5ff9b86498e028c736f70cf273bbd8be"},"headline":"Equip SEER al Seminari de Coordinadors Pedag\u00f2gics (CRP Vall\u00e8s Oriental I)","datePublished":"2017-11-02T11:31:39+00:00","dateModified":"2019-04-15T22:03:04+00:00","mainEntityOfPage":{"@id":"https:\/\/salutieducacioemocional.com\/ca\/noticies\/equip-seer-al-seminari-de-coordinadors-pedagogics-crp-valles-oriental-i\/"},"wordCount":249,"commentCount":0,"publisher":{"@id":"https:\/\/salutieducacioemocional.com\/#organization"},"image":{"@id":"https:\/\/salutieducacioemocional.com\/ca\/noticies\/equip-seer-al-seminari-de-coordinadors-pedagogics-crp-valles-oriental-i\/#primaryimage"},"thumbnailUrl":"https:\/\/salutieducacioemocional.com\/wp-content\/uploads\/2018\/12\/seminari-granollers-coordinadors-pedagogics.jpg","keywords":["Not\u00edcies"],"articleSection":["Not\u00edcies"],"inLanguage":"ca","potentialAction":[{"@type":"CommentAction","name":"Comment","target":["https:\/\/salutieducacioemocional.com\/ca\/noticies\/equip-seer-al-seminari-de-coordinadors-pedagogics-crp-valles-oriental-i\/#respond"]}]},{"@type":"WebPage","@id":"https:\/\/salutieducacioemocional.com\/ca\/noticies\/equip-seer-al-seminari-de-coordinadors-pedagogics-crp-valles-oriental-i\/","url":"https:\/\/salutieducacioemocional.com\/ca\/noticies\/equip-seer-al-seminari-de-coordinadors-pedagogics-crp-valles-oriental-i\/","name":"Equip SEER al Seminari de Coordinadors Pedag\u00f2gics (CRP Vall\u00e8s Oriental I) - SEER","isPartOf":{"@id":"https:\/\/salutieducacioemocional.com\/#website"},"primaryImageOfPage":{"@id":"https:\/\/salutieducacioemocional.com\/ca\/noticies\/equip-seer-al-seminari-de-coordinadors-pedagogics-crp-valles-oriental-i\/#primaryimage"},"image":{"@id":"https:\/\/salutieducacioemocional.com\/ca\/noticies\/equip-seer-al-seminari-de-coordinadors-pedagogics-crp-valles-oriental-i\/#primaryimage"},"thumbnailUrl":"https:\/\/salutieducacioemocional.com\/wp-content\/uploads\/2018\/12\/seminari-granollers-coordinadors-pedagogics.jpg","datePublished":"2017-11-02T11:31:39+00:00","dateModified":"2019-04-15T22:03:04+00:00","breadcrumb":{"@id":"https:\/\/salutieducacioemocional.com\/ca\/noticies\/equip-seer-al-seminari-de-coordinadors-pedagogics-crp-valles-oriental-i\/#breadcrumb"},"inLanguage":"ca","potentialAction":[{"@type":"ReadAction","target":["https:\/\/salutieducacioemocional.com\/ca\/noticies\/equip-seer-al-seminari-de-coordinadors-pedagogics-crp-valles-oriental-i\/"]}]},{"@type":"ImageObject","inLanguage":"ca","@id":"https:\/\/salutieducacioemocional.com\/ca\/noticies\/equip-seer-al-seminari-de-coordinadors-pedagogics-crp-valles-oriental-i\/#primaryimage","url":"https:\/\/salutieducacioemocional.com\/wp-content\/uploads\/2018\/12\/seminari-granollers-coordinadors-pedagogics.jpg","contentUrl":"https:\/\/salutieducacioemocional.com\/wp-content\/uploads\/2018\/12\/seminari-granollers-coordinadors-pedagogics.jpg","width":300,"height":202},{"@type":"BreadcrumbList","@id":"https:\/\/salutieducacioemocional.com\/ca\/noticies\/equip-seer-al-seminari-de-coordinadors-pedagogics-crp-valles-oriental-i\/#breadcrumb","itemListElement":[{"@type":"ListItem","position":1,"name":"Portada","item":"https:\/\/salutieducacioemocional.com\/"},{"@type":"ListItem","position":2,"name":"Equip SEER al Seminari de Coordinadors Pedag\u00f2gics (CRP Vall\u00e8s Oriental I)"}]},{"@type":"WebSite","@id":"https:\/\/salutieducacioemocional.com\/#website","url":"https:\/\/salutieducacioemocional.com\/","name":"SEER","description":"Salut i Educaci\u00f3 Emocional","publisher":{"@id":"https:\/\/salutieducacioemocional.com\/#organization"},"potentialAction":[{"@type":"SearchAction","target":{"@type":"EntryPoint","urlTemplate":"https:\/\/salutieducacioemocional.com\/?s={search_term_string}"},"query-input":{"@type":"PropertyValueSpecification","valueRequired":true,"valueName":"search_term_string"}}],"inLanguage":"ca"},{"@type":"Organization","@id":"https:\/\/salutieducacioemocional.com\/#organization","name":"Salut i Educaci\u00f3 Emocional S.L","alternateName":"SEER","url":"https:\/\/salutieducacioemocional.com\/","logo":{"@type":"ImageObject","inLanguage":"ca","@id":"https:\/\/salutieducacioemocional.com\/#\/schema\/logo\/image\/","url":"https:\/\/salutieducacioemocional.com\/wp-content\/uploads\/2018\/12\/cropped-educacion-emocional-seer-e1545471861400.png","contentUrl":"https:\/\/salutieducacioemocional.com\/wp-content\/uploads\/2018\/12\/cropped-educacion-emocional-seer-e1545471861400.png","width":200,"height":78,"caption":"Salut i Educaci\u00f3 Emocional S.L"},"image":{"@id":"https:\/\/salutieducacioemocional.com\/#\/schema\/logo\/image\/"},"sameAs":["https:\/\/www.facebook.com\/equipseer","https:\/\/x.com\/equipseer","https:\/\/www.instagram.com\/equipseer\/","https:\/\/www.linkedin.com\/company\/9231569\/admin\/","https:\/\/www.youtube.com\/@equipseer","https:\/\/t.me\/seer_info"]},{"@type":"Person","@id":"https:\/\/salutieducacioemocional.com\/#\/schema\/person\/5ff9b86498e028c736f70cf273bbd8be","name":"EquipSEER","image":{"@type":"ImageObject","inLanguage":"ca","@id":"https:\/\/secure.gravatar.com\/avatar\/a791e1b54851c4df706081fe7247ada89b2947f29168abc2ebfb33461f537949?s=96&d=mm&r=g","url":"https:\/\/secure.gravatar.com\/avatar\/a791e1b54851c4df706081fe7247ada89b2947f29168abc2ebfb33461f537949?s=96&d=mm&r=g","contentUrl":"https:\/\/secure.gravatar.com\/avatar\/a791e1b54851c4df706081fe7247ada89b2947f29168abc2ebfb33461f537949?s=96&d=mm&r=g","caption":"EquipSEER"},"url":"https:\/\/salutieducacioemocional.com\/ca\/author\/salutnueva\/"}]}},"_links":{"self":[{"href":"https:\/\/salutieducacioemocional.com\/ca\/wp-json\/wp\/v2\/posts\/2249","targetHints":{"allow":["GET"]}}],"collection":[{"href":"https:\/\/salutieducacioemocional.com\/ca\/wp-json\/wp\/v2\/posts"}],"about":[{"href":"https:\/\/salutieducacioemocional.com\/ca\/wp-json\/wp\/v2\/types\/post"}],"author":[{"embeddable":true,"href":"https:\/\/salutieducacioemocional.com\/ca\/wp-json\/wp\/v2\/users\/1"}],"replies":[{"embeddable":true,"href":"https:\/\/salutieducacioemocional.com\/ca\/wp-json\/wp\/v2\/comments?post=2249"}],"version-history":[{"count":5,"href":"https:\/\/salutieducacioemocional.com\/ca\/wp-json\/wp\/v2\/posts\/2249\/revisions"}],"predecessor-version":[{"id":3821,"href":"https:\/\/salutieducacioemocional.com\/ca\/wp-json\/wp\/v2\/posts\/2249\/revisions\/3821"}],"wp:featuredmedia":[{"embeddable":true,"href":"https:\/\/salutieducacioemocional.com\/ca\/wp-json\/wp\/v2\/media\/2250"}],"wp:attachment":[{"href":"https:\/\/salutieducacioemocional.com\/ca\/wp-json\/wp\/v2\/media?parent=2249"}],"wp:term":[{"taxonomy":"category","embeddable":true,"href":"https:\/\/salutieducacioemocional.com\/ca\/wp-json\/wp\/v2\/categories?post=2249"},{"taxonomy":"post_tag","embeddable":true,"href":"https:\/\/salutieducacioemocional.com\/ca\/wp-json\/wp\/v2\/tags?post=2249"}],"curies":[{"name":"wp","href":"https:\/\/api.w.org\/{rel}","templated":true}]}}