{"id":2496,"date":"2019-01-03T12:16:35","date_gmt":"2019-01-03T12:16:35","guid":{"rendered":"http:\/\/salutieducacioemocional.com\/?p=2496"},"modified":"2021-04-19T14:48:00","modified_gmt":"2021-04-19T14:48:00","slug":"desenvolupament-habilitats-creixement-personal-equilibri-salut","status":"publish","type":"post","link":"https:\/\/salutieducacioemocional.com\/ca\/biblioteca\/desenvolupament-habilitats-creixement-personal-equilibri-salut\/","title":{"rendered":"Desenvolupament d&#8217;habilitats i creixement personal, equilibri i salut"},"content":{"rendered":"\t\t<div data-elementor-type=\"wp-post\" data-elementor-id=\"2496\" class=\"elementor elementor-2496\" data-elementor-post-type=\"post\">\n\t\t\t\t\t\t<section class=\"elementor-section elementor-top-section elementor-element elementor-element-129dd0e4 elementor-section-boxed elementor-section-height-default elementor-section-height-default\" data-id=\"129dd0e4\" data-element_type=\"section\" data-e-type=\"section\">\n\t\t\t\t\t\t<div class=\"elementor-container elementor-column-gap-default\">\n\t\t\t\t\t<div class=\"elementor-column elementor-col-100 elementor-top-column elementor-element elementor-element-7e0f56e0\" data-id=\"7e0f56e0\" data-element_type=\"column\" data-e-type=\"column\">\n\t\t\t<div class=\"elementor-widget-wrap elementor-element-populated\">\n\t\t\t\t\t\t<div class=\"elementor-element elementor-element-69447b4b elementor-widget elementor-widget-heading\" data-id=\"69447b4b\" data-element_type=\"widget\" data-e-type=\"widget\" data-widget_type=\"heading.default\">\n\t\t\t\t<div class=\"elementor-widget-container\">\n\t\t\t\t\t<h1 class=\"elementor-heading-title elementor-size-large\">Desenvolupament d'habilitats i creixement personal, equilibri i salut<\/h1>\t\t\t\t<\/div>\n\t\t\t\t<\/div>\n\t\t\t\t<div class=\"elementor-element elementor-element-3c900405 elementor-widget-divider--view-line elementor-widget elementor-widget-divider\" data-id=\"3c900405\" data-element_type=\"widget\" data-e-type=\"widget\" data-widget_type=\"divider.default\">\n\t\t\t\t<div class=\"elementor-widget-container\">\n\t\t\t\t\t\t\t<div class=\"elementor-divider\">\n\t\t\t<span class=\"elementor-divider-separator\">\n\t\t\t\t\t\t<\/span>\n\t\t<\/div>\n\t\t\t\t\t\t<\/div>\n\t\t\t\t<\/div>\n\t\t\t\t\t<\/div>\n\t\t<\/div>\n\t\t\t\t\t<\/div>\n\t\t<\/section>\n\t\t\t\t<section class=\"elementor-section elementor-top-section elementor-element elementor-element-10bf20e6 elementor-section-boxed elementor-section-height-default elementor-section-height-default\" data-id=\"10bf20e6\" data-element_type=\"section\" data-e-type=\"section\">\n\t\t\t\t\t\t<div class=\"elementor-container elementor-column-gap-default\">\n\t\t\t\t\t<div class=\"elementor-column elementor-col-100 elementor-top-column elementor-element elementor-element-6eaa3427\" data-id=\"6eaa3427\" data-element_type=\"column\" data-e-type=\"column\">\n\t\t\t<div class=\"elementor-widget-wrap elementor-element-populated\">\n\t\t\t\t\t\t<div class=\"elementor-element elementor-element-731bd63d elementor-widget elementor-widget-text-editor\" data-id=\"731bd63d\" data-element_type=\"widget\" data-e-type=\"widget\" data-widget_type=\"text-editor.default\">\n\t\t\t\t<div class=\"elementor-widget-container\">\n\t\t\t\t\t\t\t\t\t<h2 style=\"text-align: center;\">Llibre de comunicacions orals presentades al IV Congr\u00e9s de la Societat Cient\u00edfica Espanyola de Enfermeria Escolar &#8220;Sin prima de riesgo para la salud&#8221;<\/h2>\t\t\t\t\t\t\t\t<\/div>\n\t\t\t\t<\/div>\n\t\t\t\t<section class=\"elementor-section elementor-inner-section elementor-element elementor-element-5c108229 elementor-section-boxed elementor-section-height-default elementor-section-height-default\" data-id=\"5c108229\" data-element_type=\"section\" data-e-type=\"section\">\n\t\t\t\t\t\t<div class=\"elementor-container elementor-column-gap-default\">\n\t\t\t\t\t<div class=\"elementor-column elementor-col-50 elementor-inner-column elementor-element elementor-element-14ae235c\" data-id=\"14ae235c\" data-element_type=\"column\" data-e-type=\"column\">\n\t\t\t<div class=\"elementor-widget-wrap elementor-element-populated\">\n\t\t\t\t\t\t<div class=\"elementor-element elementor-element-a84ea16 elementor-widget elementor-widget-text-editor\" data-id=\"a84ea16\" data-element_type=\"widget\" data-e-type=\"widget\" data-widget_type=\"text-editor.default\">\n\t\t\t\t<div class=\"elementor-widget-container\">\n\t\t\t\t\t\t\t\t\t<p>A continuaci\u00f3 us presentem el llibre de Comunicacions Orals del IV Congr\u00e9s de la Societat Cient\u00edfica Espanyola d\u2019Infermeria Escolar, dins de les quals es troba la comunicaci\u00f3 escrita per Ramiro-Andr\u00e9s Orteg\u00f3n Delgadillo, Carles Porrini i Cubells i Oriol Juli\u00e0 Aguar\u00f3n.<\/p>\t\t\t\t\t\t\t\t<\/div>\n\t\t\t\t<\/div>\n\t\t\t\t\t<\/div>\n\t\t<\/div>\n\t\t\t\t<div class=\"elementor-column elementor-col-50 elementor-inner-column elementor-element elementor-element-442a21dd\" data-id=\"442a21dd\" data-element_type=\"column\" data-e-type=\"column\">\n\t\t\t<div class=\"elementor-widget-wrap elementor-element-populated\">\n\t\t\t\t\t\t<div class=\"elementor-element elementor-element-7cffa76d elementor-widget elementor-widget-image\" data-id=\"7cffa76d\" data-element_type=\"widget\" data-e-type=\"widget\" data-widget_type=\"image.default\">\n\t\t\t\t<div class=\"elementor-widget-container\">\n\t\t\t\t\t\t\t\t\t\t\t\t\t\t\t<img decoding=\"async\" src=\"https:\/\/salutieducacioemocional.com\/wp-content\/uploads\/elementor\/thumbs\/llibre-comunicacions-congres-enfermeria-p289m3326byvqddirmyqrj6fqzdhkdxp6rzwuuxxxc.jpg\" title=\"llibre-comunicacions-congres-enfermeria\" alt=\"llibre-comunicacions-congres-enfermeria\" loading=\"lazy\" \/>\t\t\t\t\t\t\t\t\t\t\t\t\t\t\t<\/div>\n\t\t\t\t<\/div>\n\t\t\t\t\t<\/div>\n\t\t<\/div>\n\t\t\t\t\t<\/div>\n\t\t<\/section>\n\t\t\t\t<div class=\"elementor-element elementor-element-1e204aab elementor-widget elementor-widget-text-editor\" data-id=\"1e204aab\" data-element_type=\"widget\" data-e-type=\"widget\" data-widget_type=\"text-editor.default\">\n\t\t\t\t<div class=\"elementor-widget-container\">\n\t\t\t\t\t\t\t\t\t<p style=\"text-align: center;\">Opcions per descarregar el material gratu\u00eft<\/p>\t\t\t\t\t\t\t\t<\/div>\n\t\t\t\t<\/div>\n\t\t\t\t<section class=\"elementor-section elementor-inner-section elementor-element elementor-element-62ade6b7 elementor-section-boxed elementor-section-height-default elementor-section-height-default\" data-id=\"62ade6b7\" data-element_type=\"section\" data-e-type=\"section\">\n\t\t\t\t\t\t<div class=\"elementor-container elementor-column-gap-default\">\n\t\t\t\t\t<div class=\"elementor-column elementor-col-50 elementor-inner-column elementor-element elementor-element-4fc43246\" data-id=\"4fc43246\" data-element_type=\"column\" data-e-type=\"column\">\n\t\t\t<div class=\"elementor-widget-wrap elementor-element-populated\">\n\t\t\t\t\t\t<div class=\"elementor-element elementor-element-438dc00b elementor-widget elementor-widget-text-editor\" data-id=\"438dc00b\" data-element_type=\"widget\" data-e-type=\"widget\" data-widget_type=\"text-editor.default\">\n\t\t\t\t<div class=\"elementor-widget-container\">\n\t\t\t\t\t\t\t\t\t<p style=\"text-align: center;\"><strong>Fer una acci\u00f3 social<\/strong><\/p>\t\t\t\t\t\t\t\t<\/div>\n\t\t\t\t<\/div>\n\t\t\t\t<div class=\"elementor-element elementor-element-6b9505ff elementor-widget elementor-widget-text-editor\" data-id=\"6b9505ff\" data-element_type=\"widget\" data-e-type=\"widget\" data-widget_type=\"text-editor.default\">\n\t\t\t\t<div class=\"elementor-widget-container\">\n\t\t\t\t\t\t\t\t\t<p style=\"text-align: center;\"><a href=\"https:\/\/www.dropbox.com\/s\/rpgn52qrundpqro\/Comunicaciones%20IV%20Congreso%20Sociedad%20Cientifica%20Enfermeria%20Escolar.pdf?dl=0\" target=\"_blank\" rel=\"noopener\">Click aqu\u00ed per descarregar el document!<\/a><\/p>\t\t\t\t\t\t\t\t<\/div>\n\t\t\t\t<\/div>\n\t\t\t\t\t<\/div>\n\t\t<\/div>\n\t\t\t\t<div class=\"elementor-column elementor-col-50 elementor-inner-column elementor-element elementor-element-70ccda22\" data-id=\"70ccda22\" data-element_type=\"column\" data-e-type=\"column\">\n\t\t\t<div class=\"elementor-widget-wrap elementor-element-populated\">\n\t\t\t\t\t\t<div class=\"elementor-element elementor-element-5d0d92dc elementor-widget elementor-widget-text-editor\" data-id=\"5d0d92dc\" data-element_type=\"widget\" data-e-type=\"widget\" data-widget_type=\"text-editor.default\">\n\t\t\t\t<div class=\"elementor-widget-container\">\n\t\t\t\t\t\t\t\t\t<p style=\"text-align: center;\"><strong>Subscriure&#8217;s a la nostra Newsletter<\/strong><\/p>\t\t\t\t\t\t\t\t<\/div>\n\t\t\t\t<\/div>\n\t\t\t\t<div class=\"elementor-element elementor-element-7da0722 elementor-widget elementor-widget-text-editor\" data-id=\"7da0722\" data-element_type=\"widget\" data-e-type=\"widget\" data-widget_type=\"text-editor.default\">\n\t\t\t\t<div class=\"elementor-widget-container\">\n\t\t\t\t\t\t\t\t\t<p style=\"text-align: center;\"><a href=\"https:\/\/www.dropbox.com\/s\/rpgn52qrundpqro\/Comunicaciones%20IV%20Congreso%20Sociedad%20Cientifica%20Enfermeria%20Escolar.pdf?dl=0\" target=\"_blank\" rel=\"noopener\">Click aqu\u00ed per descarregar el document!<\/a><\/p>\t\t\t\t\t\t\t\t<\/div>\n\t\t\t\t<\/div>\n\t\t\t\t\t<\/div>\n\t\t<\/div>\n\t\t\t\t\t<\/div>\n\t\t<\/section>\n\t\t\t\t\t<\/div>\n\t\t<\/div>\n\t\t\t\t\t<\/div>\n\t\t<\/section>\n\t\t\t\t<\/div>\n\t\t","protected":false},"excerpt":{"rendered":"<p>Desenvolupament d&#8217;habilitats i creixement personal, equilibri i salut Llibre de comunicacions orals presentades al IV Congr\u00e9s de la Societat Cient\u00edfica Espanyola de Enfermeria Escolar &#8220;Sin prima de riesgo para la salud&#8221; A continuaci\u00f3 us presentem el llibre de Comunicacions Orals del IV Congr\u00e9s de la Societat Cient\u00edfica Espanyola d\u2019Infermeria Escolar, dins de les quals es [&hellip;]<\/p>\n","protected":false},"author":1,"featured_media":2497,"comment_status":"open","ping_status":"open","sticky":false,"template":"elementor_header_footer","format":"standard","meta":{"footnotes":""},"categories":[54],"tags":[100],"class_list":["post-2496","post","type-post","status-publish","format-standard","has-post-thumbnail","hentry","category-biblioteca","tag-educacio-emocional"],"yoast_head":"<!-- This site is optimized with the Yoast SEO plugin v27.5 - https:\/\/yoast.com\/product\/yoast-seo-wordpress\/ -->\n<title>Desenvolupament d&#039;habilitats i creixement personal, equilibri i salut - SEER<\/title>\n<meta name=\"robots\" content=\"index, follow, max-snippet:-1, max-image-preview:large, max-video-preview:-1\" \/>\n<link rel=\"canonical\" href=\"https:\/\/salutieducacioemocional.com\/ca\/biblioteca\/desenvolupament-habilitats-creixement-personal-equilibri-salut\/\" \/>\n<meta property=\"og:locale\" content=\"ca_ES\" \/>\n<meta property=\"og:type\" content=\"article\" \/>\n<meta property=\"og:title\" content=\"Desenvolupament d&#039;habilitats i creixement personal, equilibri i salut - SEER\" \/>\n<meta property=\"og:description\" content=\"Desenvolupament d&#8217;habilitats i creixement personal, equilibri i salut Llibre de comunicacions orals presentades al IV Congr\u00e9s de la Societat Cient\u00edfica Espanyola de Enfermeria Escolar &#8220;Sin prima de riesgo para la salud&#8221; A continuaci\u00f3 us presentem el llibre de Comunicacions Orals del IV Congr\u00e9s de la Societat Cient\u00edfica Espanyola d\u2019Infermeria Escolar, dins de les quals es [&hellip;]\" \/>\n<meta property=\"og:url\" content=\"https:\/\/salutieducacioemocional.com\/ca\/biblioteca\/desenvolupament-habilitats-creixement-personal-equilibri-salut\/\" \/>\n<meta property=\"og:site_name\" content=\"SEER\" \/>\n<meta property=\"article:publisher\" content=\"https:\/\/www.facebook.com\/equipseer\" \/>\n<meta property=\"article:published_time\" content=\"2019-01-03T12:16:35+00:00\" \/>\n<meta property=\"article:modified_time\" content=\"2021-04-19T14:48:00+00:00\" \/>\n<meta property=\"og:image\" content=\"https:\/\/salutieducacioemocional.com\/wp-content\/uploads\/2019\/01\/desenvolupament-habilitats-personal.jpg\" \/>\n\t<meta property=\"og:image:width\" content=\"650\" \/>\n\t<meta property=\"og:image:height\" content=\"276\" \/>\n\t<meta property=\"og:image:type\" content=\"image\/jpeg\" \/>\n<meta name=\"author\" content=\"EquipSEER\" \/>\n<meta name=\"twitter:card\" content=\"summary_large_image\" \/>\n<meta name=\"twitter:creator\" content=\"@equipseer\" \/>\n<meta name=\"twitter:site\" content=\"@equipseer\" \/>\n<script type=\"application\/ld+json\" class=\"yoast-schema-graph\">{\"@context\":\"https:\\\/\\\/schema.org\",\"@graph\":[{\"@type\":\"Article\",\"@id\":\"https:\\\/\\\/salutieducacioemocional.com\\\/ca\\\/biblioteca\\\/desenvolupament-habilitats-creixement-personal-equilibri-salut\\\/#article\",\"isPartOf\":{\"@id\":\"https:\\\/\\\/salutieducacioemocional.com\\\/ca\\\/biblioteca\\\/desenvolupament-habilitats-creixement-personal-equilibri-salut\\\/\"},\"author\":{\"name\":\"EquipSEER\",\"@id\":\"https:\\\/\\\/salutieducacioemocional.com\\\/#\\\/schema\\\/person\\\/5ff9b86498e028c736f70cf273bbd8be\"},\"headline\":\"Desenvolupament d&#8217;habilitats i creixement personal, equilibri i salut\",\"datePublished\":\"2019-01-03T12:16:35+00:00\",\"dateModified\":\"2021-04-19T14:48:00+00:00\",\"mainEntityOfPage\":{\"@id\":\"https:\\\/\\\/salutieducacioemocional.com\\\/ca\\\/biblioteca\\\/desenvolupament-habilitats-creixement-personal-equilibri-salut\\\/\"},\"wordCount\":118,\"commentCount\":0,\"publisher\":{\"@id\":\"https:\\\/\\\/salutieducacioemocional.com\\\/#organization\"},\"image\":{\"@id\":\"https:\\\/\\\/salutieducacioemocional.com\\\/ca\\\/biblioteca\\\/desenvolupament-habilitats-creixement-personal-equilibri-salut\\\/#primaryimage\"},\"thumbnailUrl\":\"https:\\\/\\\/salutieducacioemocional.com\\\/wp-content\\\/uploads\\\/2019\\\/01\\\/desenvolupament-habilitats-personal.jpg\",\"keywords\":[\"Educaci\u00f3 Emocional\"],\"articleSection\":[\"Biblioteca\"],\"inLanguage\":\"ca\",\"potentialAction\":[{\"@type\":\"CommentAction\",\"name\":\"Comment\",\"target\":[\"https:\\\/\\\/salutieducacioemocional.com\\\/ca\\\/biblioteca\\\/desenvolupament-habilitats-creixement-personal-equilibri-salut\\\/#respond\"]}]},{\"@type\":\"WebPage\",\"@id\":\"https:\\\/\\\/salutieducacioemocional.com\\\/ca\\\/biblioteca\\\/desenvolupament-habilitats-creixement-personal-equilibri-salut\\\/\",\"url\":\"https:\\\/\\\/salutieducacioemocional.com\\\/ca\\\/biblioteca\\\/desenvolupament-habilitats-creixement-personal-equilibri-salut\\\/\",\"name\":\"Desenvolupament d'habilitats i creixement personal, equilibri i salut - SEER\",\"isPartOf\":{\"@id\":\"https:\\\/\\\/salutieducacioemocional.com\\\/#website\"},\"primaryImageOfPage\":{\"@id\":\"https:\\\/\\\/salutieducacioemocional.com\\\/ca\\\/biblioteca\\\/desenvolupament-habilitats-creixement-personal-equilibri-salut\\\/#primaryimage\"},\"image\":{\"@id\":\"https:\\\/\\\/salutieducacioemocional.com\\\/ca\\\/biblioteca\\\/desenvolupament-habilitats-creixement-personal-equilibri-salut\\\/#primaryimage\"},\"thumbnailUrl\":\"https:\\\/\\\/salutieducacioemocional.com\\\/wp-content\\\/uploads\\\/2019\\\/01\\\/desenvolupament-habilitats-personal.jpg\",\"datePublished\":\"2019-01-03T12:16:35+00:00\",\"dateModified\":\"2021-04-19T14:48:00+00:00\",\"breadcrumb\":{\"@id\":\"https:\\\/\\\/salutieducacioemocional.com\\\/ca\\\/biblioteca\\\/desenvolupament-habilitats-creixement-personal-equilibri-salut\\\/#breadcrumb\"},\"inLanguage\":\"ca\",\"potentialAction\":[{\"@type\":\"ReadAction\",\"target\":[\"https:\\\/\\\/salutieducacioemocional.com\\\/ca\\\/biblioteca\\\/desenvolupament-habilitats-creixement-personal-equilibri-salut\\\/\"]}]},{\"@type\":\"ImageObject\",\"inLanguage\":\"ca\",\"@id\":\"https:\\\/\\\/salutieducacioemocional.com\\\/ca\\\/biblioteca\\\/desenvolupament-habilitats-creixement-personal-equilibri-salut\\\/#primaryimage\",\"url\":\"https:\\\/\\\/salutieducacioemocional.com\\\/wp-content\\\/uploads\\\/2019\\\/01\\\/desenvolupament-habilitats-personal.jpg\",\"contentUrl\":\"https:\\\/\\\/salutieducacioemocional.com\\\/wp-content\\\/uploads\\\/2019\\\/01\\\/desenvolupament-habilitats-personal.jpg\",\"width\":650,\"height\":276},{\"@type\":\"BreadcrumbList\",\"@id\":\"https:\\\/\\\/salutieducacioemocional.com\\\/ca\\\/biblioteca\\\/desenvolupament-habilitats-creixement-personal-equilibri-salut\\\/#breadcrumb\",\"itemListElement\":[{\"@type\":\"ListItem\",\"position\":1,\"name\":\"Portada\",\"item\":\"https:\\\/\\\/salutieducacioemocional.com\\\/\"},{\"@type\":\"ListItem\",\"position\":2,\"name\":\"Desenvolupament d&#8217;habilitats i creixement personal, equilibri i salut\"}]},{\"@type\":\"WebSite\",\"@id\":\"https:\\\/\\\/salutieducacioemocional.com\\\/#website\",\"url\":\"https:\\\/\\\/salutieducacioemocional.com\\\/\",\"name\":\"SEER\",\"description\":\"Salut i Educaci\u00f3 Emocional\",\"publisher\":{\"@id\":\"https:\\\/\\\/salutieducacioemocional.com\\\/#organization\"},\"potentialAction\":[{\"@type\":\"SearchAction\",\"target\":{\"@type\":\"EntryPoint\",\"urlTemplate\":\"https:\\\/\\\/salutieducacioemocional.com\\\/?s={search_term_string}\"},\"query-input\":{\"@type\":\"PropertyValueSpecification\",\"valueRequired\":true,\"valueName\":\"search_term_string\"}}],\"inLanguage\":\"ca\"},{\"@type\":\"Organization\",\"@id\":\"https:\\\/\\\/salutieducacioemocional.com\\\/#organization\",\"name\":\"Salut i Educaci\u00f3 Emocional S.L\",\"alternateName\":\"SEER\",\"url\":\"https:\\\/\\\/salutieducacioemocional.com\\\/\",\"logo\":{\"@type\":\"ImageObject\",\"inLanguage\":\"ca\",\"@id\":\"https:\\\/\\\/salutieducacioemocional.com\\\/#\\\/schema\\\/logo\\\/image\\\/\",\"url\":\"https:\\\/\\\/salutieducacioemocional.com\\\/wp-content\\\/uploads\\\/2018\\\/12\\\/cropped-educacion-emocional-seer-e1545471861400.png\",\"contentUrl\":\"https:\\\/\\\/salutieducacioemocional.com\\\/wp-content\\\/uploads\\\/2018\\\/12\\\/cropped-educacion-emocional-seer-e1545471861400.png\",\"width\":200,\"height\":78,\"caption\":\"Salut i Educaci\u00f3 Emocional S.L\"},\"image\":{\"@id\":\"https:\\\/\\\/salutieducacioemocional.com\\\/#\\\/schema\\\/logo\\\/image\\\/\"},\"sameAs\":[\"https:\\\/\\\/www.facebook.com\\\/equipseer\",\"https:\\\/\\\/x.com\\\/equipseer\",\"https:\\\/\\\/www.instagram.com\\\/equipseer\\\/\",\"https:\\\/\\\/www.linkedin.com\\\/company\\\/9231569\\\/admin\\\/\",\"https:\\\/\\\/www.youtube.com\\\/@equipseer\",\"https:\\\/\\\/t.me\\\/seer_info\"]},{\"@type\":\"Person\",\"@id\":\"https:\\\/\\\/salutieducacioemocional.com\\\/#\\\/schema\\\/person\\\/5ff9b86498e028c736f70cf273bbd8be\",\"name\":\"EquipSEER\",\"image\":{\"@type\":\"ImageObject\",\"inLanguage\":\"ca\",\"@id\":\"https:\\\/\\\/secure.gravatar.com\\\/avatar\\\/a791e1b54851c4df706081fe7247ada89b2947f29168abc2ebfb33461f537949?s=96&d=mm&r=g\",\"url\":\"https:\\\/\\\/secure.gravatar.com\\\/avatar\\\/a791e1b54851c4df706081fe7247ada89b2947f29168abc2ebfb33461f537949?s=96&d=mm&r=g\",\"contentUrl\":\"https:\\\/\\\/secure.gravatar.com\\\/avatar\\\/a791e1b54851c4df706081fe7247ada89b2947f29168abc2ebfb33461f537949?s=96&d=mm&r=g\",\"caption\":\"EquipSEER\"},\"url\":\"https:\\\/\\\/salutieducacioemocional.com\\\/ca\\\/author\\\/salutnueva\\\/\"}]}<\/script>\n<!-- \/ Yoast SEO plugin. -->","yoast_head_json":{"title":"Desenvolupament d'habilitats i creixement personal, equilibri i salut - SEER","robots":{"index":"index","follow":"follow","max-snippet":"max-snippet:-1","max-image-preview":"max-image-preview:large","max-video-preview":"max-video-preview:-1"},"canonical":"https:\/\/salutieducacioemocional.com\/ca\/biblioteca\/desenvolupament-habilitats-creixement-personal-equilibri-salut\/","og_locale":"ca_ES","og_type":"article","og_title":"Desenvolupament d'habilitats i creixement personal, equilibri i salut - SEER","og_description":"Desenvolupament d&#8217;habilitats i creixement personal, equilibri i salut Llibre de comunicacions orals presentades al IV Congr\u00e9s de la Societat Cient\u00edfica Espanyola de Enfermeria Escolar &#8220;Sin prima de riesgo para la salud&#8221; A continuaci\u00f3 us presentem el llibre de Comunicacions Orals del IV Congr\u00e9s de la Societat Cient\u00edfica Espanyola d\u2019Infermeria Escolar, dins de les quals es [&hellip;]","og_url":"https:\/\/salutieducacioemocional.com\/ca\/biblioteca\/desenvolupament-habilitats-creixement-personal-equilibri-salut\/","og_site_name":"SEER","article_publisher":"https:\/\/www.facebook.com\/equipseer","article_published_time":"2019-01-03T12:16:35+00:00","article_modified_time":"2021-04-19T14:48:00+00:00","og_image":[{"width":650,"height":276,"url":"https:\/\/salutieducacioemocional.com\/wp-content\/uploads\/2019\/01\/desenvolupament-habilitats-personal.jpg","type":"image\/jpeg"}],"author":"EquipSEER","twitter_card":"summary_large_image","twitter_creator":"@equipseer","twitter_site":"@equipseer","schema":{"@context":"https:\/\/schema.org","@graph":[{"@type":"Article","@id":"https:\/\/salutieducacioemocional.com\/ca\/biblioteca\/desenvolupament-habilitats-creixement-personal-equilibri-salut\/#article","isPartOf":{"@id":"https:\/\/salutieducacioemocional.com\/ca\/biblioteca\/desenvolupament-habilitats-creixement-personal-equilibri-salut\/"},"author":{"name":"EquipSEER","@id":"https:\/\/salutieducacioemocional.com\/#\/schema\/person\/5ff9b86498e028c736f70cf273bbd8be"},"headline":"Desenvolupament d&#8217;habilitats i creixement personal, equilibri i salut","datePublished":"2019-01-03T12:16:35+00:00","dateModified":"2021-04-19T14:48:00+00:00","mainEntityOfPage":{"@id":"https:\/\/salutieducacioemocional.com\/ca\/biblioteca\/desenvolupament-habilitats-creixement-personal-equilibri-salut\/"},"wordCount":118,"commentCount":0,"publisher":{"@id":"https:\/\/salutieducacioemocional.com\/#organization"},"image":{"@id":"https:\/\/salutieducacioemocional.com\/ca\/biblioteca\/desenvolupament-habilitats-creixement-personal-equilibri-salut\/#primaryimage"},"thumbnailUrl":"https:\/\/salutieducacioemocional.com\/wp-content\/uploads\/2019\/01\/desenvolupament-habilitats-personal.jpg","keywords":["Educaci\u00f3 Emocional"],"articleSection":["Biblioteca"],"inLanguage":"ca","potentialAction":[{"@type":"CommentAction","name":"Comment","target":["https:\/\/salutieducacioemocional.com\/ca\/biblioteca\/desenvolupament-habilitats-creixement-personal-equilibri-salut\/#respond"]}]},{"@type":"WebPage","@id":"https:\/\/salutieducacioemocional.com\/ca\/biblioteca\/desenvolupament-habilitats-creixement-personal-equilibri-salut\/","url":"https:\/\/salutieducacioemocional.com\/ca\/biblioteca\/desenvolupament-habilitats-creixement-personal-equilibri-salut\/","name":"Desenvolupament d'habilitats i creixement personal, equilibri i salut - SEER","isPartOf":{"@id":"https:\/\/salutieducacioemocional.com\/#website"},"primaryImageOfPage":{"@id":"https:\/\/salutieducacioemocional.com\/ca\/biblioteca\/desenvolupament-habilitats-creixement-personal-equilibri-salut\/#primaryimage"},"image":{"@id":"https:\/\/salutieducacioemocional.com\/ca\/biblioteca\/desenvolupament-habilitats-creixement-personal-equilibri-salut\/#primaryimage"},"thumbnailUrl":"https:\/\/salutieducacioemocional.com\/wp-content\/uploads\/2019\/01\/desenvolupament-habilitats-personal.jpg","datePublished":"2019-01-03T12:16:35+00:00","dateModified":"2021-04-19T14:48:00+00:00","breadcrumb":{"@id":"https:\/\/salutieducacioemocional.com\/ca\/biblioteca\/desenvolupament-habilitats-creixement-personal-equilibri-salut\/#breadcrumb"},"inLanguage":"ca","potentialAction":[{"@type":"ReadAction","target":["https:\/\/salutieducacioemocional.com\/ca\/biblioteca\/desenvolupament-habilitats-creixement-personal-equilibri-salut\/"]}]},{"@type":"ImageObject","inLanguage":"ca","@id":"https:\/\/salutieducacioemocional.com\/ca\/biblioteca\/desenvolupament-habilitats-creixement-personal-equilibri-salut\/#primaryimage","url":"https:\/\/salutieducacioemocional.com\/wp-content\/uploads\/2019\/01\/desenvolupament-habilitats-personal.jpg","contentUrl":"https:\/\/salutieducacioemocional.com\/wp-content\/uploads\/2019\/01\/desenvolupament-habilitats-personal.jpg","width":650,"height":276},{"@type":"BreadcrumbList","@id":"https:\/\/salutieducacioemocional.com\/ca\/biblioteca\/desenvolupament-habilitats-creixement-personal-equilibri-salut\/#breadcrumb","itemListElement":[{"@type":"ListItem","position":1,"name":"Portada","item":"https:\/\/salutieducacioemocional.com\/"},{"@type":"ListItem","position":2,"name":"Desenvolupament d&#8217;habilitats i creixement personal, equilibri i salut"}]},{"@type":"WebSite","@id":"https:\/\/salutieducacioemocional.com\/#website","url":"https:\/\/salutieducacioemocional.com\/","name":"SEER","description":"Salut i Educaci\u00f3 Emocional","publisher":{"@id":"https:\/\/salutieducacioemocional.com\/#organization"},"potentialAction":[{"@type":"SearchAction","target":{"@type":"EntryPoint","urlTemplate":"https:\/\/salutieducacioemocional.com\/?s={search_term_string}"},"query-input":{"@type":"PropertyValueSpecification","valueRequired":true,"valueName":"search_term_string"}}],"inLanguage":"ca"},{"@type":"Organization","@id":"https:\/\/salutieducacioemocional.com\/#organization","name":"Salut i Educaci\u00f3 Emocional S.L","alternateName":"SEER","url":"https:\/\/salutieducacioemocional.com\/","logo":{"@type":"ImageObject","inLanguage":"ca","@id":"https:\/\/salutieducacioemocional.com\/#\/schema\/logo\/image\/","url":"https:\/\/salutieducacioemocional.com\/wp-content\/uploads\/2018\/12\/cropped-educacion-emocional-seer-e1545471861400.png","contentUrl":"https:\/\/salutieducacioemocional.com\/wp-content\/uploads\/2018\/12\/cropped-educacion-emocional-seer-e1545471861400.png","width":200,"height":78,"caption":"Salut i Educaci\u00f3 Emocional S.L"},"image":{"@id":"https:\/\/salutieducacioemocional.com\/#\/schema\/logo\/image\/"},"sameAs":["https:\/\/www.facebook.com\/equipseer","https:\/\/x.com\/equipseer","https:\/\/www.instagram.com\/equipseer\/","https:\/\/www.linkedin.com\/company\/9231569\/admin\/","https:\/\/www.youtube.com\/@equipseer","https:\/\/t.me\/seer_info"]},{"@type":"Person","@id":"https:\/\/salutieducacioemocional.com\/#\/schema\/person\/5ff9b86498e028c736f70cf273bbd8be","name":"EquipSEER","image":{"@type":"ImageObject","inLanguage":"ca","@id":"https:\/\/secure.gravatar.com\/avatar\/a791e1b54851c4df706081fe7247ada89b2947f29168abc2ebfb33461f537949?s=96&d=mm&r=g","url":"https:\/\/secure.gravatar.com\/avatar\/a791e1b54851c4df706081fe7247ada89b2947f29168abc2ebfb33461f537949?s=96&d=mm&r=g","contentUrl":"https:\/\/secure.gravatar.com\/avatar\/a791e1b54851c4df706081fe7247ada89b2947f29168abc2ebfb33461f537949?s=96&d=mm&r=g","caption":"EquipSEER"},"url":"https:\/\/salutieducacioemocional.com\/ca\/author\/salutnueva\/"}]}},"_links":{"self":[{"href":"https:\/\/salutieducacioemocional.com\/ca\/wp-json\/wp\/v2\/posts\/2496","targetHints":{"allow":["GET"]}}],"collection":[{"href":"https:\/\/salutieducacioemocional.com\/ca\/wp-json\/wp\/v2\/posts"}],"about":[{"href":"https:\/\/salutieducacioemocional.com\/ca\/wp-json\/wp\/v2\/types\/post"}],"author":[{"embeddable":true,"href":"https:\/\/salutieducacioemocional.com\/ca\/wp-json\/wp\/v2\/users\/1"}],"replies":[{"embeddable":true,"href":"https:\/\/salutieducacioemocional.com\/ca\/wp-json\/wp\/v2\/comments?post=2496"}],"version-history":[{"count":10,"href":"https:\/\/salutieducacioemocional.com\/ca\/wp-json\/wp\/v2\/posts\/2496\/revisions"}],"predecessor-version":[{"id":7263,"href":"https:\/\/salutieducacioemocional.com\/ca\/wp-json\/wp\/v2\/posts\/2496\/revisions\/7263"}],"wp:featuredmedia":[{"embeddable":true,"href":"https:\/\/salutieducacioemocional.com\/ca\/wp-json\/wp\/v2\/media\/2497"}],"wp:attachment":[{"href":"https:\/\/salutieducacioemocional.com\/ca\/wp-json\/wp\/v2\/media?parent=2496"}],"wp:term":[{"taxonomy":"category","embeddable":true,"href":"https:\/\/salutieducacioemocional.com\/ca\/wp-json\/wp\/v2\/categories?post=2496"},{"taxonomy":"post_tag","embeddable":true,"href":"https:\/\/salutieducacioemocional.com\/ca\/wp-json\/wp\/v2\/tags?post=2496"}],"curies":[{"name":"wp","href":"https:\/\/api.w.org\/{rel}","templated":true}]}}