{"id":5170,"date":"2020-01-29T15:13:34","date_gmt":"2020-01-29T15:13:34","guid":{"rendered":"https:\/\/salutieducacioemocional.com\/?p=5170"},"modified":"2020-01-29T18:07:04","modified_gmt":"2020-01-29T18:07:04","slug":"acompanyem-obra-teatre-no-tho-callis-muekka-lloret-mar","status":"publish","type":"post","link":"https:\/\/salutieducacioemocional.com\/ca\/blog\/acompanyem-obra-teatre-no-tho-callis-muekka-lloret-mar\/","title":{"rendered":"Acompanyem l&#8217;Obra de Teatre &#8220;No t&#8217;ho Callis&#8221; de MUEKKA a Lloret de Mar"},"content":{"rendered":"\t\t<div data-elementor-type=\"wp-post\" data-elementor-id=\"5170\" class=\"elementor elementor-5170\" data-elementor-post-type=\"post\">\n\t\t\t\t\t\t<section class=\"elementor-section elementor-top-section elementor-element elementor-element-385ec5f1 elementor-section-boxed elementor-section-height-default elementor-section-height-default\" data-id=\"385ec5f1\" data-element_type=\"section\" data-e-type=\"section\">\n\t\t\t\t\t\t<div class=\"elementor-container elementor-column-gap-default\">\n\t\t\t\t\t<div class=\"elementor-column elementor-col-100 elementor-top-column elementor-element elementor-element-4e14f55b\" data-id=\"4e14f55b\" data-element_type=\"column\" data-e-type=\"column\">\n\t\t\t<div class=\"elementor-widget-wrap elementor-element-populated\">\n\t\t\t\t\t\t<div class=\"elementor-element elementor-element-7aebd9a3 elementor-widget elementor-widget-heading\" data-id=\"7aebd9a3\" data-element_type=\"widget\" data-e-type=\"widget\" data-widget_type=\"heading.default\">\n\t\t\t\t<div class=\"elementor-widget-container\">\n\t\t\t\t\t<h1 class=\"elementor-heading-title elementor-size-large\">Acompanyem l'Obra de Teatre \"No t'ho Callis\" de MUEKKA a Lloret de Mar<\/h1>\t\t\t\t<\/div>\n\t\t\t\t<\/div>\n\t\t\t\t<div class=\"elementor-element elementor-element-637508d5 elementor-widget-divider--view-line elementor-widget elementor-widget-divider\" data-id=\"637508d5\" data-element_type=\"widget\" data-e-type=\"widget\" data-widget_type=\"divider.default\">\n\t\t\t\t<div class=\"elementor-widget-container\">\n\t\t\t\t\t\t\t<div class=\"elementor-divider\">\n\t\t\t<span class=\"elementor-divider-separator\">\n\t\t\t\t\t\t<\/span>\n\t\t<\/div>\n\t\t\t\t\t\t<\/div>\n\t\t\t\t<\/div>\n\t\t\t\t\t<\/div>\n\t\t<\/div>\n\t\t\t\t\t<\/div>\n\t\t<\/section>\n\t\t\t\t<section class=\"elementor-section elementor-top-section elementor-element elementor-element-40fcd5c6 elementor-section-boxed elementor-section-height-default elementor-section-height-default\" data-id=\"40fcd5c6\" data-element_type=\"section\" data-e-type=\"section\">\n\t\t\t\t\t\t<div class=\"elementor-container elementor-column-gap-default\">\n\t\t\t\t\t<div class=\"elementor-column elementor-col-100 elementor-top-column elementor-element elementor-element-6fb51b86\" data-id=\"6fb51b86\" data-element_type=\"column\" data-e-type=\"column\">\n\t\t\t<div class=\"elementor-widget-wrap elementor-element-populated\">\n\t\t\t\t\t\t<div class=\"elementor-element elementor-element-19c5f2f2 elementor-widget elementor-widget-theme-post-featured-image elementor-widget-image\" data-id=\"19c5f2f2\" data-element_type=\"widget\" data-e-type=\"widget\" data-widget_type=\"theme-post-featured-image.default\">\n\t\t\t\t<div class=\"elementor-widget-container\">\n\t\t\t\t\t\t\t\t\t\t\t\t<figure class=\"wp-caption\">\n\t\t\t\t\t\t\t\t\t\t\t<a href=\"https:\/\/www.teatredelacostabravasud.cat\/ca\/programacio\/c\/103-no-tho-callis.html\" target=\"_blank\" rel=\"nofollow\">\n\t\t\t\t\t\t\t<img fetchpriority=\"high\" decoding=\"async\" width=\"530\" height=\"397\" src=\"https:\/\/salutieducacioemocional.com\/wp-content\/uploads\/2020\/01\/dinamitzacio-teatre-muekka-bullying.jpeg\" class=\"attachment-large size-large wp-image-5172\" alt=\"Assessorament SEER creaci\u00f3 obra teatre no t&#039;ho callis Muekka\" srcset=\"https:\/\/salutieducacioemocional.com\/wp-content\/uploads\/2020\/01\/dinamitzacio-teatre-muekka-bullying.jpeg 530w, https:\/\/salutieducacioemocional.com\/wp-content\/uploads\/2020\/01\/dinamitzacio-teatre-muekka-bullying-300x225.jpeg 300w\" sizes=\"(max-width: 530px) 100vw, 530px\" \/>\t\t\t\t\t\t\t\t<\/a>\n\t\t\t\t\t\t\t\t\t\t\t<figcaption class=\"widget-image-caption wp-caption-text\">Foto: Col\u00b7loqui SEER a la presentaci\u00f3 de l\u2019obra al Teatre Costa Brava Sud<\/figcaption>\n\t\t\t\t\t\t\t\t\t\t<\/figure>\n\t\t\t\t\t\t\t\t\t<\/div>\n\t\t\t\t<\/div>\n\t\t\t\t\t<\/div>\n\t\t<\/div>\n\t\t\t\t\t<\/div>\n\t\t<\/section>\n\t\t\t\t<section class=\"elementor-section elementor-top-section elementor-element elementor-element-1b0c1bfc elementor-section-boxed elementor-section-height-default elementor-section-height-default\" data-id=\"1b0c1bfc\" data-element_type=\"section\" data-e-type=\"section\">\n\t\t\t\t\t\t<div class=\"elementor-container elementor-column-gap-default\">\n\t\t\t\t\t<div class=\"elementor-column elementor-col-100 elementor-top-column elementor-element elementor-element-ad0f0f5\" data-id=\"ad0f0f5\" data-element_type=\"column\" data-e-type=\"column\">\n\t\t\t<div class=\"elementor-widget-wrap elementor-element-populated\">\n\t\t\t\t\t\t<div class=\"elementor-element elementor-element-69423e0f elementor-widget elementor-widget-text-editor\" data-id=\"69423e0f\" data-element_type=\"widget\" data-e-type=\"widget\" data-widget_type=\"text-editor.default\">\n\t\t\t\t<div class=\"elementor-widget-container\">\n\t\t\t\t\t\t\t\t\t<h2 style=\"text-align: center;\"><span style=\"font-weight: 400;\">Experi\u00e8ncia de SEER a l\u2019assessorament i acompanyament del proc\u00e9s de creaci\u00f3 de\u00a0 l\u2019obre de teatre sobre el bullying \u201cno t\u2019ho callis\u201d (muekka)<\/span><\/h2><p><span style=\"font-weight: 400;\">Durant el passar mes de desembre de 2019, SEER hem acompanyat i assessorat en temes de Bullying a la companyia de teatre <\/span><a href=\"https:\/\/www.muekka.com\/\" target=\"_blank\" rel=\"nofollow noopener\"><span style=\"font-weight: 400;\">MUEKKA<\/span><\/a><span style=\"font-weight: 400;\"> de Lloret de Mar, amb la seva iniciativa de la creaci\u00f3 d\u2019una obra de teatre preventiva, sensibilitzadora i reivindicativa sobre la sensibilitzaci\u00f3 del Bullying, titulada \u201cNo t\u2019ho callis\u201d. \u00c9s una obra dirigida per l\u2019Enzo Poblete i interpretada per joves que comparteixen una mateixa passi\u00f3: el teatre i les habilitats art\u00edstiques.<\/span><\/p><p><span style=\"font-weight: 400;\">L\u2019assessorament i acompanyament es va portar a terme durant dues sessions de dues hores cadascuna, amb l\u2019objectiu de compartir la mirada SEER en relaci\u00f3 al Bullying i, a trav\u00e9s dels mapes emocionals, ajudar en la comprensi\u00f3 dels personatges.<\/span><\/p><p><span style=\"font-weight: 400;\">En relaci\u00f3 a l\u2019experi\u00e8ncia d\u2019aquest acompanyament podem dir que, en el transcurs de les dues sessions i gr\u00e0cies al treball realitzar en els processos emocionals dels diferents joves, vam poder observar com gr\u00e0cies a la presa de consci\u00e8ncia i acceptaci\u00f3 de les diferents fases i experi\u00e8ncies viscudes relacionades amb l\u2019assetjament entre iguals, dels diferents joves al llarg de les seves vides; y, per poder aix\u00ed comprendre i perdonar a d\u2019altres persones, per a la comprensi\u00f3 i interpretaci\u00f3 dels seus corresponents personatges. Una de les protagonistes de l\u2019obra compartia que:<\/span><\/p>\t\t\t\t\t\t\t\t<\/div>\n\t\t\t\t<\/div>\n\t\t\t\t<div class=\"elementor-element elementor-element-4b70299 elementor-blockquote--skin-quotation elementor-blockquote--align-left elementor-widget elementor-widget-blockquote\" data-id=\"4b70299\" data-element_type=\"widget\" data-e-type=\"widget\" data-widget_type=\"blockquote.default\">\n\t\t\t\t<div class=\"elementor-widget-container\">\n\t\t\t\t\t\t\t<blockquote class=\"elementor-blockquote\">\n\t\t\t<p class=\"elementor-blockquote__content\">\n\t\t\t\tNo entenia fins avui perqu\u00e8 se\u2019m feia tan dif\u00edcil interpretar el meu personatge. Ara he ent\u00e8s que no tenia sanat el meu proc\u00e9s viscut fa uns anys en relaci\u00f3 al Bullying. El meu jo persona es trobava en una fase que no havia sanat encara, mentre que el meu jo personatge requeria estar en una altre fase per a la seva interpretaci\u00f3. Per aquest motiu, el meu conflicte. \nGr\u00e0cies a l\u2019assessorament i l\u2019acompanyament de SEER he pogut prendre consci\u00e8ncia i sanar el meu proc\u00e9s personal, per aix\u00ed, poder interpretar el meu personatge en la fase d\u2019acceptaci\u00f3 que requeria estar\t\t\t<\/p>\n\t\t\t\t\t\t\t<div class=\"e-q-footer\">\n\t\t\t\t\t\t\t\t\t\t\t<cite class=\"elementor-blockquote__author\">(Actriu de l'obra)<\/cite>\n\t\t\t\t\t\t\t\t\t\t\t\t\t\t<\/div>\n\t\t\t\t\t<\/blockquote>\n\t\t\t\t\t\t<\/div>\n\t\t\t\t<\/div>\n\t\t\t\t<div class=\"elementor-element elementor-element-5b69c2c elementor-widget elementor-widget-text-editor\" data-id=\"5b69c2c\" data-element_type=\"widget\" data-e-type=\"widget\" data-widget_type=\"text-editor.default\">\n\t\t\t\t<div class=\"elementor-widget-container\">\n\t\t\t\t\t\t\t\t\t<p><span style=\"font-weight: 400;\">Vam facilitar un espai de treball on cada actor i actriu, i amb l\u2019objectiu de la comprensi\u00f3 dels diferents personatges (en quina fase es troben, des de quina emoci\u00f3 interpreten, etc.) se\u2019ls va convidar a caminar el seu proc\u00e9s, tenint en compte el triangle de la personalitat del Model SEER de desenvolupament socioemocional. En primer lloc es va treballar la seva presa de consci\u00e8ncia, des del \u201csento\u201d, convidant a caminar per les diferents emocions per poder prendre consci\u00e8ncia i comprendre quines emocions podien estar sentint els diferents personatges. Aquest fet fa que\u00a0 es pugui interpretar connectant amb l\u2019emoci\u00f3.<\/span><\/p>\t\t\t\t\t\t\t\t<\/div>\n\t\t\t\t<\/div>\n\t\t\t\t<div class=\"elementor-element elementor-element-d5cab78 elementor-widget elementor-widget-image\" data-id=\"d5cab78\" data-element_type=\"widget\" data-e-type=\"widget\" data-widget_type=\"image.default\">\n\t\t\t\t<div class=\"elementor-widget-container\">\n\t\t\t\t\t\t\t\t\t\t\t\t<figure class=\"wp-caption\">\n\t\t\t\t\t\t\t\t\t\t\t<a href=\"https:\/\/www.novaradiolloret.org\/no-tho-callis-lobra-de-muekka-que-posa-sobre-la-taula-la-problematica-del-bullying\/\" target=\"_blank\" rel=\"nofollow\">\n\t\t\t\t\t\t\t<img decoding=\"async\" width=\"550\" height=\"287\" src=\"https:\/\/salutieducacioemocional.com\/wp-content\/uploads\/2020\/01\/dinamitzacio-teatre-muekka-bullying-no-callis.jpg\" class=\"attachment-large size-large wp-image-5174\" alt=\"Acompanyament SEER creaci\u00f3 obra teatre no t&#039;ho callis Muekka\" srcset=\"https:\/\/salutieducacioemocional.com\/wp-content\/uploads\/2020\/01\/dinamitzacio-teatre-muekka-bullying-no-callis.jpg 550w, https:\/\/salutieducacioemocional.com\/wp-content\/uploads\/2020\/01\/dinamitzacio-teatre-muekka-bullying-no-callis-300x157.jpg 300w\" sizes=\"(max-width: 550px) 100vw, 550px\" \/>\t\t\t\t\t\t\t\t<\/a>\n\t\t\t\t\t\t\t\t\t\t\t<figcaption class=\"widget-image-caption wp-caption-text\">Foto Nova Radio Lloret<\/figcaption>\n\t\t\t\t\t\t\t\t\t\t<\/figure>\n\t\t\t\t\t\t\t\t\t<\/div>\n\t\t\t\t<\/div>\n\t\t\t\t<div class=\"elementor-element elementor-element-5331a6a elementor-widget elementor-widget-text-editor\" data-id=\"5331a6a\" data-element_type=\"widget\" data-e-type=\"widget\" data-widget_type=\"text-editor.default\">\n\t\t\t\t<div class=\"elementor-widget-container\">\n\t\t\t\t\t\t\t\t\t<p><span style=\"font-weight: 400;\">En segon lloc, vam treballar des del \u201cpenso\u201d i el \u201cfaig\u201d. Trencar creences que sostenen el Bullying de cadascun dels diferents personatges, per aix\u00ed ajudar a comprendre des d\u2019uan nova mirada m\u00e9s salutog\u00e8nica (psicologia positiva) les seves corresponents interpretacions, i actuar en conseq\u00fc\u00e8ncia.<\/span><\/p>\t\t\t\t\t\t\t\t<\/div>\n\t\t\t\t<\/div>\n\t\t\t\t<div class=\"elementor-element elementor-element-b43a2bd elementor-widget elementor-widget-image\" data-id=\"b43a2bd\" data-element_type=\"widget\" data-e-type=\"widget\" data-widget_type=\"image.default\">\n\t\t\t\t<div class=\"elementor-widget-container\">\n\t\t\t\t\t\t\t\t\t\t\t\t<figure class=\"wp-caption\">\n\t\t\t\t\t\t\t\t\t\t<img decoding=\"async\" src=\"https:\/\/salutieducacioemocional.com\/wp-content\/uploads\/elementor\/thumbs\/seer-dinamitzacio-teatre-muekka-bullying-p289m40wd5zlldzva2owsx3vyisni728xf5kb6dlhc.jpeg\" title=\"seer-dinamitzacio-teatre-muekka-bullying\" alt=\"Laura Torrella i M\u00edriam Mar\u00edn presentaci\u00f3 Obra No t&#039;ho Callis Muekka\" loading=\"lazy\" \/>\t\t\t\t\t\t\t\t\t\t\t<figcaption class=\"widget-image-caption wp-caption-text\">Laura Torrella i M\u00edriam Mar\u00edn (Equip SEER) a la presentaci\u00f3 de l\u2019obra<\/figcaption>\n\t\t\t\t\t\t\t\t\t\t<\/figure>\n\t\t\t\t\t\t\t\t\t<\/div>\n\t\t\t\t<\/div>\n\t\t\t\t<div class=\"elementor-element elementor-element-a52ac0f elementor-widget elementor-widget-text-editor\" data-id=\"a52ac0f\" data-element_type=\"widget\" data-e-type=\"widget\" data-widget_type=\"text-editor.default\">\n\t\t\t\t<div class=\"elementor-widget-container\">\n\t\t\t\t\t\t\t\t\t<p><span style=\"font-weight: 400;\">Per \u00faltim, afegir que ha estat un plaer poder assessorar i acompanyar aquest proc\u00e9s de creaci\u00f3 de l\u2019obra de teatre \u201c<\/span><a href=\"https:\/\/pdabullying.com\/es\/resource\/no-tho-callis-obra-de-teatro-sobre-el-bullying\"><span style=\"font-weight: 400;\">No t\u2019ho callis<\/span><\/a><span style=\"font-weight: 400;\">\u201d. Agrair a tot l\u2019equip de MUEKKA per la seva confian\u00e7a i dedicaci\u00f3 i per la passi\u00f3 per tot el que s\u00f3n, el que fan, i el des d\u2019on un fan.<\/span><\/p><p><span style=\"font-weight: 400;\">7 de desembre de 2019<\/span><\/p>\t\t\t\t\t\t\t\t<\/div>\n\t\t\t\t<\/div>\n\t\t\t\t<div class=\"elementor-element elementor-element-152cd704 elementor-widget elementor-widget-author-box\" data-id=\"152cd704\" data-element_type=\"widget\" data-e-type=\"widget\" data-widget_type=\"author-box.default\">\n\t\t\t\t<div class=\"elementor-widget-container\">\n\t\t\t\t\t\t\t<div class=\"elementor-author-box\">\n\t\t\t\t\t\t\t<div  class=\"elementor-author-box__avatar\">\n\t\t\t\t\t<img decoding=\"async\" src=\"https:\/\/salutieducacioemocional.com\/wp-content\/uploads\/2019\/01\/miriam-300x300.jpg\" alt=\"Picture of Miriam Mar\u00edn\" loading=\"lazy\">\n\t\t\t\t<\/div>\n\t\t\t\n\t\t\t<div class=\"elementor-author-box__text\">\n\t\t\t\t\t\t\t\t\t<div >\n\t\t\t\t\t\t<span class=\"elementor-author-box__name\">\n\t\t\t\t\t\t\tMiriam Mar\u00edn\t\t\t\t\t\t<\/span>\n\t\t\t\t\t<\/div>\n\t\t\t\t\n\t\t\t\t\n\t\t\t\t\t\t\t<\/div>\n\t\t<\/div>\n\t\t\t\t\t\t<\/div>\n\t\t\t\t<\/div>\n\t\t\t\t\t<\/div>\n\t\t<\/div>\n\t\t\t\t\t<\/div>\n\t\t<\/section>\n\t\t\t\t<section class=\"elementor-section elementor-top-section elementor-element elementor-element-75b4e7c1 elementor-section-boxed elementor-section-height-default elementor-section-height-default\" data-id=\"75b4e7c1\" data-element_type=\"section\" data-e-type=\"section\">\n\t\t\t\t\t\t<div class=\"elementor-container elementor-column-gap-default\">\n\t\t\t\t\t<div class=\"elementor-column elementor-col-100 elementor-top-column elementor-element elementor-element-1b63014d\" data-id=\"1b63014d\" data-element_type=\"column\" data-e-type=\"column\">\n\t\t\t<div class=\"elementor-widget-wrap elementor-element-populated\">\n\t\t\t\t\t\t<div class=\"elementor-element elementor-element-1f7ff4c8 elementor-share-buttons--shape-rounded elementor-share-buttons--view-icon-text elementor-share-buttons--skin-gradient elementor-grid-0 elementor-share-buttons--color-official elementor-widget elementor-widget-share-buttons\" data-id=\"1f7ff4c8\" data-element_type=\"widget\" data-e-type=\"widget\" data-widget_type=\"share-buttons.default\">\n\t\t\t\t<div class=\"elementor-widget-container\">\n\t\t\t\t\t\t\t<div class=\"elementor-grid\" role=\"list\">\n\t\t\t\t\t\t\t\t<div class=\"elementor-grid-item\" role=\"listitem\">\n\t\t\t\t\t\t<div class=\"elementor-share-btn elementor-share-btn_facebook\" role=\"button\" tabindex=\"0\" aria-label=\"Compartici\u00f3 en facebook\">\n\t\t\t\t\t\t\t\t\t\t\t\t\t\t\t<span class=\"elementor-share-btn__icon\">\n\t\t\t\t\t\t\t\t<i class=\"fab fa-facebook\" aria-hidden=\"true\"><\/i>\t\t\t\t\t\t\t<\/span>\n\t\t\t\t\t\t\t\t\t\t\t\t\t\t\t\t\t\t\t\t\t\t<div class=\"elementor-share-btn__text\">\n\t\t\t\t\t\t\t\t\t\t\t\t\t\t\t\t\t\t\t<span class=\"elementor-share-btn__title\">\n\t\t\t\t\t\t\t\t\t\tFacebook\t\t\t\t\t\t\t\t\t<\/span>\n\t\t\t\t\t\t\t\t\t\t\t\t\t\t\t\t\t<\/div>\n\t\t\t\t\t\t\t\t\t\t\t\t\t<\/div>\n\t\t\t\t\t<\/div>\n\t\t\t\t\t\t\t\t\t<div class=\"elementor-grid-item\" role=\"listitem\">\n\t\t\t\t\t\t<div class=\"elementor-share-btn elementor-share-btn_twitter\" role=\"button\" tabindex=\"0\" aria-label=\"Compartici\u00f3 en twitter\">\n\t\t\t\t\t\t\t\t\t\t\t\t\t\t\t<span class=\"elementor-share-btn__icon\">\n\t\t\t\t\t\t\t\t<i class=\"fab fa-twitter\" aria-hidden=\"true\"><\/i>\t\t\t\t\t\t\t<\/span>\n\t\t\t\t\t\t\t\t\t\t\t\t\t\t\t\t\t\t\t\t\t\t<div class=\"elementor-share-btn__text\">\n\t\t\t\t\t\t\t\t\t\t\t\t\t\t\t\t\t\t\t<span class=\"elementor-share-btn__title\">\n\t\t\t\t\t\t\t\t\t\tTwitter\t\t\t\t\t\t\t\t\t<\/span>\n\t\t\t\t\t\t\t\t\t\t\t\t\t\t\t\t\t<\/div>\n\t\t\t\t\t\t\t\t\t\t\t\t\t<\/div>\n\t\t\t\t\t<\/div>\n\t\t\t\t\t\t\t\t\t<div class=\"elementor-grid-item\" role=\"listitem\">\n\t\t\t\t\t\t<div class=\"elementor-share-btn elementor-share-btn_linkedin\" role=\"button\" tabindex=\"0\" aria-label=\"Compartici\u00f3 en linkedin\">\n\t\t\t\t\t\t\t\t\t\t\t\t\t\t\t<span class=\"elementor-share-btn__icon\">\n\t\t\t\t\t\t\t\t<i class=\"fab fa-linkedin\" aria-hidden=\"true\"><\/i>\t\t\t\t\t\t\t<\/span>\n\t\t\t\t\t\t\t\t\t\t\t\t\t\t\t\t\t\t\t\t\t\t<div class=\"elementor-share-btn__text\">\n\t\t\t\t\t\t\t\t\t\t\t\t\t\t\t\t\t\t\t<span class=\"elementor-share-btn__title\">\n\t\t\t\t\t\t\t\t\t\tLinkedIn\t\t\t\t\t\t\t\t\t<\/span>\n\t\t\t\t\t\t\t\t\t\t\t\t\t\t\t\t\t<\/div>\n\t\t\t\t\t\t\t\t\t\t\t\t\t<\/div>\n\t\t\t\t\t<\/div>\n\t\t\t\t\t\t\t\t\t<div class=\"elementor-grid-item\" role=\"listitem\">\n\t\t\t\t\t\t<div class=\"elementor-share-btn elementor-share-btn_whatsapp\" role=\"button\" tabindex=\"0\" aria-label=\"Compartici\u00f3 en whatsapp\">\n\t\t\t\t\t\t\t\t\t\t\t\t\t\t\t<span class=\"elementor-share-btn__icon\">\n\t\t\t\t\t\t\t\t<i class=\"fab fa-whatsapp\" aria-hidden=\"true\"><\/i>\t\t\t\t\t\t\t<\/span>\n\t\t\t\t\t\t\t\t\t\t\t\t\t\t\t\t\t\t\t\t\t\t<div class=\"elementor-share-btn__text\">\n\t\t\t\t\t\t\t\t\t\t\t\t\t\t\t\t\t\t\t<span class=\"elementor-share-btn__title\">\n\t\t\t\t\t\t\t\t\t\tWhatsApp\t\t\t\t\t\t\t\t\t<\/span>\n\t\t\t\t\t\t\t\t\t\t\t\t\t\t\t\t\t<\/div>\n\t\t\t\t\t\t\t\t\t\t\t\t\t<\/div>\n\t\t\t\t\t<\/div>\n\t\t\t\t\t\t<\/div>\n\t\t\t\t\t\t<\/div>\n\t\t\t\t<\/div>\n\t\t\t\t\t<\/div>\n\t\t<\/div>\n\t\t\t\t\t<\/div>\n\t\t<\/section>\n\t\t\t\t<section class=\"elementor-section elementor-top-section elementor-element elementor-element-4261f20e elementor-section-boxed elementor-section-height-default elementor-section-height-default\" data-id=\"4261f20e\" data-element_type=\"section\" data-e-type=\"section\">\n\t\t\t\t\t\t<div class=\"elementor-container elementor-column-gap-no\">\n\t\t\t\t\t<div class=\"elementor-column elementor-col-100 elementor-top-column elementor-element elementor-element-3879883c\" data-id=\"3879883c\" data-element_type=\"column\" data-e-type=\"column\" data-settings=\"{&quot;background_background&quot;:&quot;gradient&quot;}\">\n\t\t\t<div class=\"elementor-widget-wrap elementor-element-populated\">\n\t\t\t\t\t\t<div class=\"elementor-element elementor-element-4c395109 elementor-widget elementor-widget-heading\" data-id=\"4c395109\" data-element_type=\"widget\" data-e-type=\"widget\" data-widget_type=\"heading.default\">\n\t\t\t\t<div class=\"elementor-widget-container\">\n\t\t\t\t\t<p class=\"elementor-heading-title elementor-size-default\">Subscriu-te a la nostra Newsletter!<\/p>\t\t\t\t<\/div>\n\t\t\t\t<\/div>\n\t\t\t\t<div class=\"elementor-element elementor-element-58392e5f elementor-widget elementor-widget-text-editor\" data-id=\"58392e5f\" data-element_type=\"widget\" data-e-type=\"widget\" data-widget_type=\"text-editor.default\">\n\t\t\t\t<div class=\"elementor-widget-container\">\n\t\t\t\t\t\t\t\t\t<p>Aix\u00ed et podrem informar de totes les novetats de SEER en quant a activitats, cursos, tallers, formacions, i m\u00e9s \ud83d\ude42<\/p>\t\t\t\t\t\t\t\t<\/div>\n\t\t\t\t<\/div>\n\t\t\t\t<div class=\"elementor-element elementor-element-37c4a4bf elementor-button-align-stretch elementor-widget elementor-widget-form\" data-id=\"37c4a4bf\" data-element_type=\"widget\" data-e-type=\"widget\" data-settings=\"{&quot;button_width&quot;:&quot;100&quot;,&quot;step_next_label&quot;:&quot;Next&quot;,&quot;step_previous_label&quot;:&quot;Previous&quot;,&quot;step_type&quot;:&quot;number_text&quot;,&quot;step_icon_shape&quot;:&quot;circle&quot;}\" data-widget_type=\"form.default\">\n\t\t\t\t<div class=\"elementor-widget-container\">\n\t\t\t\t\t\t\t<form class=\"elementor-form\" method=\"post\" name=\"Newsletter\" aria-label=\"Newsletter\">\n\t\t\t<input type=\"hidden\" name=\"post_id\" value=\"5170\"\/>\n\t\t\t<input type=\"hidden\" name=\"form_id\" value=\"37c4a4bf\"\/>\n\t\t\t<input type=\"hidden\" name=\"referer_title\" value=\"Acompanyem l&#039;Obra de Teatre &quot;No t&#039;ho Callis&quot; de MUEKKA a Lloret de Mar - SEER\" \/>\n\n\t\t\t\t\t\t\t<input type=\"hidden\" name=\"queried_id\" value=\"5170\"\/>\n\t\t\t\n\t\t\t<div class=\"elementor-form-fields-wrapper elementor-labels-\">\n\t\t\t\t\t\t\t\t<div class=\"elementor-field-type-text elementor-field-group elementor-column elementor-field-group-5be0f8b elementor-col-100 elementor-field-required\">\n\t\t\t\t\t\t\t\t\t\t\t\t<label for=\"form-field-5be0f8b\" class=\"elementor-field-label elementor-screen-only\">\n\t\t\t\t\t\t\t\tNom\t\t\t\t\t\t\t<\/label>\n\t\t\t\t\t\t\t\t\t\t\t\t\t\t<input size=\"1\" type=\"text\" name=\"form_fields[5be0f8b]\" id=\"form-field-5be0f8b\" class=\"elementor-field elementor-size-md  elementor-field-textual\" placeholder=\"Nom\" required=\"required\">\n\t\t\t\t\t\t\t\t\t\t\t<\/div>\n\t\t\t\t\t\t\t\t<div class=\"elementor-field-type-email elementor-field-group elementor-column elementor-field-group-email elementor-col-100 elementor-field-required\">\n\t\t\t\t\t\t\t\t\t\t\t\t<label for=\"form-field-email\" class=\"elementor-field-label elementor-screen-only\">\n\t\t\t\t\t\t\t\tEmail\t\t\t\t\t\t\t<\/label>\n\t\t\t\t\t\t\t\t\t\t\t\t\t\t<input size=\"1\" type=\"email\" name=\"form_fields[email]\" id=\"form-field-email\" class=\"elementor-field elementor-size-md  elementor-field-textual\" placeholder=\"Email\" required=\"required\">\n\t\t\t\t\t\t\t\t\t\t\t<\/div>\n\t\t\t\t\t\t\t\t<div class=\"elementor-field-type-acceptance elementor-field-group elementor-column elementor-field-group-2c957ed elementor-col-100 elementor-field-required\">\n\t\t\t\t\t\t\t\t\t\t\t\t<label for=\"form-field-2c957ed\" class=\"elementor-field-label elementor-screen-only\">\n\t\t\t\t\t\t\t\tRGPD\t\t\t\t\t\t\t<\/label>\n\t\t\t\t\t\t\t\t<div class=\"elementor-field-subgroup\">\n\t\t\t<span class=\"elementor-field-option\">\n\t\t\t\t<input type=\"checkbox\" name=\"form_fields[2c957ed]\" id=\"form-field-2c957ed\" class=\"elementor-field elementor-size-md  elementor-acceptance-field\" required=\"required\">\n\t\t\t\t<label for=\"form-field-2c957ed\">RGPD<\/label>\t\t\t<\/span>\n\t\t<\/div>\n\t\t\t\t\t\t<\/div>\n\t\t\t\t\t\t\t\t<div class=\"elementor-field-group elementor-column elementor-field-type-submit elementor-col-100 e-form__buttons\">\n\t\t\t\t\t<button class=\"elementor-button elementor-size-md\" type=\"submit\">\n\t\t\t\t\t\t<span class=\"elementor-button-content-wrapper\">\n\t\t\t\t\t\t\t\t\t\t\t\t\t\t\t\t\t\t\t\t\t\t<span class=\"elementor-button-text\">Subscriure'm<\/span>\n\t\t\t\t\t\t\t\t\t\t\t\t\t<\/span>\n\t\t\t\t\t<\/button>\n\t\t\t\t<\/div>\n\t\t\t<\/div>\n\t\t<\/form>\n\t\t\t\t\t\t<\/div>\n\t\t\t\t<\/div>\n\t\t\t\t\t<\/div>\n\t\t<\/div>\n\t\t\t\t\t<\/div>\n\t\t<\/section>\n\t\t\t\t<section class=\"elementor-section elementor-top-section elementor-element elementor-element-3354865b elementor-section-boxed elementor-section-height-default elementor-section-height-default\" data-id=\"3354865b\" data-element_type=\"section\" data-e-type=\"section\">\n\t\t\t\t\t\t<div class=\"elementor-container elementor-column-gap-default\">\n\t\t\t\t\t<div class=\"elementor-column elementor-col-100 elementor-top-column elementor-element elementor-element-69307b80\" data-id=\"69307b80\" data-element_type=\"column\" data-e-type=\"column\">\n\t\t\t<div class=\"elementor-widget-wrap elementor-element-populated\">\n\t\t\t\t\t\t<div class=\"elementor-element elementor-element-5ad41cda elementor-widget elementor-widget-facebook-comments\" data-id=\"5ad41cda\" data-element_type=\"widget\" data-e-type=\"widget\" data-widget_type=\"facebook-comments.default\">\n\t\t\t\t<div class=\"elementor-widget-container\">\n\t\t\t\t\t\t\t<div class=\"elementor-facebook-widget fb-comments\" data-href=\"https:\/\/salutieducacioemocional.com\/ca\/?p=5170\" data-width=\"100%\" data-numposts=\"10\" data-order-by=\"social\" style=\"min-height: 1px\"><\/div>\n\t\t\t\t\t\t<\/div>\n\t\t\t\t<\/div>\n\t\t\t\t\t<\/div>\n\t\t<\/div>\n\t\t\t\t\t<\/div>\n\t\t<\/section>\n\t\t\t\t<\/div>\n\t\t","protected":false},"excerpt":{"rendered":"<p>Acompanyem l&#8217;Obra de Teatre &#8220;No t&#8217;ho Callis&#8221; de MUEKKA a Lloret de Mar Experi\u00e8ncia de SEER a l\u2019assessorament i acompanyament del proc\u00e9s de creaci\u00f3 de\u00a0 l\u2019obre de teatre sobre el bullying \u201cno t\u2019ho callis\u201d (muekka) Durant el passar mes de desembre de 2019, SEER hem acompanyat i assessorat en temes de Bullying a la companyia [&hellip;]<\/p>\n","protected":false},"author":1,"featured_media":5172,"comment_status":"open","ping_status":"open","sticky":false,"template":"elementor_header_footer","format":"standard","meta":{"footnotes":""},"categories":[115,116],"tags":[101,163],"class_list":["post-5170","post","type-post","status-publish","format-standard","has-post-thumbnail","hentry","category-blog-es","category-bullying-es","tag-bullying","tag-educacion-emocional"],"yoast_head":"<!-- This site is optimized with the Yoast SEO plugin v27.5 - https:\/\/yoast.com\/product\/yoast-seo-wordpress\/ -->\n<title>Acompanyem l&#039;Obra de Teatre &quot;No t&#039;ho Callis&quot; de MUEKKA a Lloret de Mar - SEER<\/title>\n<meta name=\"robots\" content=\"index, follow, max-snippet:-1, max-image-preview:large, max-video-preview:-1\" \/>\n<link rel=\"canonical\" href=\"https:\/\/salutieducacioemocional.com\/ca\/blog\/acompanyem-obra-teatre-no-tho-callis-muekka-lloret-mar\/\" \/>\n<meta property=\"og:locale\" content=\"ca_ES\" \/>\n<meta property=\"og:type\" content=\"article\" \/>\n<meta property=\"og:title\" content=\"Acompanyem l&#039;Obra de Teatre &quot;No t&#039;ho Callis&quot; de MUEKKA a Lloret de Mar - SEER\" \/>\n<meta property=\"og:description\" content=\"Acompanyem l&#8217;Obra de Teatre &#8220;No t&#8217;ho Callis&#8221; de MUEKKA a Lloret de Mar Experi\u00e8ncia de SEER a l\u2019assessorament i acompanyament del proc\u00e9s de creaci\u00f3 de\u00a0 l\u2019obre de teatre sobre el bullying \u201cno t\u2019ho callis\u201d (muekka) Durant el passar mes de desembre de 2019, SEER hem acompanyat i assessorat en temes de Bullying a la companyia [&hellip;]\" \/>\n<meta property=\"og:url\" content=\"https:\/\/salutieducacioemocional.com\/ca\/blog\/acompanyem-obra-teatre-no-tho-callis-muekka-lloret-mar\/\" \/>\n<meta property=\"og:site_name\" content=\"SEER\" \/>\n<meta property=\"article:publisher\" content=\"https:\/\/www.facebook.com\/equipseer\" \/>\n<meta property=\"article:published_time\" content=\"2020-01-29T15:13:34+00:00\" \/>\n<meta property=\"article:modified_time\" content=\"2020-01-29T18:07:04+00:00\" \/>\n<meta property=\"og:image\" content=\"https:\/\/salutieducacioemocional.com\/wp-content\/uploads\/2020\/01\/dinamitzacio-teatre-muekka-bullying.jpeg\" \/>\n\t<meta property=\"og:image:width\" content=\"530\" \/>\n\t<meta property=\"og:image:height\" content=\"397\" \/>\n\t<meta property=\"og:image:type\" content=\"image\/jpeg\" \/>\n<meta name=\"author\" content=\"EquipSEER\" \/>\n<meta name=\"twitter:card\" content=\"summary_large_image\" \/>\n<meta name=\"twitter:creator\" content=\"@equipseer\" \/>\n<meta name=\"twitter:site\" content=\"@equipseer\" \/>\n<script type=\"application\/ld+json\" class=\"yoast-schema-graph\">{\"@context\":\"https:\\\/\\\/schema.org\",\"@graph\":[{\"@type\":\"Article\",\"@id\":\"https:\\\/\\\/salutieducacioemocional.com\\\/ca\\\/blog\\\/acompanyem-obra-teatre-no-tho-callis-muekka-lloret-mar\\\/#article\",\"isPartOf\":{\"@id\":\"https:\\\/\\\/salutieducacioemocional.com\\\/ca\\\/blog\\\/acompanyem-obra-teatre-no-tho-callis-muekka-lloret-mar\\\/\"},\"author\":{\"name\":\"EquipSEER\",\"@id\":\"https:\\\/\\\/salutieducacioemocional.com\\\/#\\\/schema\\\/person\\\/5ff9b86498e028c736f70cf273bbd8be\"},\"headline\":\"Acompanyem l&#8217;Obra de Teatre &#8220;No t&#8217;ho Callis&#8221; de MUEKKA a Lloret de Mar\",\"datePublished\":\"2020-01-29T15:13:34+00:00\",\"dateModified\":\"2020-01-29T18:07:04+00:00\",\"mainEntityOfPage\":{\"@id\":\"https:\\\/\\\/salutieducacioemocional.com\\\/ca\\\/blog\\\/acompanyem-obra-teatre-no-tho-callis-muekka-lloret-mar\\\/\"},\"wordCount\":660,\"commentCount\":0,\"publisher\":{\"@id\":\"https:\\\/\\\/salutieducacioemocional.com\\\/#organization\"},\"image\":{\"@id\":\"https:\\\/\\\/salutieducacioemocional.com\\\/ca\\\/blog\\\/acompanyem-obra-teatre-no-tho-callis-muekka-lloret-mar\\\/#primaryimage\"},\"thumbnailUrl\":\"https:\\\/\\\/salutieducacioemocional.com\\\/wp-content\\\/uploads\\\/2020\\\/01\\\/dinamitzacio-teatre-muekka-bullying.jpeg\",\"keywords\":[\"Bullying\",\"Educaci\u00f3n Emocional\"],\"articleSection\":[\"Blog\",\"Bullying\"],\"inLanguage\":\"ca\",\"potentialAction\":[{\"@type\":\"CommentAction\",\"name\":\"Comment\",\"target\":[\"https:\\\/\\\/salutieducacioemocional.com\\\/ca\\\/blog\\\/acompanyem-obra-teatre-no-tho-callis-muekka-lloret-mar\\\/#respond\"]}]},{\"@type\":\"WebPage\",\"@id\":\"https:\\\/\\\/salutieducacioemocional.com\\\/ca\\\/blog\\\/acompanyem-obra-teatre-no-tho-callis-muekka-lloret-mar\\\/\",\"url\":\"https:\\\/\\\/salutieducacioemocional.com\\\/ca\\\/blog\\\/acompanyem-obra-teatre-no-tho-callis-muekka-lloret-mar\\\/\",\"name\":\"Acompanyem l'Obra de Teatre \\\"No t'ho Callis\\\" de MUEKKA a Lloret de Mar - SEER\",\"isPartOf\":{\"@id\":\"https:\\\/\\\/salutieducacioemocional.com\\\/#website\"},\"primaryImageOfPage\":{\"@id\":\"https:\\\/\\\/salutieducacioemocional.com\\\/ca\\\/blog\\\/acompanyem-obra-teatre-no-tho-callis-muekka-lloret-mar\\\/#primaryimage\"},\"image\":{\"@id\":\"https:\\\/\\\/salutieducacioemocional.com\\\/ca\\\/blog\\\/acompanyem-obra-teatre-no-tho-callis-muekka-lloret-mar\\\/#primaryimage\"},\"thumbnailUrl\":\"https:\\\/\\\/salutieducacioemocional.com\\\/wp-content\\\/uploads\\\/2020\\\/01\\\/dinamitzacio-teatre-muekka-bullying.jpeg\",\"datePublished\":\"2020-01-29T15:13:34+00:00\",\"dateModified\":\"2020-01-29T18:07:04+00:00\",\"breadcrumb\":{\"@id\":\"https:\\\/\\\/salutieducacioemocional.com\\\/ca\\\/blog\\\/acompanyem-obra-teatre-no-tho-callis-muekka-lloret-mar\\\/#breadcrumb\"},\"inLanguage\":\"ca\",\"potentialAction\":[{\"@type\":\"ReadAction\",\"target\":[\"https:\\\/\\\/salutieducacioemocional.com\\\/ca\\\/blog\\\/acompanyem-obra-teatre-no-tho-callis-muekka-lloret-mar\\\/\"]}]},{\"@type\":\"ImageObject\",\"inLanguage\":\"ca\",\"@id\":\"https:\\\/\\\/salutieducacioemocional.com\\\/ca\\\/blog\\\/acompanyem-obra-teatre-no-tho-callis-muekka-lloret-mar\\\/#primaryimage\",\"url\":\"https:\\\/\\\/salutieducacioemocional.com\\\/wp-content\\\/uploads\\\/2020\\\/01\\\/dinamitzacio-teatre-muekka-bullying.jpeg\",\"contentUrl\":\"https:\\\/\\\/salutieducacioemocional.com\\\/wp-content\\\/uploads\\\/2020\\\/01\\\/dinamitzacio-teatre-muekka-bullying.jpeg\",\"width\":530,\"height\":397,\"caption\":\"Assessorament SEER creaci\u00f3 obra teatre no t'ho callis Muekka\"},{\"@type\":\"BreadcrumbList\",\"@id\":\"https:\\\/\\\/salutieducacioemocional.com\\\/ca\\\/blog\\\/acompanyem-obra-teatre-no-tho-callis-muekka-lloret-mar\\\/#breadcrumb\",\"itemListElement\":[{\"@type\":\"ListItem\",\"position\":1,\"name\":\"Portada\",\"item\":\"https:\\\/\\\/salutieducacioemocional.com\\\/\"},{\"@type\":\"ListItem\",\"position\":2,\"name\":\"Acompanyem l&#8217;Obra de Teatre &#8220;No t&#8217;ho Callis&#8221; de MUEKKA a Lloret de Mar\"}]},{\"@type\":\"WebSite\",\"@id\":\"https:\\\/\\\/salutieducacioemocional.com\\\/#website\",\"url\":\"https:\\\/\\\/salutieducacioemocional.com\\\/\",\"name\":\"SEER\",\"description\":\"Salut i Educaci\u00f3 Emocional\",\"publisher\":{\"@id\":\"https:\\\/\\\/salutieducacioemocional.com\\\/#organization\"},\"potentialAction\":[{\"@type\":\"SearchAction\",\"target\":{\"@type\":\"EntryPoint\",\"urlTemplate\":\"https:\\\/\\\/salutieducacioemocional.com\\\/?s={search_term_string}\"},\"query-input\":{\"@type\":\"PropertyValueSpecification\",\"valueRequired\":true,\"valueName\":\"search_term_string\"}}],\"inLanguage\":\"ca\"},{\"@type\":\"Organization\",\"@id\":\"https:\\\/\\\/salutieducacioemocional.com\\\/#organization\",\"name\":\"Salut i Educaci\u00f3 Emocional S.L\",\"alternateName\":\"SEER\",\"url\":\"https:\\\/\\\/salutieducacioemocional.com\\\/\",\"logo\":{\"@type\":\"ImageObject\",\"inLanguage\":\"ca\",\"@id\":\"https:\\\/\\\/salutieducacioemocional.com\\\/#\\\/schema\\\/logo\\\/image\\\/\",\"url\":\"https:\\\/\\\/salutieducacioemocional.com\\\/wp-content\\\/uploads\\\/2018\\\/12\\\/cropped-educacion-emocional-seer-e1545471861400.png\",\"contentUrl\":\"https:\\\/\\\/salutieducacioemocional.com\\\/wp-content\\\/uploads\\\/2018\\\/12\\\/cropped-educacion-emocional-seer-e1545471861400.png\",\"width\":200,\"height\":78,\"caption\":\"Salut i Educaci\u00f3 Emocional S.L\"},\"image\":{\"@id\":\"https:\\\/\\\/salutieducacioemocional.com\\\/#\\\/schema\\\/logo\\\/image\\\/\"},\"sameAs\":[\"https:\\\/\\\/www.facebook.com\\\/equipseer\",\"https:\\\/\\\/x.com\\\/equipseer\",\"https:\\\/\\\/www.instagram.com\\\/equipseer\\\/\",\"https:\\\/\\\/www.linkedin.com\\\/company\\\/9231569\\\/admin\\\/\",\"https:\\\/\\\/www.youtube.com\\\/@equipseer\",\"https:\\\/\\\/t.me\\\/seer_info\"]},{\"@type\":\"Person\",\"@id\":\"https:\\\/\\\/salutieducacioemocional.com\\\/#\\\/schema\\\/person\\\/5ff9b86498e028c736f70cf273bbd8be\",\"name\":\"EquipSEER\",\"image\":{\"@type\":\"ImageObject\",\"inLanguage\":\"ca\",\"@id\":\"https:\\\/\\\/secure.gravatar.com\\\/avatar\\\/a791e1b54851c4df706081fe7247ada89b2947f29168abc2ebfb33461f537949?s=96&d=mm&r=g\",\"url\":\"https:\\\/\\\/secure.gravatar.com\\\/avatar\\\/a791e1b54851c4df706081fe7247ada89b2947f29168abc2ebfb33461f537949?s=96&d=mm&r=g\",\"contentUrl\":\"https:\\\/\\\/secure.gravatar.com\\\/avatar\\\/a791e1b54851c4df706081fe7247ada89b2947f29168abc2ebfb33461f537949?s=96&d=mm&r=g\",\"caption\":\"EquipSEER\"},\"url\":\"https:\\\/\\\/salutieducacioemocional.com\\\/ca\\\/author\\\/salutnueva\\\/\"}]}<\/script>\n<!-- \/ Yoast SEO plugin. -->","yoast_head_json":{"title":"Acompanyem l'Obra de Teatre \"No t'ho Callis\" de MUEKKA a Lloret de Mar - SEER","robots":{"index":"index","follow":"follow","max-snippet":"max-snippet:-1","max-image-preview":"max-image-preview:large","max-video-preview":"max-video-preview:-1"},"canonical":"https:\/\/salutieducacioemocional.com\/ca\/blog\/acompanyem-obra-teatre-no-tho-callis-muekka-lloret-mar\/","og_locale":"ca_ES","og_type":"article","og_title":"Acompanyem l'Obra de Teatre \"No t'ho Callis\" de MUEKKA a Lloret de Mar - SEER","og_description":"Acompanyem l&#8217;Obra de Teatre &#8220;No t&#8217;ho Callis&#8221; de MUEKKA a Lloret de Mar Experi\u00e8ncia de SEER a l\u2019assessorament i acompanyament del proc\u00e9s de creaci\u00f3 de\u00a0 l\u2019obre de teatre sobre el bullying \u201cno t\u2019ho callis\u201d (muekka) Durant el passar mes de desembre de 2019, SEER hem acompanyat i assessorat en temes de Bullying a la companyia [&hellip;]","og_url":"https:\/\/salutieducacioemocional.com\/ca\/blog\/acompanyem-obra-teatre-no-tho-callis-muekka-lloret-mar\/","og_site_name":"SEER","article_publisher":"https:\/\/www.facebook.com\/equipseer","article_published_time":"2020-01-29T15:13:34+00:00","article_modified_time":"2020-01-29T18:07:04+00:00","og_image":[{"width":530,"height":397,"url":"https:\/\/salutieducacioemocional.com\/wp-content\/uploads\/2020\/01\/dinamitzacio-teatre-muekka-bullying.jpeg","type":"image\/jpeg"}],"author":"EquipSEER","twitter_card":"summary_large_image","twitter_creator":"@equipseer","twitter_site":"@equipseer","schema":{"@context":"https:\/\/schema.org","@graph":[{"@type":"Article","@id":"https:\/\/salutieducacioemocional.com\/ca\/blog\/acompanyem-obra-teatre-no-tho-callis-muekka-lloret-mar\/#article","isPartOf":{"@id":"https:\/\/salutieducacioemocional.com\/ca\/blog\/acompanyem-obra-teatre-no-tho-callis-muekka-lloret-mar\/"},"author":{"name":"EquipSEER","@id":"https:\/\/salutieducacioemocional.com\/#\/schema\/person\/5ff9b86498e028c736f70cf273bbd8be"},"headline":"Acompanyem l&#8217;Obra de Teatre &#8220;No t&#8217;ho Callis&#8221; de MUEKKA a Lloret de Mar","datePublished":"2020-01-29T15:13:34+00:00","dateModified":"2020-01-29T18:07:04+00:00","mainEntityOfPage":{"@id":"https:\/\/salutieducacioemocional.com\/ca\/blog\/acompanyem-obra-teatre-no-tho-callis-muekka-lloret-mar\/"},"wordCount":660,"commentCount":0,"publisher":{"@id":"https:\/\/salutieducacioemocional.com\/#organization"},"image":{"@id":"https:\/\/salutieducacioemocional.com\/ca\/blog\/acompanyem-obra-teatre-no-tho-callis-muekka-lloret-mar\/#primaryimage"},"thumbnailUrl":"https:\/\/salutieducacioemocional.com\/wp-content\/uploads\/2020\/01\/dinamitzacio-teatre-muekka-bullying.jpeg","keywords":["Bullying","Educaci\u00f3n Emocional"],"articleSection":["Blog","Bullying"],"inLanguage":"ca","potentialAction":[{"@type":"CommentAction","name":"Comment","target":["https:\/\/salutieducacioemocional.com\/ca\/blog\/acompanyem-obra-teatre-no-tho-callis-muekka-lloret-mar\/#respond"]}]},{"@type":"WebPage","@id":"https:\/\/salutieducacioemocional.com\/ca\/blog\/acompanyem-obra-teatre-no-tho-callis-muekka-lloret-mar\/","url":"https:\/\/salutieducacioemocional.com\/ca\/blog\/acompanyem-obra-teatre-no-tho-callis-muekka-lloret-mar\/","name":"Acompanyem l'Obra de Teatre \"No t'ho Callis\" de MUEKKA a Lloret de Mar - SEER","isPartOf":{"@id":"https:\/\/salutieducacioemocional.com\/#website"},"primaryImageOfPage":{"@id":"https:\/\/salutieducacioemocional.com\/ca\/blog\/acompanyem-obra-teatre-no-tho-callis-muekka-lloret-mar\/#primaryimage"},"image":{"@id":"https:\/\/salutieducacioemocional.com\/ca\/blog\/acompanyem-obra-teatre-no-tho-callis-muekka-lloret-mar\/#primaryimage"},"thumbnailUrl":"https:\/\/salutieducacioemocional.com\/wp-content\/uploads\/2020\/01\/dinamitzacio-teatre-muekka-bullying.jpeg","datePublished":"2020-01-29T15:13:34+00:00","dateModified":"2020-01-29T18:07:04+00:00","breadcrumb":{"@id":"https:\/\/salutieducacioemocional.com\/ca\/blog\/acompanyem-obra-teatre-no-tho-callis-muekka-lloret-mar\/#breadcrumb"},"inLanguage":"ca","potentialAction":[{"@type":"ReadAction","target":["https:\/\/salutieducacioemocional.com\/ca\/blog\/acompanyem-obra-teatre-no-tho-callis-muekka-lloret-mar\/"]}]},{"@type":"ImageObject","inLanguage":"ca","@id":"https:\/\/salutieducacioemocional.com\/ca\/blog\/acompanyem-obra-teatre-no-tho-callis-muekka-lloret-mar\/#primaryimage","url":"https:\/\/salutieducacioemocional.com\/wp-content\/uploads\/2020\/01\/dinamitzacio-teatre-muekka-bullying.jpeg","contentUrl":"https:\/\/salutieducacioemocional.com\/wp-content\/uploads\/2020\/01\/dinamitzacio-teatre-muekka-bullying.jpeg","width":530,"height":397,"caption":"Assessorament SEER creaci\u00f3 obra teatre no t'ho callis Muekka"},{"@type":"BreadcrumbList","@id":"https:\/\/salutieducacioemocional.com\/ca\/blog\/acompanyem-obra-teatre-no-tho-callis-muekka-lloret-mar\/#breadcrumb","itemListElement":[{"@type":"ListItem","position":1,"name":"Portada","item":"https:\/\/salutieducacioemocional.com\/"},{"@type":"ListItem","position":2,"name":"Acompanyem l&#8217;Obra de Teatre &#8220;No t&#8217;ho Callis&#8221; de MUEKKA a Lloret de Mar"}]},{"@type":"WebSite","@id":"https:\/\/salutieducacioemocional.com\/#website","url":"https:\/\/salutieducacioemocional.com\/","name":"SEER","description":"Salut i Educaci\u00f3 Emocional","publisher":{"@id":"https:\/\/salutieducacioemocional.com\/#organization"},"potentialAction":[{"@type":"SearchAction","target":{"@type":"EntryPoint","urlTemplate":"https:\/\/salutieducacioemocional.com\/?s={search_term_string}"},"query-input":{"@type":"PropertyValueSpecification","valueRequired":true,"valueName":"search_term_string"}}],"inLanguage":"ca"},{"@type":"Organization","@id":"https:\/\/salutieducacioemocional.com\/#organization","name":"Salut i Educaci\u00f3 Emocional S.L","alternateName":"SEER","url":"https:\/\/salutieducacioemocional.com\/","logo":{"@type":"ImageObject","inLanguage":"ca","@id":"https:\/\/salutieducacioemocional.com\/#\/schema\/logo\/image\/","url":"https:\/\/salutieducacioemocional.com\/wp-content\/uploads\/2018\/12\/cropped-educacion-emocional-seer-e1545471861400.png","contentUrl":"https:\/\/salutieducacioemocional.com\/wp-content\/uploads\/2018\/12\/cropped-educacion-emocional-seer-e1545471861400.png","width":200,"height":78,"caption":"Salut i Educaci\u00f3 Emocional S.L"},"image":{"@id":"https:\/\/salutieducacioemocional.com\/#\/schema\/logo\/image\/"},"sameAs":["https:\/\/www.facebook.com\/equipseer","https:\/\/x.com\/equipseer","https:\/\/www.instagram.com\/equipseer\/","https:\/\/www.linkedin.com\/company\/9231569\/admin\/","https:\/\/www.youtube.com\/@equipseer","https:\/\/t.me\/seer_info"]},{"@type":"Person","@id":"https:\/\/salutieducacioemocional.com\/#\/schema\/person\/5ff9b86498e028c736f70cf273bbd8be","name":"EquipSEER","image":{"@type":"ImageObject","inLanguage":"ca","@id":"https:\/\/secure.gravatar.com\/avatar\/a791e1b54851c4df706081fe7247ada89b2947f29168abc2ebfb33461f537949?s=96&d=mm&r=g","url":"https:\/\/secure.gravatar.com\/avatar\/a791e1b54851c4df706081fe7247ada89b2947f29168abc2ebfb33461f537949?s=96&d=mm&r=g","contentUrl":"https:\/\/secure.gravatar.com\/avatar\/a791e1b54851c4df706081fe7247ada89b2947f29168abc2ebfb33461f537949?s=96&d=mm&r=g","caption":"EquipSEER"},"url":"https:\/\/salutieducacioemocional.com\/ca\/author\/salutnueva\/"}]}},"_links":{"self":[{"href":"https:\/\/salutieducacioemocional.com\/ca\/wp-json\/wp\/v2\/posts\/5170","targetHints":{"allow":["GET"]}}],"collection":[{"href":"https:\/\/salutieducacioemocional.com\/ca\/wp-json\/wp\/v2\/posts"}],"about":[{"href":"https:\/\/salutieducacioemocional.com\/ca\/wp-json\/wp\/v2\/types\/post"}],"author":[{"embeddable":true,"href":"https:\/\/salutieducacioemocional.com\/ca\/wp-json\/wp\/v2\/users\/1"}],"replies":[{"embeddable":true,"href":"https:\/\/salutieducacioemocional.com\/ca\/wp-json\/wp\/v2\/comments?post=5170"}],"version-history":[{"count":6,"href":"https:\/\/salutieducacioemocional.com\/ca\/wp-json\/wp\/v2\/posts\/5170\/revisions"}],"predecessor-version":[{"id":5189,"href":"https:\/\/salutieducacioemocional.com\/ca\/wp-json\/wp\/v2\/posts\/5170\/revisions\/5189"}],"wp:featuredmedia":[{"embeddable":true,"href":"https:\/\/salutieducacioemocional.com\/ca\/wp-json\/wp\/v2\/media\/5172"}],"wp:attachment":[{"href":"https:\/\/salutieducacioemocional.com\/ca\/wp-json\/wp\/v2\/media?parent=5170"}],"wp:term":[{"taxonomy":"category","embeddable":true,"href":"https:\/\/salutieducacioemocional.com\/ca\/wp-json\/wp\/v2\/categories?post=5170"},{"taxonomy":"post_tag","embeddable":true,"href":"https:\/\/salutieducacioemocional.com\/ca\/wp-json\/wp\/v2\/tags?post=5170"}],"curies":[{"name":"wp","href":"https:\/\/api.w.org\/{rel}","templated":true}]}}