{"id":7395,"date":"2021-05-07T16:28:46","date_gmt":"2021-05-07T16:28:46","guid":{"rendered":"https:\/\/salutieducacioemocional.com\/?p=7395"},"modified":"2021-05-14T14:58:55","modified_gmt":"2021-05-14T14:58:55","slug":"accions-dia-internacional-bullying-2021","status":"publish","type":"post","link":"https:\/\/salutieducacioemocional.com\/ca\/blog\/accions-dia-internacional-bullying-2021\/","title":{"rendered":"Accions pel Dia Internacional contra el Bullying 2021"},"content":{"rendered":"\t\t<div data-elementor-type=\"wp-post\" data-elementor-id=\"7395\" class=\"elementor elementor-7395\" data-elementor-post-type=\"post\">\n\t\t\t\t\t\t<section class=\"elementor-section elementor-top-section elementor-element elementor-element-17cecda4 elementor-section-boxed elementor-section-height-default elementor-section-height-default\" data-id=\"17cecda4\" data-element_type=\"section\" data-e-type=\"section\">\n\t\t\t\t\t\t<div class=\"elementor-container elementor-column-gap-default\">\n\t\t\t\t\t<div class=\"elementor-column elementor-col-100 elementor-top-column elementor-element elementor-element-6a855bff\" data-id=\"6a855bff\" data-element_type=\"column\" data-e-type=\"column\">\n\t\t\t<div class=\"elementor-widget-wrap elementor-element-populated\">\n\t\t\t\t\t\t<div class=\"elementor-element elementor-element-43f2e810 elementor-widget elementor-widget-heading\" data-id=\"43f2e810\" data-element_type=\"widget\" data-e-type=\"widget\" data-widget_type=\"heading.default\">\n\t\t\t\t<div class=\"elementor-widget-container\">\n\t\t\t\t\t<h1 class=\"elementor-heading-title elementor-size-large\">Accions pel Dia Internacional contra el Bullying<\/h1>\t\t\t\t<\/div>\n\t\t\t\t<\/div>\n\t\t\t\t<div class=\"elementor-element elementor-element-2f092dad elementor-widget-divider--view-line elementor-widget elementor-widget-divider\" data-id=\"2f092dad\" data-element_type=\"widget\" data-e-type=\"widget\" data-widget_type=\"divider.default\">\n\t\t\t\t<div class=\"elementor-widget-container\">\n\t\t\t\t\t\t\t<div class=\"elementor-divider\">\n\t\t\t<span class=\"elementor-divider-separator\">\n\t\t\t\t\t\t<\/span>\n\t\t<\/div>\n\t\t\t\t\t\t<\/div>\n\t\t\t\t<\/div>\n\t\t\t\t\t<\/div>\n\t\t<\/div>\n\t\t\t\t\t<\/div>\n\t\t<\/section>\n\t\t\t\t<section class=\"elementor-section elementor-top-section elementor-element elementor-element-4aa410e0 elementor-section-boxed elementor-section-height-default elementor-section-height-default\" data-id=\"4aa410e0\" data-element_type=\"section\" data-e-type=\"section\">\n\t\t\t\t\t\t<div class=\"elementor-container elementor-column-gap-default\">\n\t\t\t\t\t<div class=\"elementor-column elementor-col-100 elementor-top-column elementor-element elementor-element-150ac9c3\" data-id=\"150ac9c3\" data-element_type=\"column\" data-e-type=\"column\">\n\t\t\t<div class=\"elementor-widget-wrap elementor-element-populated\">\n\t\t\t\t\t\t<div class=\"elementor-element elementor-element-1f085aa1 elementor-widget elementor-widget-theme-post-featured-image elementor-widget-image\" data-id=\"1f085aa1\" data-element_type=\"widget\" data-e-type=\"widget\" data-widget_type=\"theme-post-featured-image.default\">\n\t\t\t\t<div class=\"elementor-widget-container\">\n\t\t\t\t\t\t\t\t\t\t\t\t\t\t\t<img fetchpriority=\"high\" decoding=\"async\" width=\"500\" height=\"426\" src=\"https:\/\/salutieducacioemocional.com\/wp-content\/uploads\/2021\/05\/seer-ajuda-guionitzar-infok.jpg\" class=\"attachment-large size-large wp-image-7412\" alt=\"SEER ajuda a guionitzar programa InfoK el Dia contra el bullying\" srcset=\"https:\/\/salutieducacioemocional.com\/wp-content\/uploads\/2021\/05\/seer-ajuda-guionitzar-infok.jpg 500w, https:\/\/salutieducacioemocional.com\/wp-content\/uploads\/2021\/05\/seer-ajuda-guionitzar-infok-300x256.jpg 300w\" sizes=\"(max-width: 500px) 100vw, 500px\" \/>\t\t\t\t\t\t\t\t\t\t\t\t\t\t\t<\/div>\n\t\t\t\t<\/div>\n\t\t\t\t\t<\/div>\n\t\t<\/div>\n\t\t\t\t\t<\/div>\n\t\t<\/section>\n\t\t\t\t<section class=\"elementor-section elementor-top-section elementor-element elementor-element-7ca42478 elementor-section-boxed elementor-section-height-default elementor-section-height-default\" data-id=\"7ca42478\" data-element_type=\"section\" data-e-type=\"section\">\n\t\t\t\t\t\t<div class=\"elementor-container elementor-column-gap-default\">\n\t\t\t\t\t<div class=\"elementor-column elementor-col-100 elementor-top-column elementor-element elementor-element-6b40026\" data-id=\"6b40026\" data-element_type=\"column\" data-e-type=\"column\">\n\t\t\t<div class=\"elementor-widget-wrap elementor-element-populated\">\n\t\t\t\t\t\t<div class=\"elementor-element elementor-element-3c098338 elementor-widget elementor-widget-text-editor\" data-id=\"3c098338\" data-element_type=\"widget\" data-e-type=\"widget\" data-widget_type=\"text-editor.default\">\n\t\t\t\t<div class=\"elementor-widget-container\">\n\t\t\t\t\t\t\t\t\t<span style=\"font-weight: 400; font-size: 14pt;\">Per la commemoraci\u00f3 d\u2019aquest dia enguany, SEER i PDA hem treballat en diverses accions i propostes, tant pr\u00f2pies com provinents d&#8217;altres entitats. A continuaci\u00f3 en fem un recull:<\/span>\n<ul>\n \t<li style=\"font-weight: 400;\" aria-level=\"1\"><span style=\"font-size: 14pt;\"><span style=\"font-weight: 400;\">Hem assessorat a la <\/span><b>guionitzaci\u00f3<\/b><span style=\"font-weight: 400;\"> de l\u2019<\/span><span style=\"font-weight: 400;\"><a href=\"https:\/\/www.ccma.cat\/tv3\/super3\/infok\/infok-03052021\/video\/6098622\/\" target=\"_blank\" rel=\"nofollow noopener\">edici\u00f3 del 2 de maig del programa InfoK<\/a>\u00a0(de TV3), per abordar la tem\u00e0tica.<\/span><\/span><\/li>\n<\/ul>\n<p style=\"padding-left: 80px;\"><span style=\"font-size: 14pt;\"><span style=\"font-weight: 400;\">En aquest enlla\u00e7 pots veure la\u00a0<\/span><a href=\"https:\/\/www.ccma.cat\/tv3\/super3\/infok\/youtuber-claus-contra-el-bullying\/video\/6098599\/\" target=\"_blank\" rel=\"nofollow noopener\">secci\u00f3 Youtuber \u201cLes claus contra el Bullying\u201d<\/a><span style=\"font-weight: 400;\">:\u00a0<\/span><\/span><\/p>\n<iframe src=\"https:\/\/www.ccma.cat\/video\/embed\/super3\/6098599\/\" width=\"500px\" height=\"281px\" frameborder=\"0\" scrolling=\"no\" allowfullscreen=\"allowfullscreen\"><\/iframe>\n<ul>\n \t<li style=\"font-weight: 400;\" aria-level=\"1\"><span style=\"font-size: 14pt;\"><b>Entrevista a Matadepera R\u00e0dio<\/b><span style=\"font-weight: 400;\">, <a href=\"https:\/\/salutieducacioemocional.com\/ca\/blog\/entrevista-matadepera-radio-dia-internacional-bullying-2021\/\" target=\"_blank\" rel=\"nofollow noopener\">programa Invisibles, sobre bullying i ciberbullying<\/a> (em\u00e8s el 06\/05\/2021)..<\/span><\/span><\/li>\n<\/ul>\n<div><span style=\"font-size: 18.6667px;\">\u00a0<\/span><\/div>\n<blockquote class=\"twitter-tweet\">\n<p dir=\"ltr\" lang=\"ca\">En el pr\u00f2xim programa sobre <a href=\"https:\/\/twitter.com\/hashtag\/bullying?src=hash&amp;ref_src=twsrc%5Etfw\" rel=\"nofollow\">#bullying<\/a> i <a href=\"https:\/\/twitter.com\/hashtag\/ciberbullying?src=hash&amp;ref_src=twsrc%5Etfw\" rel=\"nofollow\">#ciberbullying<\/a> escoltarem les veus de:<\/p>\n<img decoding=\"async\" class=\"emoji\" role=\"img\" draggable=\"false\" src=\"https:\/\/s.w.org\/images\/core\/emoji\/13.0.1\/svg\/1f5e3.svg\" alt=\"\ud83d\udde3\ufe0f\" \/>Olga Nadal, de <a href=\"https:\/\/twitter.com\/ChrysallisAEFMT?ref_src=twsrc%5Etfw\" rel=\"nofollow\">@ChrysallisAEFMT<\/a>\n<img decoding=\"async\" class=\"emoji\" role=\"img\" draggable=\"false\" src=\"https:\/\/s.w.org\/images\/core\/emoji\/13.0.1\/svg\/1f5e3.svg\" alt=\"\ud83d\udde3\ufe0f\" \/>Maria Rodriguez, de l&#8217;<a href=\"https:\/\/twitter.com\/AjMatadepera?ref_src=twsrc%5Etfw\" rel=\"nofollow\">@AjMatadepera<\/a>\n<img decoding=\"async\" class=\"emoji\" role=\"img\" draggable=\"false\" src=\"https:\/\/s.w.org\/images\/core\/emoji\/13.0.1\/svg\/1f5e3.svg\" alt=\"\ud83d\udde3\ufe0f\" \/>Joan Mart\u00ednez, d&#8217;<a href=\"https:\/\/twitter.com\/AcpaeC?ref_src=twsrc%5Etfw\" rel=\"nofollow\">@AcpaeC<\/a>\n<img decoding=\"async\" class=\"emoji\" role=\"img\" draggable=\"false\" src=\"https:\/\/s.w.org\/images\/core\/emoji\/13.0.1\/svg\/1f5e3.svg\" alt=\"\ud83d\udde3\ufe0f\" \/>Oriol Juli\u00e0, d&#8217;<a href=\"https:\/\/twitter.com\/EquipSEER?ref_src=twsrc%5Etfw\" rel=\"nofollow\">@EquipSEER<\/a>\n\n<img decoding=\"async\" class=\"emoji\" role=\"img\" draggable=\"false\" src=\"https:\/\/s.w.org\/images\/core\/emoji\/13.0.1\/svg\/1f4fb.svg\" alt=\"\ud83d\udcfb\" \/>Dijous, 6 de maig, a les 18 h, a <a href=\"https:\/\/twitter.com\/MatadeperaRadio?ref_src=twsrc%5Etfw\" rel=\"nofollow\">@MatadeperaRadio<\/a> <a href=\"https:\/\/t.co\/H1aZQPik4z\" rel=\"nofollow\">pic.twitter.com\/H1aZQPik4z<\/a>\n\n\u2014 historiesinvisibles (@InvisiblesMtdp) <a href=\"https:\/\/twitter.com\/InvisiblesMtdp\/status\/1389177522168999937?ref_src=twsrc%5Etfw\" rel=\"nofollow\">May 3, 2021<\/a><\/blockquote>\n<script async=\"\" src=\"https:\/\/platform.twitter.com\/widgets.js\" charset=\"utf-8\"><\/script>\n\n<span style=\"font-size: 14pt;\"><span style=\"font-weight: 400;\">\u00a0<\/span><\/span>\n\n<span style=\"font-size: 14pt;\"><span style=\"font-weight: 400;\">Aqu\u00ed pots escoltar l&#8217;audio del programa en diferit (La intervenci\u00f3 de l&#8217;Oriol Juli\u00e0 \u00e9s partir del minut 46:00.<\/span><\/span>\n\n<a class=\"spreaker-player\" href=\"https:\/\/www.spreaker.com\/user\/10079497\/invisibles-06-05-2021-18-00_4\" data-resource=\"episode_id=44748858\" data-theme=\"light\" data-autoplay=\"false\" data-playlist=\"false\" data-cover=\"https:\/\/d3wo5wojvuv7l.cloudfront.net\/images.spreaker.com\/original\/2429e86350e6f5e8e9834dc396b739cc.jpg\" data-width=\"100%\" data-height=\"400px\">Listen to &#8220;INVISIBLES  06-05-2021 18-00&#8221; on Spreaker.<\/a><script async src=\"https:\/\/widget.spreaker.com\/widgets.js\"><\/script>\n<ul>\n \t<li style=\"font-weight: 400;\" aria-level=\"1\"><span style=\"font-size: 14pt;\"><span style=\"font-weight: 400;\">Amb motiu d\u2019aquest dia i la reposici\u00f3 de l&#8217;obra <\/span><a href=\"https:\/\/www.instagram.com\/explore\/tags\/elpeque%C3%B1oponi\/\" rel=\"nofollow\"><span style=\"font-weight: 400;\">#ElPeque\u00f1oPoni<\/span><\/a><span style=\"font-weight: 400;\"> a La Villarroel, la Sala Flyhard va organitzar una <\/span><b>taula rodona<\/b><span style=\"font-weight: 400;\"> per parlar sobre assetjament escolar, ciberbullying i assetjament en altres \u00e0mbits d&#8217;educaci\u00f3 en la que hi v\u00e0rem participar, a trav\u00e9s de la Laura Torrella. Tamb\u00e9 participarem al <\/span><b>col\u00b7loqui post funci\u00f3<\/b><span style=\"font-weight: 400;\"> del dia 22 de maig, amb la veu del nostre company Adri\u00e1n Arrebola.<\/span><\/span><\/li>\n<\/ul>\n<p style=\"padding-left: 40px;\"><span style=\"font-size: 14pt;\"><span style=\"font-weight: 400;\">\n<\/span><span style=\"font-weight: 400;\">Els altres participants de la Taula rodona:<\/span><\/span><\/p>\n<p style=\"padding-left: 40px;\"><span style=\"font-size: 14pt;\"><span style=\"font-weight: 400;\">Josep F\u00edgols, ceo de <\/span><a href=\"https:\/\/www.instagram.com\/bresolapp\/\"><span style=\"font-weight: 400;\">@bresolapp<\/span><\/a><span style=\"font-weight: 400;\"> (<\/span><a href=\"https:\/\/b-resol.com\/\"><span style=\"font-weight: 400;\">B-Resol<\/span><\/a><span style=\"font-weight: 400;\">), Andr\u00e9s Gonz\u00e1lez, membre del <\/span><a href=\"https:\/\/www.instagram.com\/copc_cat\/\"><span style=\"font-weight: 400;\">@copc_cat<\/span><\/a><span style=\"font-weight: 400;\"> (<\/span><a href=\"https:\/\/www.copc.cat\/\" rel=\"nofollow\"><span style=\"font-weight: 400;\">Col\u00b7legi Oficial de Psicologia de Catalunya<\/span><\/a><span style=\"font-weight: 400;\">) i autor del programa TEI, Sergio Matamala, actor de El peque\u00f1o poni i codirector de la <\/span><a href=\"https:\/\/www.salaflyhard.com\/\" rel=\"nofollow\"><span style=\"font-weight: 400;\">Sala Flyhard<\/span><\/a><span style=\"font-weight: 400;\">.<\/span><\/span><\/p>\n<p style=\"padding-left: 40px;\"><span style=\"font-size: 14pt;\"><span style=\"font-weight: 400;\">Al <\/span><a href=\"https:\/\/www.instagram.com\/equipseer\/\"><span style=\"font-weight: 400;\">nostre Instagram<\/span><\/a><span style=\"font-weight: 400;\"> podeu veure l\u2019extracte de la intervenci\u00f3 de la nostra companya, i a l\u2019Instagram de la Sala Flyhard podeu veure el v\u00eddeo sencer.<\/span><\/span><\/p>\n\n<blockquote class=\"instagram-media\" style=\"background: #FFF; border: 0; border-radius: 3px; box-shadow: 0 0 1px 0 rgba(0,0,0,0.5),0 1px 10px 0 rgba(0,0,0,0.15); margin: 1px; max-width: 540px; min-width: 326px; padding: 0; width: calc(100% - 2px);\" data-instgrm-permalink=\"https:\/\/www.instagram.com\/tv\/COX6Ef9h4k8\/?utm_source=ig_embed&amp;utm_campaign=loading\" data-instgrm-version=\"13\">\n<div style=\"padding: 16px;\">\n<div style=\"display: flex; flex-direction: row; align-items: center;\">\n<div style=\"background-color: #f4f4f4; border-radius: 50%; flex-grow: 0; height: 40px; margin-right: 14px; width: 40px;\"><\/div>\n<div style=\"display: flex; flex-direction: column; flex-grow: 1; justify-content: center;\">\n<div style=\"background-color: #f4f4f4; border-radius: 4px; flex-grow: 0; height: 14px; margin-bottom: 6px; width: 100px;\"><\/div>\n<div style=\"background-color: #f4f4f4; border-radius: 4px; flex-grow: 0; height: 14px; width: 60px;\"><\/div>\n<\/div>\n<\/div>\n<div style=\"padding: 19% 0;\"><\/div>\n<div style=\"display: block; height: 50px; margin: 0 auto 12px; width: 50px;\"><\/div>\n<div style=\"padding-top: 8px;\">\n<div style=\"color: #3897f0; font-family: Arial,sans-serif; font-size: 14px; font-style: normal; font-weight: 550; line-height: 18px;\">Ver esta publicaci\u00f3n en Instagram<\/div>\n<\/div>\n<div style=\"padding: 12.5% 0;\"><\/div>\n<div style=\"display: flex; flex-direction: row; margin-bottom: 14px; align-items: center;\">\n<div>\n<div style=\"background-color: #f4f4f4; border-radius: 50%; height: 12.5px; width: 12.5px; transform: translateX(0px) translateY(7px);\"><\/div>\n<div style=\"background-color: #f4f4f4; height: 12.5px; transform: rotate(-45deg) translateX(3px) translateY(1px); width: 12.5px; flex-grow: 0; margin-right: 14px; margin-left: 2px;\"><\/div>\n<div style=\"background-color: #f4f4f4; border-radius: 50%; height: 12.5px; width: 12.5px; transform: translateX(9px) translateY(-18px);\"><\/div>\n<\/div>\n<div style=\"margin-left: 8px;\">\n<div style=\"background-color: #f4f4f4; border-radius: 50%; flex-grow: 0; height: 20px; width: 20px;\"><\/div>\n<div style=\"width: 0; height: 0; border-top: 2px solid transparent; border-left: 6px solid #f4f4f4; border-bottom: 2px solid transparent; transform: translateX(16px) translateY(-4px) rotate(30deg);\"><\/div>\n<\/div>\n<div style=\"margin-left: auto;\">\n<div style=\"width: 0px; border-top: 8px solid #F4F4F4; border-right: 8px solid transparent; transform: translateY(16px);\"><\/div>\n<div style=\"background-color: #f4f4f4; flex-grow: 0; height: 12px; width: 16px; transform: translateY(-4px);\"><\/div>\n<div style=\"width: 0; height: 0; border-top: 8px solid #F4F4F4; border-left: 8px solid transparent; transform: translateY(-4px) translateX(8px);\"><\/div>\n<\/div>\n<\/div>\n<div style=\"display: flex; flex-direction: column; flex-grow: 1; justify-content: center; margin-bottom: 24px;\">\n<div style=\"background-color: #f4f4f4; border-radius: 4px; flex-grow: 0; height: 14px; margin-bottom: 6px; width: 224px;\"><\/div>\n<div style=\"background-color: #f4f4f4; border-radius: 4px; flex-grow: 0; height: 14px; width: 144px;\"><\/div>\n<\/div>\n<p style=\"color: #c9c8cd; font-family: Arial,sans-serif; font-size: 14px; line-height: 17px; margin-bottom: 0; margin-top: 8px; overflow: hidden; padding: 8px 0 7px; text-align: center; text-overflow: ellipsis; white-space: nowrap;\"><a style=\"color: #c9c8cd; font-family: Arial,sans-serif; font-size: 14px; font-style: normal; font-weight: normal; line-height: 17px; text-decoration: none;\" href=\"https:\/\/www.instagram.com\/tv\/COX6Ef9h4k8\/?utm_source=ig_embed&amp;utm_campaign=loading\" target=\"_blank\" rel=\"noopener\">Una publicaci\u00f3n compartida por SEER (@equipseer)<\/a><\/p>\n\n<\/div><\/blockquote>\n<script async=\"\" src=\"\/\/www.instagram.com\/embed.js\"><\/script>\n\n<span style=\"font-size: 14pt;\"><span style=\"font-weight: 400;\">\u00a0<\/span><\/span>\n\n<span style=\"font-size: 14pt;\"><span style=\"font-weight: 400;\">Derivat d\u2019aquestes col\u00b7laboracions des de la Sala Flyhard ens fan arribar un <\/span><b>descompte per assistir a l&#8217;obra de teatre de El Peque\u00f1o Poni<\/b><span style=\"font-weight: 400;\">, per a qualsevol persona seguidora de les nostres xarxes socials i comunitat SEER. Nom\u00e9s heu d&#8217;accedir a la compra de les entrades a trav\u00e9s<span style=\"font-size: 14pt;\">\u00a0<\/span><\/span><a href=\"https:\/\/www.4tickets.es\/promentrada\/public\/janto\/?Nivel=Evento&amp;idEvento=VILL94&amp;id_origen=PEX\" target=\"_blank\" rel=\"nofollow noopener\">d&#8217;aquest enlla\u00e7<\/a><span style=\"font-weight: 400;\"><span style=\"font-size: 14pt;\">\u00a0<\/span>que pots clickar<\/span><span style=\"font-weight: 400;\">. D&#8217;aquesta forma el preu ser\u00e0 de 12\u20ac + despeses.<\/span><\/span>\n\n<span style=\"font-size: 14pt;\"><span style=\"font-weight: 400;\">\u00a0<\/span><\/span>\n<ul>\n \t<li style=\"font-weight: 400;\" aria-level=\"1\"><span style=\"font-size: 14pt;\"><span style=\"font-size: 14pt;\"><strong>Nou recurs: Unitat Did\u00e0ctica<\/strong><\/span><\/span><\/li>\n<\/ul>\n<span style=\"font-size: 14pt;\"><span style=\"font-weight: 400;\">Durant el 2020 PDA Bullying ha implementat a <\/span><a href=\"http:\/\/www.institutmariaespinalt.cat\/\" rel=\"nofollow\"><span style=\"font-weight: 400;\">INS Maria Espinalt <\/span><\/a><span style=\"font-weight: 400;\">\u00a0el <\/span><a href=\"https:\/\/pdabullying.com\/ca\/resource\/programa-comviure-per-a-superar-el-bullying\"><span style=\"font-weight: 400;\">programa &#8220;comViure&#8221; d&#8217;abordatge preventiu del Bullying<\/span><\/a><span style=\"font-weight: 400;\">. Es tracta d&#8217;un treball on SEER i <\/span><a href=\"https:\/\/cinemocional.com\"><span style=\"font-weight: 400;\">Cinemocional<\/span><\/a> <span style=\"font-weight: 400;\">proposen l&#8217;entrenament proventiu d&#8217;eines personals a trav\u00e9s de l&#8217;educaci\u00f3 emocional i un treball sensibilitzador a trav\u00e9s d&#8217;eines de la creaci\u00f3 audiovisual.<\/span><\/span>\n\n<span style=\"font-size: 14pt;\"><span style=\"font-weight: 400;\">&#8220;ComViure&#8221; nou recurs de <\/span><a href=\"https:\/\/www.instagram.com\/PDABullying\/\"><span style=\"font-weight: 400;\">@PDABullying<\/span><\/a><span style=\"font-weight: 400;\"> de la m\u00e0 d&#8217;<\/span><a href=\"https:\/\/www.instagram.com\/EquipSEER\/\" rel=\"nofollow\"><span style=\"font-weight: 400;\">@EquipSEER<\/span><\/a><span style=\"font-weight: 400;\"> per prevenir el Bullying amb 2 curts realitzats per joves, proposta d&#8217;activitats i unitat did\u00e0ctica per al professorat de 5\u00e8 prim\u00e0ria a 2n ESO.<\/span><\/span>\n\n<span style=\"font-size: 14pt;\"><span style=\"font-weight: 400;\"><img decoding=\"async\" class=\"emoji\" role=\"img\" draggable=\"false\" src=\"https:\/\/s.w.org\/images\/core\/emoji\/13.0.1\/svg\/1f517.svg\" alt=\"\ud83d\udd17\" \/> Podeu descarregar la <\/span><a href=\"https:\/\/pdabullying.com\/uploads\/2021\/04\/Unitat-Didactica-comViure.pdf\"><span style=\"font-weight: 400;\">Unitat Did\u00e0ctica<\/span><\/a><span style=\"font-weight: 400;\"> aqu\u00ed:\u00a0<\/span><\/span>\n\n<span style=\"font-weight: 400; font-size: 14pt;\">Volem que tots els centres educatius de Barcelona puguin tenir l&#8217;oportunitat de veure els treballs realitzats i aprofitar els materials did\u00e0ctics creats per treballar aquests temes amb l\u2019alumnat de 5\u00e8 i 6\u00e8 de prim\u00e0ria i 1er i 2n de la E.S.O. A m\u00e9s, aviat se celebraran dues trobades presencials entre les i els alumnes creadors dels curts amb l\u2019alumnat de prim\u00e0ria dels centres educatius Ac\u00e0cies i Vila Ol\u00edmpica, a fi de compartir l\u2019experi\u00e8ncia de primera m\u00e0.<\/span>\n\n<span style=\"font-size: 14pt;\"><a href=\"https:\/\/pdabullying.com\/ca\/programa-comviure-dabordatge-preventiu-del-bullying-mitjancant-curtmetratges-amb-metodologia-aps\"><span style=\"font-weight: 400;\">Programa &#8220;comViure&#8221; d&#8217;abordatge preventiu del Bullying mitjan\u00e7ant curtmetratges amb metodologia APS<\/span><\/a><\/span>\n\n<iframe src=\"https:\/\/player.vimeo.com\/video\/500204869\" width=\"640\" height=\"360\" frameborder=\"0\" allowfullscreen=\"allowfullscreen\"><\/iframe>\n\n<a href=\"https:\/\/vimeo.com\/500204869\" rel=\"nofollow\">Making-of Projecte comViure (INS Maria Espinalt)<\/a> from <a href=\"https:\/\/vimeo.com\/seertv\" rel=\"nofollow\">SEERtv<\/a> on <a href=\"https:\/\/vimeo.com\" rel=\"nofollow\">Vimeo<\/a>.\n<ul>\n \t<li><span style=\"font-size: 14pt;\"><span style=\"font-weight: 400;\">Pon\u00e8ncia a la <\/span><a href=\"https:\/\/serveiseducatius.xtec.cat\/baixllobregat4\/general\/jornada-dintercanvi-dexperiencies-aquiproubullying-dilluns-26-dabril-de-2021\/\" rel=\"nofollow\"><span style=\"font-weight: 400;\">Jornada online d\u2019Intercanvi d\u2019Experi\u00e8ncies en l\u2019abordatge de l\u2019assetjament #AquiprouBullying<\/span><\/a><span style=\"font-weight: 400;\">, el passat 26 d&#8217;Abril <\/span><span style=\"font-weight: 400;\">en la que vam parlar sobre la import\u00e0ncia de <\/span><b>La mirada socioemocional en l\u2019abordatge del bullying<\/b><span style=\"font-weight: 400;\">. I en conjunt, a la jornada es va fer especial \u00e8mfasi en els <\/span><b>efectes de la pand\u00e8mia<\/b><span style=\"font-weight: 400;\">, les diferents intervencions a nivell de centre i de la import\u00e0ncia de la <\/span><b>gesti\u00f3 socioemocional<\/b><span style=\"font-weight: 400;\"> en la <\/span><b>resoluci\u00f3 positiva dels conflictes<\/b><span style=\"font-weight: 400;\">.<\/span><\/span><\/li>\n<\/ul>\t\t\t\t\t\t\t\t<\/div>\n\t\t\t\t<\/div>\n\t\t\t\t<div class=\"elementor-element elementor-element-83f2aeb elementor-widget elementor-widget-image\" data-id=\"83f2aeb\" data-element_type=\"widget\" data-e-type=\"widget\" data-widget_type=\"image.default\">\n\t\t\t\t<div class=\"elementor-widget-container\">\n\t\t\t\t\t\t\t\t\t\t\t\t\t\t\t<img decoding=\"async\" width=\"400\" height=\"400\" src=\"https:\/\/salutieducacioemocional.com\/wp-content\/uploads\/2021\/05\/programa-jornada-aqui-prou-bullying.jpg\" class=\"attachment-full size-full wp-image-7400\" alt=\"Jornada Online d&#039;Intercanvi d&#039;experi\u00e8ncies bullying\" srcset=\"https:\/\/salutieducacioemocional.com\/wp-content\/uploads\/2021\/05\/programa-jornada-aqui-prou-bullying.jpg 400w, https:\/\/salutieducacioemocional.com\/wp-content\/uploads\/2021\/05\/programa-jornada-aqui-prou-bullying-300x300.jpg 300w, https:\/\/salutieducacioemocional.com\/wp-content\/uploads\/2021\/05\/programa-jornada-aqui-prou-bullying-150x150.jpg 150w, https:\/\/salutieducacioemocional.com\/wp-content\/uploads\/2021\/05\/programa-jornada-aqui-prou-bullying-100x100.jpg 100w\" sizes=\"(max-width: 400px) 100vw, 400px\" \/>\t\t\t\t\t\t\t\t\t\t\t\t\t\t\t<\/div>\n\t\t\t\t<\/div>\n\t\t\t\t<div class=\"elementor-element elementor-element-a9eb41e elementor-widget elementor-widget-spacer\" data-id=\"a9eb41e\" data-element_type=\"widget\" data-e-type=\"widget\" data-widget_type=\"spacer.default\">\n\t\t\t\t<div class=\"elementor-widget-container\">\n\t\t\t\t\t\t\t<div class=\"elementor-spacer\">\n\t\t\t<div class=\"elementor-spacer-inner\"><\/div>\n\t\t<\/div>\n\t\t\t\t\t\t<\/div>\n\t\t\t\t<\/div>\n\t\t\t\t<div class=\"elementor-element elementor-element-d727841 elementor-widget elementor-widget-text-editor\" data-id=\"d727841\" data-element_type=\"widget\" data-e-type=\"widget\" data-widget_type=\"text-editor.default\">\n\t\t\t\t<div class=\"elementor-widget-container\">\n\t\t\t\t\t\t\t\t\t<p><span style=\"font-size: 14pt;\">Per una altra banda, acabem aquest post&nbsp;<span style=\"font-weight: 400;\">recuperant un text que va publicar l\u2019Oriol Juli\u00e0 al Facebook a l\u2019any 2018.<\/span><\/span><\/p>\n<p><span style=\"font-size: 14pt;\"><span style=\"font-weight: 400;\">2 de mayo. D\u00eda internacional &#8220;\u00bf<\/span><i><span style=\"font-weight: 400;\">contra<\/span><\/i><span style=\"font-weight: 400;\">?&#8221; el Bullying.<\/span><\/span><\/p>\n<p><span style=\"font-size: 14pt;\"><span style=\"font-weight: 400;\">El Bullying nos hace visible el peligro de los modelos de socializaci\u00f3n que algunos de los j\u00f3venes y ni\u00f1os de hoy en d\u00eda est\u00e1n comprando. El Bullying declara <\/span><b>desfasada la manera de entender la convivencia<\/b><span style=\"font-weight: 400;\"> en los centros educativos.<\/span><\/span><\/p>\n<p><span style=\"font-weight: 400; font-size: 14pt;\">El fen\u00f3meno Bullying indica que as\u00ed no vamos bien. Basta de todo aquello que sostiene un acoso, y s\u00ed a todo lo que lo previene, lo detecta y hace algo para repararlo.<\/span><\/p>\n<p><span style=\"font-weight: 400; font-size: 14pt;\">Actuamos delante del bullying, para dejarlo atr\u00e1s. Actuamos hacia el bienestar.<\/span><\/p>\n<p><span style=\"font-weight: 400; font-size: 14pt;\">Es importante una mirada de activos de bienestar que nos permita ir por delante del problema, no s\u00f3lo de este si no de aquellos que puedan surgir.<\/span><\/p>\n<p><span style=\"font-size: 14pt;\"><span style=\"font-weight: 400;\">No podemos seguir llegando tarde. Porque mientras tanto hay ni\u00f1os\/as y j\u00f3venes a los que queremos, y de los que somos responsables que sufren. Y no s\u00f3lo me refiero a los que les han posicionado y han entrado en rol de <\/span><b>v\u00edctima<\/b><span style=\"font-weight: 400;\">, sino tambi\u00e9n a los que se sit\u00faan en rol de <\/span><b>agresor <\/b><span style=\"font-weight: 400;\">o los que se quedan en el papel de mero <\/span><b>espectador<\/b><span style=\"font-weight: 400;\">. \u00bfO no nos duele ver c\u00f3mo nuestro hijo\/a o uno de nuestros alumnos es capaz de hacer da\u00f1o a un\/a compa\u00f1ero\/a?<\/span><\/span><\/p>\n<p><span style=\"font-size: 14pt;\"><span style=\"font-weight: 400;\">Por todo ello, el programa que llevamos a cabo el <\/span><a href=\"https:\/\/es.wikipedia.org\/wiki\/S\"><span style=\"font-weight: 400;\">Equip SEER<\/span><\/a><span style=\"font-weight: 400;\"> de <\/span><a href=\"https:\/\/pdabullying.com\"><span style=\"font-weight: 400;\">PDA Bullying<\/span><\/a><span style=\"font-weight: 400;\">, <\/span><b>Prevenci\u00f3n<\/b><span style=\"font-weight: 400;\">, <\/span><b>Detecci\u00f3n <\/b><span style=\"font-weight: 400;\">y <\/span><b>Actuaci\u00f3n <\/b><i><span style=\"font-weight: 400;\">delante <\/span><\/i><span style=\"font-weight: 400;\">del Bullying, acompa\u00f1a a los centros educativos y municipios a estar preparados de una forma amplia y desde una modelo de activos. Creando, personalizando y ayudando a interiorizar un protocolo que empieza des del proyecto de convivencia y pasa por todas las fases posibles hasta la reparaci\u00f3n.<\/span><\/span><\/p>\n<p><span style=\"font-size: 14pt;\"><span style=\"font-weight: 400;\">\u00bfCu\u00e1ntos centros educativos de Espa\u00f1a tienen un <\/span><a href=\"https:\/\/salutieducacioemocional.com\/departamento-formacion\/asesoramiento-pedagogico\/plan-de-convivencia\/\"><span style=\"font-weight: 400;\">proyecto de convivencia<\/span><\/a><span style=\"font-weight: 400;\"> que haga incidencia directa en la prevenci\u00f3n del acoso escolar?<\/span><\/span><\/p>\n<p><span style=\"font-weight: 400; font-size: 14pt;\">\u00bfY las medidas preventivas de detecci\u00f3n, cada cu\u00e1nto se hacen?<\/span><\/p>\n<p><span style=\"font-weight: 400; font-size: 14pt;\">\u00bfLas v\u00edas de comunicaci\u00f3n est\u00e1n abiertas, funcionan?<\/span><\/p>\n<p><span style=\"font-weight: 400; font-size: 14pt;\">\u00bfY los circuitos para detectar, tipificar y actuar r\u00e1pidamente est\u00e1n personalizados y son eficaces?<\/span><\/p>\n<p><span style=\"font-weight: 400; font-size: 14pt;\">\u00bfLa actuaci\u00f3n es de amplio alcance y nos lleva a una sanaci\u00f3n y un aprendizaje o se queda en parar las agresiones?<\/span><\/p>\n<p><span style=\"font-weight: 400; font-size: 14pt;\">No dejemos solos a los centros, no les carguemos a ellos de toda responsabilidad.<\/span><\/p>\n<p><span style=\"font-size: 14pt;\"><span style=\"font-weight: 400;\">SEER y<\/span> <span style=\"font-weight: 400;\">PDA Bullying<\/span><span style=\"font-weight: 400;\"> queremos y podemos acompa\u00f1ar, y necesitamos el soporte de las instituciones p\u00fablicas para llegar al m\u00e1ximo de centros posibles.<\/span><\/span><\/p>\n<p><span style=\"font-weight: 400; font-size: 14pt;\">\u00bfY t\u00fa, te activas hacia el bienestar delante del Bullying?<\/span><\/p>\n<p><span style=\"font-size: 14pt;\"><span style=\"font-weight: 400;\">2 de Mayo. <\/span><i><span style=\"font-weight: 400;\">D\u00eda Internacional de los Activos de Bienestar delante del Bullying<\/span><\/i><span style=\"font-weight: 400;\">.<\/span><\/span><\/p>\t\t\t\t\t\t\t\t<\/div>\n\t\t\t\t<\/div>\n\t\t\t\t<div class=\"elementor-element elementor-element-28f0a3a3 elementor-share-buttons--shape-rounded elementor-share-buttons--view-icon-text elementor-share-buttons--skin-gradient elementor-grid-0 elementor-share-buttons--color-official elementor-widget elementor-widget-share-buttons\" data-id=\"28f0a3a3\" data-element_type=\"widget\" data-e-type=\"widget\" data-widget_type=\"share-buttons.default\">\n\t\t\t\t<div class=\"elementor-widget-container\">\n\t\t\t\t\t\t\t<div class=\"elementor-grid\" role=\"list\">\n\t\t\t\t\t\t\t\t<div class=\"elementor-grid-item\" role=\"listitem\">\n\t\t\t\t\t\t<div class=\"elementor-share-btn elementor-share-btn_facebook\" role=\"button\" tabindex=\"0\" aria-label=\"Compartici\u00f3 en facebook\">\n\t\t\t\t\t\t\t\t\t\t\t\t\t\t\t<span class=\"elementor-share-btn__icon\">\n\t\t\t\t\t\t\t\t<i class=\"fab fa-facebook\" aria-hidden=\"true\"><\/i>\t\t\t\t\t\t\t<\/span>\n\t\t\t\t\t\t\t\t\t\t\t\t\t\t\t\t\t\t\t\t\t\t<div class=\"elementor-share-btn__text\">\n\t\t\t\t\t\t\t\t\t\t\t\t\t\t\t\t\t\t\t<span class=\"elementor-share-btn__title\">\n\t\t\t\t\t\t\t\t\t\tFacebook\t\t\t\t\t\t\t\t\t<\/span>\n\t\t\t\t\t\t\t\t\t\t\t\t\t\t\t\t\t<\/div>\n\t\t\t\t\t\t\t\t\t\t\t\t\t<\/div>\n\t\t\t\t\t<\/div>\n\t\t\t\t\t\t\t\t\t<div class=\"elementor-grid-item\" role=\"listitem\">\n\t\t\t\t\t\t<div class=\"elementor-share-btn elementor-share-btn_twitter\" role=\"button\" tabindex=\"0\" aria-label=\"Compartici\u00f3 en twitter\">\n\t\t\t\t\t\t\t\t\t\t\t\t\t\t\t<span class=\"elementor-share-btn__icon\">\n\t\t\t\t\t\t\t\t<i class=\"fab fa-twitter\" aria-hidden=\"true\"><\/i>\t\t\t\t\t\t\t<\/span>\n\t\t\t\t\t\t\t\t\t\t\t\t\t\t\t\t\t\t\t\t\t\t<div class=\"elementor-share-btn__text\">\n\t\t\t\t\t\t\t\t\t\t\t\t\t\t\t\t\t\t\t<span class=\"elementor-share-btn__title\">\n\t\t\t\t\t\t\t\t\t\tTwitter\t\t\t\t\t\t\t\t\t<\/span>\n\t\t\t\t\t\t\t\t\t\t\t\t\t\t\t\t\t<\/div>\n\t\t\t\t\t\t\t\t\t\t\t\t\t<\/div>\n\t\t\t\t\t<\/div>\n\t\t\t\t\t\t\t\t\t<div class=\"elementor-grid-item\" role=\"listitem\">\n\t\t\t\t\t\t<div class=\"elementor-share-btn elementor-share-btn_linkedin\" role=\"button\" tabindex=\"0\" aria-label=\"Compartici\u00f3 en linkedin\">\n\t\t\t\t\t\t\t\t\t\t\t\t\t\t\t<span class=\"elementor-share-btn__icon\">\n\t\t\t\t\t\t\t\t<i class=\"fab fa-linkedin\" aria-hidden=\"true\"><\/i>\t\t\t\t\t\t\t<\/span>\n\t\t\t\t\t\t\t\t\t\t\t\t\t\t\t\t\t\t\t\t\t\t<div class=\"elementor-share-btn__text\">\n\t\t\t\t\t\t\t\t\t\t\t\t\t\t\t\t\t\t\t<span class=\"elementor-share-btn__title\">\n\t\t\t\t\t\t\t\t\t\tLinkedIn\t\t\t\t\t\t\t\t\t<\/span>\n\t\t\t\t\t\t\t\t\t\t\t\t\t\t\t\t\t<\/div>\n\t\t\t\t\t\t\t\t\t\t\t\t\t<\/div>\n\t\t\t\t\t<\/div>\n\t\t\t\t\t\t\t\t\t<div class=\"elementor-grid-item\" role=\"listitem\">\n\t\t\t\t\t\t<div class=\"elementor-share-btn elementor-share-btn_whatsapp\" role=\"button\" tabindex=\"0\" aria-label=\"Compartici\u00f3 en whatsapp\">\n\t\t\t\t\t\t\t\t\t\t\t\t\t\t\t<span class=\"elementor-share-btn__icon\">\n\t\t\t\t\t\t\t\t<i class=\"fab fa-whatsapp\" aria-hidden=\"true\"><\/i>\t\t\t\t\t\t\t<\/span>\n\t\t\t\t\t\t\t\t\t\t\t\t\t\t\t\t\t\t\t\t\t\t<div class=\"elementor-share-btn__text\">\n\t\t\t\t\t\t\t\t\t\t\t\t\t\t\t\t\t\t\t<span class=\"elementor-share-btn__title\">\n\t\t\t\t\t\t\t\t\t\tWhatsApp\t\t\t\t\t\t\t\t\t<\/span>\n\t\t\t\t\t\t\t\t\t\t\t\t\t\t\t\t\t<\/div>\n\t\t\t\t\t\t\t\t\t\t\t\t\t<\/div>\n\t\t\t\t\t<\/div>\n\t\t\t\t\t\t<\/div>\n\t\t\t\t\t\t<\/div>\n\t\t\t\t<\/div>\n\t\t\t\t\t<\/div>\n\t\t<\/div>\n\t\t\t\t\t<\/div>\n\t\t<\/section>\n\t\t\t\t<section class=\"elementor-section elementor-top-section elementor-element elementor-element-fcaf4a7 elementor-section-boxed elementor-section-height-default elementor-section-height-default\" data-id=\"fcaf4a7\" data-element_type=\"section\" data-e-type=\"section\">\n\t\t\t\t\t\t<div class=\"elementor-container elementor-column-gap-default\">\n\t\t\t\t\t<div class=\"elementor-column elementor-col-100 elementor-top-column elementor-element elementor-element-6fa2684b\" data-id=\"6fa2684b\" data-element_type=\"column\" data-e-type=\"column\">\n\t\t\t<div class=\"elementor-widget-wrap elementor-element-populated\">\n\t\t\t\t\t\t<div class=\"elementor-element elementor-element-d81454b elementor-widget elementor-widget-author-box\" data-id=\"d81454b\" data-element_type=\"widget\" data-e-type=\"widget\" data-widget_type=\"author-box.default\">\n\t\t\t\t<div class=\"elementor-widget-container\">\n\t\t\t\t\t\t\t<div class=\"elementor-author-box\">\n\t\t\t\t\t\t\t<div  class=\"elementor-author-box__avatar\">\n\t\t\t\t\t<img decoding=\"async\" src=\"https:\/\/salutieducacioemocional.com\/wp-content\/uploads\/2018\/12\/seer-educacion-emocional-1-300x300.png\" alt=\"Picture of Equip SEER\" loading=\"lazy\">\n\t\t\t\t<\/div>\n\t\t\t\n\t\t\t<div class=\"elementor-author-box__text\">\n\t\t\t\t\t\t\t\t\t<div >\n\t\t\t\t\t\t<span class=\"elementor-author-box__name\">\n\t\t\t\t\t\t\tEquip SEER\t\t\t\t\t\t<\/span>\n\t\t\t\t\t<\/div>\n\t\t\t\t\n\t\t\t\t\n\t\t\t\t\t\t\t<\/div>\n\t\t<\/div>\n\t\t\t\t\t\t<\/div>\n\t\t\t\t<\/div>\n\t\t\t\t\t<\/div>\n\t\t<\/div>\n\t\t\t\t\t<\/div>\n\t\t<\/section>\n\t\t\t\t<section class=\"elementor-section elementor-top-section elementor-element elementor-element-74c65993 elementor-section-boxed elementor-section-height-default elementor-section-height-default\" data-id=\"74c65993\" data-element_type=\"section\" data-e-type=\"section\">\n\t\t\t\t\t\t<div class=\"elementor-container elementor-column-gap-no\">\n\t\t\t\t\t<div class=\"elementor-column elementor-col-100 elementor-top-column elementor-element elementor-element-64f39bcc\" data-id=\"64f39bcc\" data-element_type=\"column\" data-e-type=\"column\" data-settings=\"{&quot;background_background&quot;:&quot;gradient&quot;}\">\n\t\t\t<div class=\"elementor-widget-wrap elementor-element-populated\">\n\t\t\t\t\t\t<div class=\"elementor-element elementor-element-7f56f303 elementor-widget elementor-widget-heading\" data-id=\"7f56f303\" data-element_type=\"widget\" data-e-type=\"widget\" data-widget_type=\"heading.default\">\n\t\t\t\t<div class=\"elementor-widget-container\">\n\t\t\t\t\t<p class=\"elementor-heading-title elementor-size-default\">Subscriu-te a la nostra Newsletter!<\/p>\t\t\t\t<\/div>\n\t\t\t\t<\/div>\n\t\t\t\t<div class=\"elementor-element elementor-element-4624280f elementor-widget elementor-widget-text-editor\" data-id=\"4624280f\" data-element_type=\"widget\" data-e-type=\"widget\" data-widget_type=\"text-editor.default\">\n\t\t\t\t<div class=\"elementor-widget-container\">\n\t\t\t\t\t\t\t\t\t<p>Aix\u00ed et podrem informar de totes les novetats de SEER en quant a activitats, cursos, tallers, formacions, i m\u00e9s \ud83d\ude42<\/p>\t\t\t\t\t\t\t\t<\/div>\n\t\t\t\t<\/div>\n\t\t\t\t<div class=\"elementor-element elementor-element-10c8f66c elementor-button-align-stretch elementor-widget elementor-widget-form\" data-id=\"10c8f66c\" data-element_type=\"widget\" data-e-type=\"widget\" data-settings=\"{&quot;step_next_label&quot;:&quot;Next&quot;,&quot;step_previous_label&quot;:&quot;Previous&quot;,&quot;button_width&quot;:&quot;100&quot;,&quot;step_type&quot;:&quot;number_text&quot;,&quot;step_icon_shape&quot;:&quot;circle&quot;}\" data-widget_type=\"form.default\">\n\t\t\t\t<div class=\"elementor-widget-container\">\n\t\t\t\t\t\t\t<form class=\"elementor-form\" method=\"post\" name=\"Newsletter\" aria-label=\"Newsletter\">\n\t\t\t<input type=\"hidden\" name=\"post_id\" value=\"7395\"\/>\n\t\t\t<input type=\"hidden\" name=\"form_id\" value=\"10c8f66c\"\/>\n\t\t\t<input type=\"hidden\" name=\"referer_title\" value=\"Accions pel Dia Internacional contra el Bullying 2021 - SEER\" \/>\n\n\t\t\t\t\t\t\t<input type=\"hidden\" name=\"queried_id\" value=\"7395\"\/>\n\t\t\t\n\t\t\t<div class=\"elementor-form-fields-wrapper elementor-labels-\">\n\t\t\t\t\t\t\t\t<div class=\"elementor-field-type-text elementor-field-group elementor-column elementor-field-group-5be0f8b elementor-col-100 elementor-field-required\">\n\t\t\t\t\t\t\t\t\t\t\t\t<label for=\"form-field-5be0f8b\" class=\"elementor-field-label elementor-screen-only\">\n\t\t\t\t\t\t\t\tNom\t\t\t\t\t\t\t<\/label>\n\t\t\t\t\t\t\t\t\t\t\t\t\t\t<input size=\"1\" type=\"text\" name=\"form_fields[5be0f8b]\" id=\"form-field-5be0f8b\" class=\"elementor-field elementor-size-md  elementor-field-textual\" placeholder=\"Nom\" required=\"required\">\n\t\t\t\t\t\t\t\t\t\t\t<\/div>\n\t\t\t\t\t\t\t\t<div class=\"elementor-field-type-email elementor-field-group elementor-column elementor-field-group-email elementor-col-100 elementor-field-required\">\n\t\t\t\t\t\t\t\t\t\t\t\t<label for=\"form-field-email\" class=\"elementor-field-label elementor-screen-only\">\n\t\t\t\t\t\t\t\tEmail\t\t\t\t\t\t\t<\/label>\n\t\t\t\t\t\t\t\t\t\t\t\t\t\t<input size=\"1\" type=\"email\" name=\"form_fields[email]\" id=\"form-field-email\" class=\"elementor-field elementor-size-md  elementor-field-textual\" placeholder=\"Email\" required=\"required\">\n\t\t\t\t\t\t\t\t\t\t\t<\/div>\n\t\t\t\t\t\t\t\t<div class=\"elementor-field-type-acceptance elementor-field-group elementor-column elementor-field-group-2c957ed elementor-col-100 elementor-field-required\">\n\t\t\t\t\t\t\t\t\t\t\t\t<label for=\"form-field-2c957ed\" class=\"elementor-field-label elementor-screen-only\">\n\t\t\t\t\t\t\t\tRGPD\t\t\t\t\t\t\t<\/label>\n\t\t\t\t\t\t\t\t<div class=\"elementor-field-subgroup\">\n\t\t\t<span class=\"elementor-field-option\">\n\t\t\t\t<input type=\"checkbox\" name=\"form_fields[2c957ed]\" id=\"form-field-2c957ed\" class=\"elementor-field elementor-size-md  elementor-acceptance-field\" required=\"required\">\n\t\t\t\t<label for=\"form-field-2c957ed\">RGPD<\/label>\t\t\t<\/span>\n\t\t<\/div>\n\t\t\t\t\t\t<\/div>\n\t\t\t\t\t\t\t\t<div class=\"elementor-field-group elementor-column elementor-field-type-submit elementor-col-100 e-form__buttons\">\n\t\t\t\t\t<button class=\"elementor-button elementor-size-md\" type=\"submit\">\n\t\t\t\t\t\t<span class=\"elementor-button-content-wrapper\">\n\t\t\t\t\t\t\t\t\t\t\t\t\t\t\t\t\t\t\t\t\t\t<span class=\"elementor-button-text\">Subscriure'm<\/span>\n\t\t\t\t\t\t\t\t\t\t\t\t\t<\/span>\n\t\t\t\t\t<\/button>\n\t\t\t\t<\/div>\n\t\t\t<\/div>\n\t\t<\/form>\n\t\t\t\t\t\t<\/div>\n\t\t\t\t<\/div>\n\t\t\t\t\t<\/div>\n\t\t<\/div>\n\t\t\t\t\t<\/div>\n\t\t<\/section>\n\t\t\t\t<section class=\"elementor-section elementor-top-section elementor-element elementor-element-2c06700e elementor-section-boxed elementor-section-height-default elementor-section-height-default\" data-id=\"2c06700e\" data-element_type=\"section\" data-e-type=\"section\">\n\t\t\t\t\t\t<div class=\"elementor-container elementor-column-gap-default\">\n\t\t\t\t\t<div class=\"elementor-column elementor-col-100 elementor-top-column elementor-element elementor-element-71801b5c\" data-id=\"71801b5c\" data-element_type=\"column\" data-e-type=\"column\">\n\t\t\t<div class=\"elementor-widget-wrap elementor-element-populated\">\n\t\t\t\t\t\t<div class=\"elementor-element elementor-element-2d485c50 elementor-widget elementor-widget-facebook-comments\" data-id=\"2d485c50\" data-element_type=\"widget\" data-e-type=\"widget\" data-widget_type=\"facebook-comments.default\">\n\t\t\t\t<div class=\"elementor-widget-container\">\n\t\t\t\t\t\t\t<div class=\"elementor-facebook-widget fb-comments\" data-href=\"https:\/\/salutieducacioemocional.com\/ca\/?p=7395\" data-width=\"100%\" data-numposts=\"10\" data-order-by=\"social\" style=\"min-height: 1px\"><\/div>\n\t\t\t\t\t\t<\/div>\n\t\t\t\t<\/div>\n\t\t\t\t\t<\/div>\n\t\t<\/div>\n\t\t\t\t\t<\/div>\n\t\t<\/section>\n\t\t\t\t<\/div>\n\t\t","protected":false},"excerpt":{"rendered":"<p>Accions pel Dia Internacional contra el Bullying Per la commemoraci\u00f3 d\u2019aquest dia enguany, SEER i PDA hem treballat en diverses accions i propostes, tant pr\u00f2pies com provinents d&#8217;altres entitats. A continuaci\u00f3 en fem un recull: Hem assessorat a la guionitzaci\u00f3 de l\u2019edici\u00f3 del 2 de maig del programa InfoK\u00a0(de TV3), per abordar la tem\u00e0tica. En [&hellip;]<\/p>\n","protected":false},"author":1,"featured_media":7412,"comment_status":"open","ping_status":"open","sticky":false,"template":"elementor_header_footer","format":"standard","meta":{"footnotes":""},"categories":[47],"tags":[101],"class_list":["post-7395","post","type-post","status-publish","format-standard","has-post-thumbnail","hentry","category-blog","tag-bullying"],"yoast_head":"<!-- This site is optimized with the Yoast SEO plugin v27.5 - https:\/\/yoast.com\/product\/yoast-seo-wordpress\/ -->\n<title>Accions pel Dia Internacional contra el Bullying 2021 - SEER<\/title>\n<meta name=\"robots\" content=\"index, follow, max-snippet:-1, max-image-preview:large, max-video-preview:-1\" \/>\n<link rel=\"canonical\" href=\"https:\/\/salutieducacioemocional.com\/ca\/blog\/accions-dia-internacional-bullying-2021\/\" \/>\n<meta property=\"og:locale\" content=\"ca_ES\" \/>\n<meta property=\"og:type\" content=\"article\" \/>\n<meta property=\"og:title\" content=\"Accions pel Dia Internacional contra el Bullying 2021 - SEER\" \/>\n<meta property=\"og:description\" content=\"Accions pel Dia Internacional contra el Bullying Per la commemoraci\u00f3 d\u2019aquest dia enguany, SEER i PDA hem treballat en diverses accions i propostes, tant pr\u00f2pies com provinents d&#8217;altres entitats. A continuaci\u00f3 en fem un recull: Hem assessorat a la guionitzaci\u00f3 de l\u2019edici\u00f3 del 2 de maig del programa InfoK\u00a0(de TV3), per abordar la tem\u00e0tica. En [&hellip;]\" \/>\n<meta property=\"og:url\" content=\"https:\/\/salutieducacioemocional.com\/ca\/blog\/accions-dia-internacional-bullying-2021\/\" \/>\n<meta property=\"og:site_name\" content=\"SEER\" \/>\n<meta property=\"article:publisher\" content=\"https:\/\/www.facebook.com\/equipseer\" \/>\n<meta property=\"article:published_time\" content=\"2021-05-07T16:28:46+00:00\" \/>\n<meta property=\"article:modified_time\" content=\"2021-05-14T14:58:55+00:00\" \/>\n<meta property=\"og:image\" content=\"https:\/\/salutieducacioemocional.com\/wp-content\/uploads\/2021\/05\/seer-ajuda-guionitzar-infok.jpg\" \/>\n\t<meta property=\"og:image:width\" content=\"500\" \/>\n\t<meta property=\"og:image:height\" content=\"426\" \/>\n\t<meta property=\"og:image:type\" content=\"image\/jpeg\" \/>\n<meta name=\"author\" content=\"EquipSEER\" \/>\n<meta name=\"twitter:card\" content=\"summary_large_image\" \/>\n<meta name=\"twitter:creator\" content=\"@equipseer\" \/>\n<meta name=\"twitter:site\" content=\"@equipseer\" \/>\n<script type=\"application\/ld+json\" class=\"yoast-schema-graph\">{\"@context\":\"https:\\\/\\\/schema.org\",\"@graph\":[{\"@type\":\"Article\",\"@id\":\"https:\\\/\\\/salutieducacioemocional.com\\\/ca\\\/blog\\\/accions-dia-internacional-bullying-2021\\\/#article\",\"isPartOf\":{\"@id\":\"https:\\\/\\\/salutieducacioemocional.com\\\/ca\\\/blog\\\/accions-dia-internacional-bullying-2021\\\/\"},\"author\":{\"name\":\"EquipSEER\",\"@id\":\"https:\\\/\\\/salutieducacioemocional.com\\\/#\\\/schema\\\/person\\\/5ff9b86498e028c736f70cf273bbd8be\"},\"headline\":\"Accions pel Dia Internacional contra el Bullying 2021\",\"datePublished\":\"2021-05-07T16:28:46+00:00\",\"dateModified\":\"2021-05-14T14:58:55+00:00\",\"mainEntityOfPage\":{\"@id\":\"https:\\\/\\\/salutieducacioemocional.com\\\/ca\\\/blog\\\/accions-dia-internacional-bullying-2021\\\/\"},\"wordCount\":1193,\"commentCount\":0,\"publisher\":{\"@id\":\"https:\\\/\\\/salutieducacioemocional.com\\\/#organization\"},\"image\":{\"@id\":\"https:\\\/\\\/salutieducacioemocional.com\\\/ca\\\/blog\\\/accions-dia-internacional-bullying-2021\\\/#primaryimage\"},\"thumbnailUrl\":\"https:\\\/\\\/salutieducacioemocional.com\\\/wp-content\\\/uploads\\\/2021\\\/05\\\/seer-ajuda-guionitzar-infok.jpg\",\"keywords\":[\"Bullying\"],\"articleSection\":[\"Blog\"],\"inLanguage\":\"ca\",\"potentialAction\":[{\"@type\":\"CommentAction\",\"name\":\"Comment\",\"target\":[\"https:\\\/\\\/salutieducacioemocional.com\\\/ca\\\/blog\\\/accions-dia-internacional-bullying-2021\\\/#respond\"]}]},{\"@type\":\"WebPage\",\"@id\":\"https:\\\/\\\/salutieducacioemocional.com\\\/ca\\\/blog\\\/accions-dia-internacional-bullying-2021\\\/\",\"url\":\"https:\\\/\\\/salutieducacioemocional.com\\\/ca\\\/blog\\\/accions-dia-internacional-bullying-2021\\\/\",\"name\":\"Accions pel Dia Internacional contra el Bullying 2021 - SEER\",\"isPartOf\":{\"@id\":\"https:\\\/\\\/salutieducacioemocional.com\\\/#website\"},\"primaryImageOfPage\":{\"@id\":\"https:\\\/\\\/salutieducacioemocional.com\\\/ca\\\/blog\\\/accions-dia-internacional-bullying-2021\\\/#primaryimage\"},\"image\":{\"@id\":\"https:\\\/\\\/salutieducacioemocional.com\\\/ca\\\/blog\\\/accions-dia-internacional-bullying-2021\\\/#primaryimage\"},\"thumbnailUrl\":\"https:\\\/\\\/salutieducacioemocional.com\\\/wp-content\\\/uploads\\\/2021\\\/05\\\/seer-ajuda-guionitzar-infok.jpg\",\"datePublished\":\"2021-05-07T16:28:46+00:00\",\"dateModified\":\"2021-05-14T14:58:55+00:00\",\"breadcrumb\":{\"@id\":\"https:\\\/\\\/salutieducacioemocional.com\\\/ca\\\/blog\\\/accions-dia-internacional-bullying-2021\\\/#breadcrumb\"},\"inLanguage\":\"ca\",\"potentialAction\":[{\"@type\":\"ReadAction\",\"target\":[\"https:\\\/\\\/salutieducacioemocional.com\\\/ca\\\/blog\\\/accions-dia-internacional-bullying-2021\\\/\"]}]},{\"@type\":\"ImageObject\",\"inLanguage\":\"ca\",\"@id\":\"https:\\\/\\\/salutieducacioemocional.com\\\/ca\\\/blog\\\/accions-dia-internacional-bullying-2021\\\/#primaryimage\",\"url\":\"https:\\\/\\\/salutieducacioemocional.com\\\/wp-content\\\/uploads\\\/2021\\\/05\\\/seer-ajuda-guionitzar-infok.jpg\",\"contentUrl\":\"https:\\\/\\\/salutieducacioemocional.com\\\/wp-content\\\/uploads\\\/2021\\\/05\\\/seer-ajuda-guionitzar-infok.jpg\",\"width\":500,\"height\":426,\"caption\":\"SEER ajuda a guionitzar programa InfoK el Dia contra el bullying\"},{\"@type\":\"BreadcrumbList\",\"@id\":\"https:\\\/\\\/salutieducacioemocional.com\\\/ca\\\/blog\\\/accions-dia-internacional-bullying-2021\\\/#breadcrumb\",\"itemListElement\":[{\"@type\":\"ListItem\",\"position\":1,\"name\":\"Portada\",\"item\":\"https:\\\/\\\/salutieducacioemocional.com\\\/\"},{\"@type\":\"ListItem\",\"position\":2,\"name\":\"Accions pel Dia Internacional contra el Bullying 2021\"}]},{\"@type\":\"WebSite\",\"@id\":\"https:\\\/\\\/salutieducacioemocional.com\\\/#website\",\"url\":\"https:\\\/\\\/salutieducacioemocional.com\\\/\",\"name\":\"SEER\",\"description\":\"Salut i Educaci\u00f3 Emocional\",\"publisher\":{\"@id\":\"https:\\\/\\\/salutieducacioemocional.com\\\/#organization\"},\"potentialAction\":[{\"@type\":\"SearchAction\",\"target\":{\"@type\":\"EntryPoint\",\"urlTemplate\":\"https:\\\/\\\/salutieducacioemocional.com\\\/?s={search_term_string}\"},\"query-input\":{\"@type\":\"PropertyValueSpecification\",\"valueRequired\":true,\"valueName\":\"search_term_string\"}}],\"inLanguage\":\"ca\"},{\"@type\":\"Organization\",\"@id\":\"https:\\\/\\\/salutieducacioemocional.com\\\/#organization\",\"name\":\"Salut i Educaci\u00f3 Emocional S.L\",\"alternateName\":\"SEER\",\"url\":\"https:\\\/\\\/salutieducacioemocional.com\\\/\",\"logo\":{\"@type\":\"ImageObject\",\"inLanguage\":\"ca\",\"@id\":\"https:\\\/\\\/salutieducacioemocional.com\\\/#\\\/schema\\\/logo\\\/image\\\/\",\"url\":\"https:\\\/\\\/salutieducacioemocional.com\\\/wp-content\\\/uploads\\\/2018\\\/12\\\/cropped-educacion-emocional-seer-e1545471861400.png\",\"contentUrl\":\"https:\\\/\\\/salutieducacioemocional.com\\\/wp-content\\\/uploads\\\/2018\\\/12\\\/cropped-educacion-emocional-seer-e1545471861400.png\",\"width\":200,\"height\":78,\"caption\":\"Salut i Educaci\u00f3 Emocional S.L\"},\"image\":{\"@id\":\"https:\\\/\\\/salutieducacioemocional.com\\\/#\\\/schema\\\/logo\\\/image\\\/\"},\"sameAs\":[\"https:\\\/\\\/www.facebook.com\\\/equipseer\",\"https:\\\/\\\/x.com\\\/equipseer\",\"https:\\\/\\\/www.instagram.com\\\/equipseer\\\/\",\"https:\\\/\\\/www.linkedin.com\\\/company\\\/9231569\\\/admin\\\/\",\"https:\\\/\\\/www.youtube.com\\\/@equipseer\",\"https:\\\/\\\/t.me\\\/seer_info\"]},{\"@type\":\"Person\",\"@id\":\"https:\\\/\\\/salutieducacioemocional.com\\\/#\\\/schema\\\/person\\\/5ff9b86498e028c736f70cf273bbd8be\",\"name\":\"EquipSEER\",\"image\":{\"@type\":\"ImageObject\",\"inLanguage\":\"ca\",\"@id\":\"https:\\\/\\\/secure.gravatar.com\\\/avatar\\\/a791e1b54851c4df706081fe7247ada89b2947f29168abc2ebfb33461f537949?s=96&d=mm&r=g\",\"url\":\"https:\\\/\\\/secure.gravatar.com\\\/avatar\\\/a791e1b54851c4df706081fe7247ada89b2947f29168abc2ebfb33461f537949?s=96&d=mm&r=g\",\"contentUrl\":\"https:\\\/\\\/secure.gravatar.com\\\/avatar\\\/a791e1b54851c4df706081fe7247ada89b2947f29168abc2ebfb33461f537949?s=96&d=mm&r=g\",\"caption\":\"EquipSEER\"},\"url\":\"https:\\\/\\\/salutieducacioemocional.com\\\/ca\\\/author\\\/salutnueva\\\/\"}]}<\/script>\n<!-- \/ Yoast SEO plugin. -->","yoast_head_json":{"title":"Accions pel Dia Internacional contra el Bullying 2021 - SEER","robots":{"index":"index","follow":"follow","max-snippet":"max-snippet:-1","max-image-preview":"max-image-preview:large","max-video-preview":"max-video-preview:-1"},"canonical":"https:\/\/salutieducacioemocional.com\/ca\/blog\/accions-dia-internacional-bullying-2021\/","og_locale":"ca_ES","og_type":"article","og_title":"Accions pel Dia Internacional contra el Bullying 2021 - SEER","og_description":"Accions pel Dia Internacional contra el Bullying Per la commemoraci\u00f3 d\u2019aquest dia enguany, SEER i PDA hem treballat en diverses accions i propostes, tant pr\u00f2pies com provinents d&#8217;altres entitats. A continuaci\u00f3 en fem un recull: Hem assessorat a la guionitzaci\u00f3 de l\u2019edici\u00f3 del 2 de maig del programa InfoK\u00a0(de TV3), per abordar la tem\u00e0tica. En [&hellip;]","og_url":"https:\/\/salutieducacioemocional.com\/ca\/blog\/accions-dia-internacional-bullying-2021\/","og_site_name":"SEER","article_publisher":"https:\/\/www.facebook.com\/equipseer","article_published_time":"2021-05-07T16:28:46+00:00","article_modified_time":"2021-05-14T14:58:55+00:00","og_image":[{"width":500,"height":426,"url":"https:\/\/salutieducacioemocional.com\/wp-content\/uploads\/2021\/05\/seer-ajuda-guionitzar-infok.jpg","type":"image\/jpeg"}],"author":"EquipSEER","twitter_card":"summary_large_image","twitter_creator":"@equipseer","twitter_site":"@equipseer","schema":{"@context":"https:\/\/schema.org","@graph":[{"@type":"Article","@id":"https:\/\/salutieducacioemocional.com\/ca\/blog\/accions-dia-internacional-bullying-2021\/#article","isPartOf":{"@id":"https:\/\/salutieducacioemocional.com\/ca\/blog\/accions-dia-internacional-bullying-2021\/"},"author":{"name":"EquipSEER","@id":"https:\/\/salutieducacioemocional.com\/#\/schema\/person\/5ff9b86498e028c736f70cf273bbd8be"},"headline":"Accions pel Dia Internacional contra el Bullying 2021","datePublished":"2021-05-07T16:28:46+00:00","dateModified":"2021-05-14T14:58:55+00:00","mainEntityOfPage":{"@id":"https:\/\/salutieducacioemocional.com\/ca\/blog\/accions-dia-internacional-bullying-2021\/"},"wordCount":1193,"commentCount":0,"publisher":{"@id":"https:\/\/salutieducacioemocional.com\/#organization"},"image":{"@id":"https:\/\/salutieducacioemocional.com\/ca\/blog\/accions-dia-internacional-bullying-2021\/#primaryimage"},"thumbnailUrl":"https:\/\/salutieducacioemocional.com\/wp-content\/uploads\/2021\/05\/seer-ajuda-guionitzar-infok.jpg","keywords":["Bullying"],"articleSection":["Blog"],"inLanguage":"ca","potentialAction":[{"@type":"CommentAction","name":"Comment","target":["https:\/\/salutieducacioemocional.com\/ca\/blog\/accions-dia-internacional-bullying-2021\/#respond"]}]},{"@type":"WebPage","@id":"https:\/\/salutieducacioemocional.com\/ca\/blog\/accions-dia-internacional-bullying-2021\/","url":"https:\/\/salutieducacioemocional.com\/ca\/blog\/accions-dia-internacional-bullying-2021\/","name":"Accions pel Dia Internacional contra el Bullying 2021 - SEER","isPartOf":{"@id":"https:\/\/salutieducacioemocional.com\/#website"},"primaryImageOfPage":{"@id":"https:\/\/salutieducacioemocional.com\/ca\/blog\/accions-dia-internacional-bullying-2021\/#primaryimage"},"image":{"@id":"https:\/\/salutieducacioemocional.com\/ca\/blog\/accions-dia-internacional-bullying-2021\/#primaryimage"},"thumbnailUrl":"https:\/\/salutieducacioemocional.com\/wp-content\/uploads\/2021\/05\/seer-ajuda-guionitzar-infok.jpg","datePublished":"2021-05-07T16:28:46+00:00","dateModified":"2021-05-14T14:58:55+00:00","breadcrumb":{"@id":"https:\/\/salutieducacioemocional.com\/ca\/blog\/accions-dia-internacional-bullying-2021\/#breadcrumb"},"inLanguage":"ca","potentialAction":[{"@type":"ReadAction","target":["https:\/\/salutieducacioemocional.com\/ca\/blog\/accions-dia-internacional-bullying-2021\/"]}]},{"@type":"ImageObject","inLanguage":"ca","@id":"https:\/\/salutieducacioemocional.com\/ca\/blog\/accions-dia-internacional-bullying-2021\/#primaryimage","url":"https:\/\/salutieducacioemocional.com\/wp-content\/uploads\/2021\/05\/seer-ajuda-guionitzar-infok.jpg","contentUrl":"https:\/\/salutieducacioemocional.com\/wp-content\/uploads\/2021\/05\/seer-ajuda-guionitzar-infok.jpg","width":500,"height":426,"caption":"SEER ajuda a guionitzar programa InfoK el Dia contra el bullying"},{"@type":"BreadcrumbList","@id":"https:\/\/salutieducacioemocional.com\/ca\/blog\/accions-dia-internacional-bullying-2021\/#breadcrumb","itemListElement":[{"@type":"ListItem","position":1,"name":"Portada","item":"https:\/\/salutieducacioemocional.com\/"},{"@type":"ListItem","position":2,"name":"Accions pel Dia Internacional contra el Bullying 2021"}]},{"@type":"WebSite","@id":"https:\/\/salutieducacioemocional.com\/#website","url":"https:\/\/salutieducacioemocional.com\/","name":"SEER","description":"Salut i Educaci\u00f3 Emocional","publisher":{"@id":"https:\/\/salutieducacioemocional.com\/#organization"},"potentialAction":[{"@type":"SearchAction","target":{"@type":"EntryPoint","urlTemplate":"https:\/\/salutieducacioemocional.com\/?s={search_term_string}"},"query-input":{"@type":"PropertyValueSpecification","valueRequired":true,"valueName":"search_term_string"}}],"inLanguage":"ca"},{"@type":"Organization","@id":"https:\/\/salutieducacioemocional.com\/#organization","name":"Salut i Educaci\u00f3 Emocional S.L","alternateName":"SEER","url":"https:\/\/salutieducacioemocional.com\/","logo":{"@type":"ImageObject","inLanguage":"ca","@id":"https:\/\/salutieducacioemocional.com\/#\/schema\/logo\/image\/","url":"https:\/\/salutieducacioemocional.com\/wp-content\/uploads\/2018\/12\/cropped-educacion-emocional-seer-e1545471861400.png","contentUrl":"https:\/\/salutieducacioemocional.com\/wp-content\/uploads\/2018\/12\/cropped-educacion-emocional-seer-e1545471861400.png","width":200,"height":78,"caption":"Salut i Educaci\u00f3 Emocional S.L"},"image":{"@id":"https:\/\/salutieducacioemocional.com\/#\/schema\/logo\/image\/"},"sameAs":["https:\/\/www.facebook.com\/equipseer","https:\/\/x.com\/equipseer","https:\/\/www.instagram.com\/equipseer\/","https:\/\/www.linkedin.com\/company\/9231569\/admin\/","https:\/\/www.youtube.com\/@equipseer","https:\/\/t.me\/seer_info"]},{"@type":"Person","@id":"https:\/\/salutieducacioemocional.com\/#\/schema\/person\/5ff9b86498e028c736f70cf273bbd8be","name":"EquipSEER","image":{"@type":"ImageObject","inLanguage":"ca","@id":"https:\/\/secure.gravatar.com\/avatar\/a791e1b54851c4df706081fe7247ada89b2947f29168abc2ebfb33461f537949?s=96&d=mm&r=g","url":"https:\/\/secure.gravatar.com\/avatar\/a791e1b54851c4df706081fe7247ada89b2947f29168abc2ebfb33461f537949?s=96&d=mm&r=g","contentUrl":"https:\/\/secure.gravatar.com\/avatar\/a791e1b54851c4df706081fe7247ada89b2947f29168abc2ebfb33461f537949?s=96&d=mm&r=g","caption":"EquipSEER"},"url":"https:\/\/salutieducacioemocional.com\/ca\/author\/salutnueva\/"}]}},"_links":{"self":[{"href":"https:\/\/salutieducacioemocional.com\/ca\/wp-json\/wp\/v2\/posts\/7395","targetHints":{"allow":["GET"]}}],"collection":[{"href":"https:\/\/salutieducacioemocional.com\/ca\/wp-json\/wp\/v2\/posts"}],"about":[{"href":"https:\/\/salutieducacioemocional.com\/ca\/wp-json\/wp\/v2\/types\/post"}],"author":[{"embeddable":true,"href":"https:\/\/salutieducacioemocional.com\/ca\/wp-json\/wp\/v2\/users\/1"}],"replies":[{"embeddable":true,"href":"https:\/\/salutieducacioemocional.com\/ca\/wp-json\/wp\/v2\/comments?post=7395"}],"version-history":[{"count":23,"href":"https:\/\/salutieducacioemocional.com\/ca\/wp-json\/wp\/v2\/posts\/7395\/revisions"}],"predecessor-version":[{"id":7588,"href":"https:\/\/salutieducacioemocional.com\/ca\/wp-json\/wp\/v2\/posts\/7395\/revisions\/7588"}],"wp:featuredmedia":[{"embeddable":true,"href":"https:\/\/salutieducacioemocional.com\/ca\/wp-json\/wp\/v2\/media\/7412"}],"wp:attachment":[{"href":"https:\/\/salutieducacioemocional.com\/ca\/wp-json\/wp\/v2\/media?parent=7395"}],"wp:term":[{"taxonomy":"category","embeddable":true,"href":"https:\/\/salutieducacioemocional.com\/ca\/wp-json\/wp\/v2\/categories?post=7395"},{"taxonomy":"post_tag","embeddable":true,"href":"https:\/\/salutieducacioemocional.com\/ca\/wp-json\/wp\/v2\/tags?post=7395"}],"curies":[{"name":"wp","href":"https:\/\/api.w.org\/{rel}","templated":true}]}}