{"id":8710,"date":"2022-05-06T10:51:11","date_gmt":"2022-05-06T10:51:11","guid":{"rendered":"https:\/\/salutieducacioemocional.com\/sense-categoria\/les-meves-practiques-universitaries-joana-escurriola\/"},"modified":"2022-05-06T10:59:58","modified_gmt":"2022-05-06T10:59:58","slug":"les-meves-practiques-universitaries-joana-escurriola","status":"publish","type":"post","link":"https:\/\/salutieducacioemocional.com\/ca\/blog\/les-meves-practiques-universitaries-joana-escurriola\/","title":{"rendered":"Les Meves Pr\u00e0ctiques Universit\u00e0ries &#8211; Joana Escurriola"},"content":{"rendered":"\t\t<div data-elementor-type=\"wp-post\" data-elementor-id=\"8710\" class=\"elementor elementor-8710 elementor-8700\" data-elementor-post-type=\"post\">\n\t\t\t\t\t\t<section class=\"elementor-section elementor-top-section elementor-element elementor-element-23f67201 elementor-section-boxed elementor-section-height-default elementor-section-height-default\" data-id=\"23f67201\" data-element_type=\"section\" data-e-type=\"section\">\n\t\t\t\t\t\t<div class=\"elementor-container elementor-column-gap-default\">\n\t\t\t\t\t<div class=\"elementor-column elementor-col-100 elementor-top-column elementor-element elementor-element-703087fd\" data-id=\"703087fd\" data-element_type=\"column\" data-e-type=\"column\">\n\t\t\t<div class=\"elementor-widget-wrap elementor-element-populated\">\n\t\t\t\t\t\t<div class=\"elementor-element elementor-element-3ce7f711 elementor-widget elementor-widget-heading\" data-id=\"3ce7f711\" data-element_type=\"widget\" data-e-type=\"widget\" data-widget_type=\"heading.default\">\n\t\t\t\t<div class=\"elementor-widget-container\">\n\t\t\t\t\t<h1 class=\"elementor-heading-title elementor-size-large\">Les Meves Pr\u00e0ctiques Universit\u00e0ries - Joana Escurriola<\/h1>\t\t\t\t<\/div>\n\t\t\t\t<\/div>\n\t\t\t\t<div class=\"elementor-element elementor-element-4cfa6d44 elementor-widget-divider--view-line elementor-widget elementor-widget-divider\" data-id=\"4cfa6d44\" data-element_type=\"widget\" data-e-type=\"widget\" data-widget_type=\"divider.default\">\n\t\t\t\t<div class=\"elementor-widget-container\">\n\t\t\t\t\t\t\t<div class=\"elementor-divider\">\n\t\t\t<span class=\"elementor-divider-separator\">\n\t\t\t\t\t\t<\/span>\n\t\t<\/div>\n\t\t\t\t\t\t<\/div>\n\t\t\t\t<\/div>\n\t\t\t\t\t<\/div>\n\t\t<\/div>\n\t\t\t\t\t<\/div>\n\t\t<\/section>\n\t\t\t\t<section class=\"elementor-section elementor-top-section elementor-element elementor-element-6c3e5e3a elementor-section-boxed elementor-section-height-default elementor-section-height-default\" data-id=\"6c3e5e3a\" data-element_type=\"section\" data-e-type=\"section\">\n\t\t\t\t\t\t<div class=\"elementor-container elementor-column-gap-default\">\n\t\t\t\t\t<div class=\"elementor-column elementor-col-100 elementor-top-column elementor-element elementor-element-28d607c3\" data-id=\"28d607c3\" data-element_type=\"column\" data-e-type=\"column\">\n\t\t\t<div class=\"elementor-widget-wrap elementor-element-populated\">\n\t\t\t\t\t\t<div class=\"elementor-element elementor-element-9c61a0 elementor-widget elementor-widget-theme-post-featured-image elementor-widget-image\" data-id=\"9c61a0\" data-element_type=\"widget\" data-e-type=\"widget\" data-widget_type=\"theme-post-featured-image.default\">\n\t\t\t\t<div class=\"elementor-widget-container\">\n\t\t\t\t\t\t\t\t\t\t\t\t\t\t\t<img fetchpriority=\"high\" decoding=\"async\" width=\"500\" height=\"375\" src=\"https:\/\/salutieducacioemocional.com\/wp-content\/uploads\/2022\/05\/practiques-estudiants-seer-joana.jpg\" class=\"attachment-large size-large wp-image-8702\" alt=\"Pr\u00e0ctiques Universit\u00e0ries Joana Escurriola\" srcset=\"https:\/\/salutieducacioemocional.com\/wp-content\/uploads\/2022\/05\/practiques-estudiants-seer-joana.jpg 500w, https:\/\/salutieducacioemocional.com\/wp-content\/uploads\/2022\/05\/practiques-estudiants-seer-joana-300x225.jpg 300w\" sizes=\"(max-width: 500px) 100vw, 500px\" \/>\t\t\t\t\t\t\t\t\t\t\t\t\t\t\t<\/div>\n\t\t\t\t<\/div>\n\t\t\t\t\t<\/div>\n\t\t<\/div>\n\t\t\t\t\t<\/div>\n\t\t<\/section>\n\t\t\t\t<section class=\"elementor-section elementor-top-section elementor-element elementor-element-3bbe4ef6 elementor-section-boxed elementor-section-height-default elementor-section-height-default\" data-id=\"3bbe4ef6\" data-element_type=\"section\" data-e-type=\"section\">\n\t\t\t\t\t\t<div class=\"elementor-container elementor-column-gap-default\">\n\t\t\t\t\t<div class=\"elementor-column elementor-col-100 elementor-top-column elementor-element elementor-element-5ceaed7f\" data-id=\"5ceaed7f\" data-element_type=\"column\" data-e-type=\"column\">\n\t\t\t<div class=\"elementor-widget-wrap elementor-element-populated\">\n\t\t\t\t\t\t<div class=\"elementor-element elementor-element-7d638466 elementor-widget elementor-widget-text-editor\" data-id=\"7d638466\" data-element_type=\"widget\" data-e-type=\"widget\" data-widget_type=\"text-editor.default\">\n\t\t\t\t<div class=\"elementor-widget-container\">\n\t\t\t\t\t\t\t\t\t<p><span style=\"font-weight: 400;\">M\u2019agradaria comen\u00e7ar presentant-me, soc Joana Escurriola Rodr\u00edguez, estudiant de Criminologia i Pol\u00edtiques P\u00fabliques de Prevenci\u00f3 a la Universitat Pompeu Fabra.<\/span><\/p>\n<p><span style=\"font-weight: 400;\">Actualment, estic cursant el darrer curs de la carrera, en el qual he de fer obligat\u00f2riament les pr\u00e0ctiques universit\u00e0ries. La universitat ens van oferir una llista de possibles llocs on poder fer-les i, sincerament, tinc molt clar on vull treballar el dia de dem\u00e0, per\u00f2 vaig veure les pr\u00e0ctiques com una oportunitat per aprendre d\u2019aquells \u00e0mbits que en el transcurs de la carrera gaireb\u00e9 no hem aprofundit o no hem vist. <\/span><\/p>\n<p><span style=\"font-weight: 400;\">De tots els llocs per fer les pr\u00e0ctiques, la meva opci\u00f3 escollida va ser realitzar-les a SEER (Salut i Educaci\u00f3 Emocional), un espai en el qual es treballa per <a href=\"https:\/\/salutieducacioemocional.com\/ca\/pda-bullying\/\" target=\"_blank\" rel=\"noopener\">superar el bullying<\/a> i en la transformaci\u00f3 de panorames socials complexos potenciant els actius de benestar. A m\u00e9s, dona resposta a casos mitjan\u00e7ant la detecci\u00f3 i l\u2019actuaci\u00f3, per\u00f2 tamb\u00e9 intervenen en la prevenci\u00f3 de forma sensibilitzadora. <\/span><\/p>\n<p><span style=\"font-weight: 400;\">Vaig comen\u00e7ar les meves pr\u00e0ctiques al gener duent a terme una reuni\u00f3 amb Ramiro Orteg\u00f3n Delgadillo, el qual m\u2019ha acompanyat durant tot el meu cam\u00ed per SEER, per donar-me la benvinguda i planificar el meu calendari de pr\u00e0ctiques. He executat diverses tasques com ara treballar amb alumnes, fam\u00edlies i equips educatius, participar en el <\/span><span style=\"font-size: 14px; font-weight: 400;\">desenvolupament de<\/span> <a href=\"https:\/\/salutieducacioemocional.com\/ca\/materials-pedagogics\/\" target=\"_blank\" rel=\"noopener\">materials pedag\u00f2gics<\/a> <span style=\"font-size: 14px; font-weight: 400;\">i lectura i an\u00e0lisis de dades d\u2019investigaci\u00f3, entre altres.<\/span><\/p>\n<p><span style=\"font-weight: 400;\">La meva primera tasca va ser ajudar en la redacci\u00f3 d\u2019un informe de resultats de l\u2019activitat per a la detecci\u00f3 de situacions de conflicte en l\u2019alumnat, la qual va consistir a explicar en qu\u00e8 consisteix l\u2019estrat\u00e8gia de detecci\u00f3 aplicada, perqu\u00e8 \u00e9s necessari implementar recursos en detecci\u00f3 preventiva continuada i observar les capacitats de l\u2019alumnat en la detecci\u00f3 de viol\u00e8ncies a trav\u00e9s de la detecci\u00f3 dels rols. <\/span><\/p>\n<p><span style=\"font-weight: 400;\">M\u00e9s relacionat amb el que vull dedicar-me el dia de dem\u00e0, vaig poder formar part d&#8217;una reuni\u00f3 per al trasp\u00e0s del Projecte T\u00e0ndem per la Gu\u00e0rdia Urbana de Barcelona (GUB), un projecte en el qual es vol formar el personal de la GUB per a la millora de la gesti\u00f3 de situacions comunit\u00e0ries (la conviv\u00e8ncia, el benestar i la resoluci\u00f3 de conflictes) i d\u2019una entrevista tamb\u00e9 amb la GUB per millorar la proposta educativa de formaci\u00f3 de bullying en educaci\u00f3 vi\u00e0ria. <\/span><\/p>\n<p><span style=\"font-weight: 400;\">He dedicat moltes hores a acompanyar amb rol d\u2019espectadora a professionals de l\u2019equip de SEER, a fer diversos<\/span> <a href=\"https:\/\/salutieducacioemocional.com\/ca\/projectes-educatius\/tallers\/\" target=\"_blank\" rel=\"noopener\">tallers d\u2019educaci\u00f3 emocional en els cursos d\u2019infantil, prim\u00e0ria i secund\u00e0ria<\/a><span style=\"font-weight: 400;\"> de diferents centres educatius, en els quals hem treballat diverses emocions com per exemple la r\u00e0bia, la por, la paci\u00e8ncia i l\u2019amor. A m\u00e9s, voldria destacar que en el meu \u00faltim dia de tallers vaig intervenir en el seu transcurs, una experi\u00e8ncia enriquidora per a mi, ja que va ser el primer cop que interactuava amb els alumnes per ajudar-los amb qualsevol dubte o inquietud que tinguessin.<\/span><\/p>\n<p><span style=\"font-weight: 400;\">Tamb\u00e9 he acompanyat amb rol d\u2019espectadora a l\u2019equip de SEER a diferents formacions a professionals de l\u2019educaci\u00f3,&nbsp;<\/span><a href=\"https:\/\/pdabullying.com\/ca\/certificacio-en-bones-practiques\" target=\"_blank\">en certificacions d\u2019assessorament de bones Pr\u00e0ctiques PDA<\/a><span style=\"font-weight: 400;\">&nbsp;a escoles, a cursos en l\u00ednia de bullying\/ciberbullying, en l\u2019assessorament de casos col\u00b7laborant i donant suport a la Fundaci\u00f3 Bar\u00e7a i col\u00b7laborant amb&nbsp;<\/span><a href=\"https:\/\/pdabullying.com\/ca\/news\/enfortint-la-convivencia-escolar-informe-de-bones-practiques-en-labordatge-integral-del-bullying-a-catalunya\" target=\"_blank\">l\u2019informe de bones pr\u00e0ctiques en l\u2019abordatge integral del bullying a Catalunya<\/a>.<\/p>\n<p><span style=\"font-weight: 400;\">Fins i tot, vaig participar en el debat i en la preparaci\u00f3 d\u2019un programa de&nbsp;<\/span><a href=\"https:\/\/pdabullying.com\/ca\/news\/iniciem-un-cicle-de-debats-interprofessionals-sobre-el-diccionari-de-violencies\" target=\"_blank\">debats interprofessionals sobre el diccionari de viol\u00e8ncies<\/a>,&nbsp;<span style=\"font-weight: 400;\">enfocat en les viol\u00e8ncies de l\u2019\u00e0mbit educatiu, dut a terme per la presidenta Yovana Velandia de ACPAE Col\u00f2mbia i el president Ramiro Orteg\u00f3n de la plataforma PDA Bullying, amb l\u2019objectiu d\u2019aconseguir un consens que ajudi a la comprensi\u00f3 de la viol\u00e8ncia des d\u2019una perspectiva de tipificaci\u00f3. <\/span><\/p>\n<p><span style=\"font-weight: 400;\">Per acabar, vull donar les gr\u00e0cies a l\u2019equip de SEER per la c\u00e0lida acollida en tot moment, m\u2019he sentit com una m\u00e9s de la fam\u00edlia que s\u00f3n. Amb ells he crescut personalment i professionalment, per\u00f2 sobretot valoro molt el comprom\u00eds i la il\u00b7lusi\u00f3 que fan la seva feina. Despr\u00e9s d\u2019aquest temps al seu costat vull insistir que la feina que fan \u00e9s molt necess\u00e0ria i espero que en el temps l\u2019educaci\u00f3 emocional arribi a tots els centres educatius per fer de la societat un m\u00f3n millor. <\/span><\/p>\t\t\t\t\t\t\t\t<\/div>\n\t\t\t\t<\/div>\n\t\t\t\t<div class=\"elementor-element elementor-element-2d7ea8cb elementor-share-buttons--shape-rounded elementor-share-buttons--view-icon-text elementor-share-buttons--skin-gradient elementor-grid-0 elementor-share-buttons--color-official elementor-widget elementor-widget-share-buttons\" data-id=\"2d7ea8cb\" data-element_type=\"widget\" data-e-type=\"widget\" data-widget_type=\"share-buttons.default\">\n\t\t\t\t<div class=\"elementor-widget-container\">\n\t\t\t\t\t\t\t<div class=\"elementor-grid\" role=\"list\">\n\t\t\t\t\t\t\t\t<div class=\"elementor-grid-item\" role=\"listitem\">\n\t\t\t\t\t\t<div class=\"elementor-share-btn elementor-share-btn_facebook\" role=\"button\" tabindex=\"0\" aria-label=\"Compartici\u00f3 en facebook\">\n\t\t\t\t\t\t\t\t\t\t\t\t\t\t\t<span class=\"elementor-share-btn__icon\">\n\t\t\t\t\t\t\t\t<i class=\"fab fa-facebook\" aria-hidden=\"true\"><\/i>\t\t\t\t\t\t\t<\/span>\n\t\t\t\t\t\t\t\t\t\t\t\t\t\t\t\t\t\t\t\t\t\t<div class=\"elementor-share-btn__text\">\n\t\t\t\t\t\t\t\t\t\t\t\t\t\t\t\t\t\t\t<span class=\"elementor-share-btn__title\">\n\t\t\t\t\t\t\t\t\t\tFacebook\t\t\t\t\t\t\t\t\t<\/span>\n\t\t\t\t\t\t\t\t\t\t\t\t\t\t\t\t\t<\/div>\n\t\t\t\t\t\t\t\t\t\t\t\t\t<\/div>\n\t\t\t\t\t<\/div>\n\t\t\t\t\t\t\t\t\t<div class=\"elementor-grid-item\" role=\"listitem\">\n\t\t\t\t\t\t<div class=\"elementor-share-btn elementor-share-btn_twitter\" role=\"button\" tabindex=\"0\" aria-label=\"Compartici\u00f3 en twitter\">\n\t\t\t\t\t\t\t\t\t\t\t\t\t\t\t<span class=\"elementor-share-btn__icon\">\n\t\t\t\t\t\t\t\t<i class=\"fab fa-twitter\" aria-hidden=\"true\"><\/i>\t\t\t\t\t\t\t<\/span>\n\t\t\t\t\t\t\t\t\t\t\t\t\t\t\t\t\t\t\t\t\t\t<div class=\"elementor-share-btn__text\">\n\t\t\t\t\t\t\t\t\t\t\t\t\t\t\t\t\t\t\t<span class=\"elementor-share-btn__title\">\n\t\t\t\t\t\t\t\t\t\tTwitter\t\t\t\t\t\t\t\t\t<\/span>\n\t\t\t\t\t\t\t\t\t\t\t\t\t\t\t\t\t<\/div>\n\t\t\t\t\t\t\t\t\t\t\t\t\t<\/div>\n\t\t\t\t\t<\/div>\n\t\t\t\t\t\t\t\t\t<div class=\"elementor-grid-item\" role=\"listitem\">\n\t\t\t\t\t\t<div class=\"elementor-share-btn elementor-share-btn_linkedin\" role=\"button\" tabindex=\"0\" aria-label=\"Compartici\u00f3 en linkedin\">\n\t\t\t\t\t\t\t\t\t\t\t\t\t\t\t<span class=\"elementor-share-btn__icon\">\n\t\t\t\t\t\t\t\t<i class=\"fab fa-linkedin\" aria-hidden=\"true\"><\/i>\t\t\t\t\t\t\t<\/span>\n\t\t\t\t\t\t\t\t\t\t\t\t\t\t\t\t\t\t\t\t\t\t<div class=\"elementor-share-btn__text\">\n\t\t\t\t\t\t\t\t\t\t\t\t\t\t\t\t\t\t\t<span class=\"elementor-share-btn__title\">\n\t\t\t\t\t\t\t\t\t\tLinkedIn\t\t\t\t\t\t\t\t\t<\/span>\n\t\t\t\t\t\t\t\t\t\t\t\t\t\t\t\t\t<\/div>\n\t\t\t\t\t\t\t\t\t\t\t\t\t<\/div>\n\t\t\t\t\t<\/div>\n\t\t\t\t\t\t\t\t\t<div class=\"elementor-grid-item\" role=\"listitem\">\n\t\t\t\t\t\t<div class=\"elementor-share-btn elementor-share-btn_whatsapp\" role=\"button\" tabindex=\"0\" aria-label=\"Compartici\u00f3 en whatsapp\">\n\t\t\t\t\t\t\t\t\t\t\t\t\t\t\t<span class=\"elementor-share-btn__icon\">\n\t\t\t\t\t\t\t\t<i class=\"fab fa-whatsapp\" aria-hidden=\"true\"><\/i>\t\t\t\t\t\t\t<\/span>\n\t\t\t\t\t\t\t\t\t\t\t\t\t\t\t\t\t\t\t\t\t\t<div class=\"elementor-share-btn__text\">\n\t\t\t\t\t\t\t\t\t\t\t\t\t\t\t\t\t\t\t<span class=\"elementor-share-btn__title\">\n\t\t\t\t\t\t\t\t\t\tWhatsApp\t\t\t\t\t\t\t\t\t<\/span>\n\t\t\t\t\t\t\t\t\t\t\t\t\t\t\t\t\t<\/div>\n\t\t\t\t\t\t\t\t\t\t\t\t\t<\/div>\n\t\t\t\t\t<\/div>\n\t\t\t\t\t\t<\/div>\n\t\t\t\t\t\t<\/div>\n\t\t\t\t<\/div>\n\t\t\t\t\t<\/div>\n\t\t<\/div>\n\t\t\t\t\t<\/div>\n\t\t<\/section>\n\t\t\t\t<section class=\"elementor-section elementor-top-section elementor-element elementor-element-5363f9c6 elementor-section-boxed elementor-section-height-default elementor-section-height-default\" data-id=\"5363f9c6\" data-element_type=\"section\" data-e-type=\"section\">\n\t\t\t\t\t\t<div class=\"elementor-container elementor-column-gap-default\">\n\t\t\t\t\t<div class=\"elementor-column elementor-col-100 elementor-top-column elementor-element elementor-element-f663626\" data-id=\"f663626\" data-element_type=\"column\" data-e-type=\"column\">\n\t\t\t<div class=\"elementor-widget-wrap elementor-element-populated\">\n\t\t\t\t\t\t<div class=\"elementor-element elementor-element-7f1d052e elementor-widget elementor-widget-author-box\" data-id=\"7f1d052e\" data-element_type=\"widget\" data-e-type=\"widget\" data-widget_type=\"author-box.default\">\n\t\t\t\t<div class=\"elementor-widget-container\">\n\t\t\t\t\t\t\t<div class=\"elementor-author-box\">\n\t\t\t\t\t\t\t<div  class=\"elementor-author-box__avatar\">\n\t\t\t\t\t<img decoding=\"async\" src=\"https:\/\/salutieducacioemocional.com\/wp-content\/uploads\/2018\/12\/seer-educacion-emocional-1-300x300.png\" alt=\"Picture of Joana Escurriola\" loading=\"lazy\">\n\t\t\t\t<\/div>\n\t\t\t\n\t\t\t<div class=\"elementor-author-box__text\">\n\t\t\t\t\t\t\t\t\t<div >\n\t\t\t\t\t\t<span class=\"elementor-author-box__name\">\n\t\t\t\t\t\t\tJoana Escurriola\t\t\t\t\t\t<\/span>\n\t\t\t\t\t<\/div>\n\t\t\t\t\n\t\t\t\t\n\t\t\t\t\t\t\t<\/div>\n\t\t<\/div>\n\t\t\t\t\t\t<\/div>\n\t\t\t\t<\/div>\n\t\t\t\t\t<\/div>\n\t\t<\/div>\n\t\t\t\t\t<\/div>\n\t\t<\/section>\n\t\t\t\t<section class=\"elementor-section elementor-top-section elementor-element elementor-element-230fda02 elementor-section-boxed elementor-section-height-default elementor-section-height-default\" data-id=\"230fda02\" data-element_type=\"section\" data-e-type=\"section\">\n\t\t\t\t\t\t<div class=\"elementor-container elementor-column-gap-no\">\n\t\t\t\t\t<div class=\"elementor-column elementor-col-100 elementor-top-column elementor-element elementor-element-4111ad61\" data-id=\"4111ad61\" data-element_type=\"column\" data-e-type=\"column\">\n\t\t\t<div class=\"elementor-widget-wrap elementor-element-populated\">\n\t\t\t\t\t\t<div class=\"elementor-element elementor-element-e7793a2 elementor-cta--skin-cover elementor-cta--valign-middle elementor-animated-content elementor-bg-transform elementor-bg-transform-zoom-in elementor-widget elementor-widget-call-to-action\" data-id=\"e7793a2\" data-element_type=\"widget\" data-e-type=\"widget\" data-widget_type=\"call-to-action.default\">\n\t\t\t\t<div class=\"elementor-widget-container\">\n\t\t\t\t\t\t\t<a class=\"elementor-cta\" href=\"http:\/\/eepurl.com\/gddcXb\" rel=\"nofollow\">\n\t\t\t\t\t<div class=\"elementor-cta__bg-wrapper\">\n\t\t\t\t<div class=\"elementor-cta__bg elementor-bg\" style=\"background-image: url(https:\/\/salutieducacioemocional.com\/wp-content\/uploads\/2021\/05\/newsletter-seer-boletin-1024x370.png);\" role=\"img\" aria-label=\"Suscribirse a la Newsletter de SEER\"><\/div>\n\t\t\t\t<div class=\"elementor-cta__bg-overlay\"><\/div>\n\t\t\t<\/div>\n\t\t\t\t\t\t\t<div class=\"elementor-cta__content\">\n\t\t\t\t\n\t\t\t\t\t\t\t\t\t<div class=\"elementor-cta__title elementor-cta__content-item elementor-content-item elementor-animated-item--grow\">\n\t\t\t\t\t\t\u00a1Suscr\u00edbete a nuestra Newsletter!\u200b\t\t\t\t\t<\/div>\n\t\t\t\t\n\t\t\t\t\n\t\t\t\t\t\t\t\t\t<div class=\"elementor-cta__button-wrapper elementor-cta__content-item elementor-content-item elementor-animated-item--grow\">\n\t\t\t\t\t<span class=\"elementor-cta__button elementor-button elementor-size-\">\n\t\t\t\t\t\tSuscribirme \ud83d\ude42\t\t\t\t\t<\/span>\n\t\t\t\t\t<\/div>\n\t\t\t\t\t\t\t<\/div>\n\t\t\t\t\t\t<\/a>\n\t\t\t\t\t\t<\/div>\n\t\t\t\t<\/div>\n\t\t\t\t\t<\/div>\n\t\t<\/div>\n\t\t\t\t\t<\/div>\n\t\t<\/section>\n\t\t\t\t<section class=\"elementor-section elementor-top-section elementor-element elementor-element-2b0acba9 elementor-section-boxed elementor-section-height-default elementor-section-height-default\" data-id=\"2b0acba9\" data-element_type=\"section\" data-e-type=\"section\">\n\t\t\t\t\t\t<div class=\"elementor-container elementor-column-gap-default\">\n\t\t\t\t\t<div class=\"elementor-column elementor-col-100 elementor-top-column elementor-element elementor-element-1fcc5889\" data-id=\"1fcc5889\" data-element_type=\"column\" data-e-type=\"column\">\n\t\t\t<div class=\"elementor-widget-wrap elementor-element-populated\">\n\t\t\t\t\t\t<div class=\"elementor-element elementor-element-6a28db48 elementor-widget elementor-widget-facebook-comments\" data-id=\"6a28db48\" data-element_type=\"widget\" data-e-type=\"widget\" data-widget_type=\"facebook-comments.default\">\n\t\t\t\t<div class=\"elementor-widget-container\">\n\t\t\t\t\t\t\t<div class=\"elementor-facebook-widget fb-comments\" data-href=\"https:\/\/salutieducacioemocional.com\/ca\/?p=8710\" data-width=\"100%\" data-numposts=\"10\" data-order-by=\"social\" style=\"min-height: 1px\"><\/div>\n\t\t\t\t\t\t<\/div>\n\t\t\t\t<\/div>\n\t\t\t\t\t<\/div>\n\t\t<\/div>\n\t\t\t\t\t<\/div>\n\t\t<\/section>\n\t\t\t\t<\/div>\n\t\t","protected":false},"excerpt":{"rendered":"<p>Les Meves Pr\u00e0ctiques Universit\u00e0ries &#8211; Joana Escurriola M\u2019agradaria comen\u00e7ar presentant-me, soc Joana Escurriola Rodr\u00edguez, estudiant de Criminologia i Pol\u00edtiques P\u00fabliques de Prevenci\u00f3 a la Universitat Pompeu Fabra. Actualment, estic cursant el darrer curs de la carrera, en el qual he de fer obligat\u00f2riament les pr\u00e0ctiques universit\u00e0ries. La universitat ens van oferir una llista de possibles [&hellip;]<\/p>\n","protected":false},"author":1,"featured_media":8702,"comment_status":"open","ping_status":"open","sticky":false,"template":"elementor_header_footer","format":"standard","meta":{"footnotes":""},"categories":[47],"tags":[222],"class_list":["post-8710","post","type-post","status-publish","format-standard","has-post-thumbnail","hentry","category-blog","tag-practiques-universitaries"],"yoast_head":"<!-- This site is optimized with the Yoast SEO plugin v27.5 - https:\/\/yoast.com\/product\/yoast-seo-wordpress\/ -->\n<title>Les Meves Pr\u00e0ctiques Universit\u00e0ries - Joana Escurriola - SEER<\/title>\n<meta name=\"robots\" content=\"index, follow, max-snippet:-1, max-image-preview:large, max-video-preview:-1\" \/>\n<link rel=\"canonical\" href=\"https:\/\/salutieducacioemocional.com\/ca\/blog\/les-meves-practiques-universitaries-joana-escurriola\/\" \/>\n<meta property=\"og:locale\" content=\"ca_ES\" \/>\n<meta property=\"og:type\" content=\"article\" \/>\n<meta property=\"og:title\" content=\"Les Meves Pr\u00e0ctiques Universit\u00e0ries - Joana Escurriola - SEER\" \/>\n<meta property=\"og:description\" content=\"Les Meves Pr\u00e0ctiques Universit\u00e0ries &#8211; Joana Escurriola M\u2019agradaria comen\u00e7ar presentant-me, soc Joana Escurriola Rodr\u00edguez, estudiant de Criminologia i Pol\u00edtiques P\u00fabliques de Prevenci\u00f3 a la Universitat Pompeu Fabra. Actualment, estic cursant el darrer curs de la carrera, en el qual he de fer obligat\u00f2riament les pr\u00e0ctiques universit\u00e0ries. La universitat ens van oferir una llista de possibles [&hellip;]\" \/>\n<meta property=\"og:url\" content=\"https:\/\/salutieducacioemocional.com\/ca\/blog\/les-meves-practiques-universitaries-joana-escurriola\/\" \/>\n<meta property=\"og:site_name\" content=\"SEER\" \/>\n<meta property=\"article:publisher\" content=\"https:\/\/www.facebook.com\/equipseer\" \/>\n<meta property=\"article:published_time\" content=\"2022-05-06T10:51:11+00:00\" \/>\n<meta property=\"article:modified_time\" content=\"2022-05-06T10:59:58+00:00\" \/>\n<meta property=\"og:image\" content=\"https:\/\/salutieducacioemocional.com\/wp-content\/uploads\/2022\/05\/practiques-estudiants-seer-joana.jpg\" \/>\n\t<meta property=\"og:image:width\" content=\"500\" \/>\n\t<meta property=\"og:image:height\" content=\"375\" \/>\n\t<meta property=\"og:image:type\" content=\"image\/jpeg\" \/>\n<meta name=\"author\" content=\"EquipSEER\" \/>\n<meta name=\"twitter:card\" content=\"summary_large_image\" \/>\n<meta name=\"twitter:creator\" content=\"@equipseer\" \/>\n<meta name=\"twitter:site\" content=\"@equipseer\" \/>\n<script type=\"application\/ld+json\" class=\"yoast-schema-graph\">{\"@context\":\"https:\\\/\\\/schema.org\",\"@graph\":[{\"@type\":\"Article\",\"@id\":\"https:\\\/\\\/salutieducacioemocional.com\\\/ca\\\/blog\\\/les-meves-practiques-universitaries-joana-escurriola\\\/#article\",\"isPartOf\":{\"@id\":\"https:\\\/\\\/salutieducacioemocional.com\\\/ca\\\/blog\\\/les-meves-practiques-universitaries-joana-escurriola\\\/\"},\"author\":{\"name\":\"EquipSEER\",\"@id\":\"https:\\\/\\\/salutieducacioemocional.com\\\/#\\\/schema\\\/person\\\/5ff9b86498e028c736f70cf273bbd8be\"},\"headline\":\"Les Meves Pr\u00e0ctiques Universit\u00e0ries &#8211; Joana Escurriola\",\"datePublished\":\"2022-05-06T10:51:11+00:00\",\"dateModified\":\"2022-05-06T10:59:58+00:00\",\"mainEntityOfPage\":{\"@id\":\"https:\\\/\\\/salutieducacioemocional.com\\\/ca\\\/blog\\\/les-meves-practiques-universitaries-joana-escurriola\\\/\"},\"wordCount\":806,\"commentCount\":0,\"publisher\":{\"@id\":\"https:\\\/\\\/salutieducacioemocional.com\\\/#organization\"},\"image\":{\"@id\":\"https:\\\/\\\/salutieducacioemocional.com\\\/ca\\\/blog\\\/les-meves-practiques-universitaries-joana-escurriola\\\/#primaryimage\"},\"thumbnailUrl\":\"https:\\\/\\\/salutieducacioemocional.com\\\/wp-content\\\/uploads\\\/2022\\\/05\\\/practiques-estudiants-seer-joana.jpg\",\"keywords\":[\"pr\u00e0ctiques universit\u00e0ries\"],\"articleSection\":[\"Blog\"],\"inLanguage\":\"ca\",\"potentialAction\":[{\"@type\":\"CommentAction\",\"name\":\"Comment\",\"target\":[\"https:\\\/\\\/salutieducacioemocional.com\\\/ca\\\/blog\\\/les-meves-practiques-universitaries-joana-escurriola\\\/#respond\"]}]},{\"@type\":\"WebPage\",\"@id\":\"https:\\\/\\\/salutieducacioemocional.com\\\/ca\\\/blog\\\/les-meves-practiques-universitaries-joana-escurriola\\\/\",\"url\":\"https:\\\/\\\/salutieducacioemocional.com\\\/ca\\\/blog\\\/les-meves-practiques-universitaries-joana-escurriola\\\/\",\"name\":\"Les Meves Pr\u00e0ctiques Universit\u00e0ries - Joana Escurriola - SEER\",\"isPartOf\":{\"@id\":\"https:\\\/\\\/salutieducacioemocional.com\\\/#website\"},\"primaryImageOfPage\":{\"@id\":\"https:\\\/\\\/salutieducacioemocional.com\\\/ca\\\/blog\\\/les-meves-practiques-universitaries-joana-escurriola\\\/#primaryimage\"},\"image\":{\"@id\":\"https:\\\/\\\/salutieducacioemocional.com\\\/ca\\\/blog\\\/les-meves-practiques-universitaries-joana-escurriola\\\/#primaryimage\"},\"thumbnailUrl\":\"https:\\\/\\\/salutieducacioemocional.com\\\/wp-content\\\/uploads\\\/2022\\\/05\\\/practiques-estudiants-seer-joana.jpg\",\"datePublished\":\"2022-05-06T10:51:11+00:00\",\"dateModified\":\"2022-05-06T10:59:58+00:00\",\"breadcrumb\":{\"@id\":\"https:\\\/\\\/salutieducacioemocional.com\\\/ca\\\/blog\\\/les-meves-practiques-universitaries-joana-escurriola\\\/#breadcrumb\"},\"inLanguage\":\"ca\",\"potentialAction\":[{\"@type\":\"ReadAction\",\"target\":[\"https:\\\/\\\/salutieducacioemocional.com\\\/ca\\\/blog\\\/les-meves-practiques-universitaries-joana-escurriola\\\/\"]}]},{\"@type\":\"ImageObject\",\"inLanguage\":\"ca\",\"@id\":\"https:\\\/\\\/salutieducacioemocional.com\\\/ca\\\/blog\\\/les-meves-practiques-universitaries-joana-escurriola\\\/#primaryimage\",\"url\":\"https:\\\/\\\/salutieducacioemocional.com\\\/wp-content\\\/uploads\\\/2022\\\/05\\\/practiques-estudiants-seer-joana.jpg\",\"contentUrl\":\"https:\\\/\\\/salutieducacioemocional.com\\\/wp-content\\\/uploads\\\/2022\\\/05\\\/practiques-estudiants-seer-joana.jpg\",\"width\":500,\"height\":375,\"caption\":\"Pr\u00e0ctiques Universit\u00e0ries Joana Escurriola\"},{\"@type\":\"BreadcrumbList\",\"@id\":\"https:\\\/\\\/salutieducacioemocional.com\\\/ca\\\/blog\\\/les-meves-practiques-universitaries-joana-escurriola\\\/#breadcrumb\",\"itemListElement\":[{\"@type\":\"ListItem\",\"position\":1,\"name\":\"Portada\",\"item\":\"https:\\\/\\\/salutieducacioemocional.com\\\/\"},{\"@type\":\"ListItem\",\"position\":2,\"name\":\"Les Meves Pr\u00e0ctiques Universit\u00e0ries &#8211; Joana Escurriola\"}]},{\"@type\":\"WebSite\",\"@id\":\"https:\\\/\\\/salutieducacioemocional.com\\\/#website\",\"url\":\"https:\\\/\\\/salutieducacioemocional.com\\\/\",\"name\":\"SEER\",\"description\":\"Salut i Educaci\u00f3 Emocional\",\"publisher\":{\"@id\":\"https:\\\/\\\/salutieducacioemocional.com\\\/#organization\"},\"potentialAction\":[{\"@type\":\"SearchAction\",\"target\":{\"@type\":\"EntryPoint\",\"urlTemplate\":\"https:\\\/\\\/salutieducacioemocional.com\\\/?s={search_term_string}\"},\"query-input\":{\"@type\":\"PropertyValueSpecification\",\"valueRequired\":true,\"valueName\":\"search_term_string\"}}],\"inLanguage\":\"ca\"},{\"@type\":\"Organization\",\"@id\":\"https:\\\/\\\/salutieducacioemocional.com\\\/#organization\",\"name\":\"Salut i Educaci\u00f3 Emocional S.L\",\"alternateName\":\"SEER\",\"url\":\"https:\\\/\\\/salutieducacioemocional.com\\\/\",\"logo\":{\"@type\":\"ImageObject\",\"inLanguage\":\"ca\",\"@id\":\"https:\\\/\\\/salutieducacioemocional.com\\\/#\\\/schema\\\/logo\\\/image\\\/\",\"url\":\"https:\\\/\\\/salutieducacioemocional.com\\\/wp-content\\\/uploads\\\/2018\\\/12\\\/cropped-educacion-emocional-seer-e1545471861400.png\",\"contentUrl\":\"https:\\\/\\\/salutieducacioemocional.com\\\/wp-content\\\/uploads\\\/2018\\\/12\\\/cropped-educacion-emocional-seer-e1545471861400.png\",\"width\":200,\"height\":78,\"caption\":\"Salut i Educaci\u00f3 Emocional S.L\"},\"image\":{\"@id\":\"https:\\\/\\\/salutieducacioemocional.com\\\/#\\\/schema\\\/logo\\\/image\\\/\"},\"sameAs\":[\"https:\\\/\\\/www.facebook.com\\\/equipseer\",\"https:\\\/\\\/x.com\\\/equipseer\",\"https:\\\/\\\/www.instagram.com\\\/equipseer\\\/\",\"https:\\\/\\\/www.linkedin.com\\\/company\\\/9231569\\\/admin\\\/\",\"https:\\\/\\\/www.youtube.com\\\/@equipseer\",\"https:\\\/\\\/t.me\\\/seer_info\"]},{\"@type\":\"Person\",\"@id\":\"https:\\\/\\\/salutieducacioemocional.com\\\/#\\\/schema\\\/person\\\/5ff9b86498e028c736f70cf273bbd8be\",\"name\":\"EquipSEER\",\"image\":{\"@type\":\"ImageObject\",\"inLanguage\":\"ca\",\"@id\":\"https:\\\/\\\/secure.gravatar.com\\\/avatar\\\/a791e1b54851c4df706081fe7247ada89b2947f29168abc2ebfb33461f537949?s=96&d=mm&r=g\",\"url\":\"https:\\\/\\\/secure.gravatar.com\\\/avatar\\\/a791e1b54851c4df706081fe7247ada89b2947f29168abc2ebfb33461f537949?s=96&d=mm&r=g\",\"contentUrl\":\"https:\\\/\\\/secure.gravatar.com\\\/avatar\\\/a791e1b54851c4df706081fe7247ada89b2947f29168abc2ebfb33461f537949?s=96&d=mm&r=g\",\"caption\":\"EquipSEER\"},\"url\":\"https:\\\/\\\/salutieducacioemocional.com\\\/ca\\\/author\\\/salutnueva\\\/\"}]}<\/script>\n<!-- \/ Yoast SEO plugin. -->","yoast_head_json":{"title":"Les Meves Pr\u00e0ctiques Universit\u00e0ries - Joana Escurriola - SEER","robots":{"index":"index","follow":"follow","max-snippet":"max-snippet:-1","max-image-preview":"max-image-preview:large","max-video-preview":"max-video-preview:-1"},"canonical":"https:\/\/salutieducacioemocional.com\/ca\/blog\/les-meves-practiques-universitaries-joana-escurriola\/","og_locale":"ca_ES","og_type":"article","og_title":"Les Meves Pr\u00e0ctiques Universit\u00e0ries - Joana Escurriola - SEER","og_description":"Les Meves Pr\u00e0ctiques Universit\u00e0ries &#8211; Joana Escurriola M\u2019agradaria comen\u00e7ar presentant-me, soc Joana Escurriola Rodr\u00edguez, estudiant de Criminologia i Pol\u00edtiques P\u00fabliques de Prevenci\u00f3 a la Universitat Pompeu Fabra. Actualment, estic cursant el darrer curs de la carrera, en el qual he de fer obligat\u00f2riament les pr\u00e0ctiques universit\u00e0ries. La universitat ens van oferir una llista de possibles [&hellip;]","og_url":"https:\/\/salutieducacioemocional.com\/ca\/blog\/les-meves-practiques-universitaries-joana-escurriola\/","og_site_name":"SEER","article_publisher":"https:\/\/www.facebook.com\/equipseer","article_published_time":"2022-05-06T10:51:11+00:00","article_modified_time":"2022-05-06T10:59:58+00:00","og_image":[{"width":500,"height":375,"url":"https:\/\/salutieducacioemocional.com\/wp-content\/uploads\/2022\/05\/practiques-estudiants-seer-joana.jpg","type":"image\/jpeg"}],"author":"EquipSEER","twitter_card":"summary_large_image","twitter_creator":"@equipseer","twitter_site":"@equipseer","schema":{"@context":"https:\/\/schema.org","@graph":[{"@type":"Article","@id":"https:\/\/salutieducacioemocional.com\/ca\/blog\/les-meves-practiques-universitaries-joana-escurriola\/#article","isPartOf":{"@id":"https:\/\/salutieducacioemocional.com\/ca\/blog\/les-meves-practiques-universitaries-joana-escurriola\/"},"author":{"name":"EquipSEER","@id":"https:\/\/salutieducacioemocional.com\/#\/schema\/person\/5ff9b86498e028c736f70cf273bbd8be"},"headline":"Les Meves Pr\u00e0ctiques Universit\u00e0ries &#8211; Joana Escurriola","datePublished":"2022-05-06T10:51:11+00:00","dateModified":"2022-05-06T10:59:58+00:00","mainEntityOfPage":{"@id":"https:\/\/salutieducacioemocional.com\/ca\/blog\/les-meves-practiques-universitaries-joana-escurriola\/"},"wordCount":806,"commentCount":0,"publisher":{"@id":"https:\/\/salutieducacioemocional.com\/#organization"},"image":{"@id":"https:\/\/salutieducacioemocional.com\/ca\/blog\/les-meves-practiques-universitaries-joana-escurriola\/#primaryimage"},"thumbnailUrl":"https:\/\/salutieducacioemocional.com\/wp-content\/uploads\/2022\/05\/practiques-estudiants-seer-joana.jpg","keywords":["pr\u00e0ctiques universit\u00e0ries"],"articleSection":["Blog"],"inLanguage":"ca","potentialAction":[{"@type":"CommentAction","name":"Comment","target":["https:\/\/salutieducacioemocional.com\/ca\/blog\/les-meves-practiques-universitaries-joana-escurriola\/#respond"]}]},{"@type":"WebPage","@id":"https:\/\/salutieducacioemocional.com\/ca\/blog\/les-meves-practiques-universitaries-joana-escurriola\/","url":"https:\/\/salutieducacioemocional.com\/ca\/blog\/les-meves-practiques-universitaries-joana-escurriola\/","name":"Les Meves Pr\u00e0ctiques Universit\u00e0ries - Joana Escurriola - SEER","isPartOf":{"@id":"https:\/\/salutieducacioemocional.com\/#website"},"primaryImageOfPage":{"@id":"https:\/\/salutieducacioemocional.com\/ca\/blog\/les-meves-practiques-universitaries-joana-escurriola\/#primaryimage"},"image":{"@id":"https:\/\/salutieducacioemocional.com\/ca\/blog\/les-meves-practiques-universitaries-joana-escurriola\/#primaryimage"},"thumbnailUrl":"https:\/\/salutieducacioemocional.com\/wp-content\/uploads\/2022\/05\/practiques-estudiants-seer-joana.jpg","datePublished":"2022-05-06T10:51:11+00:00","dateModified":"2022-05-06T10:59:58+00:00","breadcrumb":{"@id":"https:\/\/salutieducacioemocional.com\/ca\/blog\/les-meves-practiques-universitaries-joana-escurriola\/#breadcrumb"},"inLanguage":"ca","potentialAction":[{"@type":"ReadAction","target":["https:\/\/salutieducacioemocional.com\/ca\/blog\/les-meves-practiques-universitaries-joana-escurriola\/"]}]},{"@type":"ImageObject","inLanguage":"ca","@id":"https:\/\/salutieducacioemocional.com\/ca\/blog\/les-meves-practiques-universitaries-joana-escurriola\/#primaryimage","url":"https:\/\/salutieducacioemocional.com\/wp-content\/uploads\/2022\/05\/practiques-estudiants-seer-joana.jpg","contentUrl":"https:\/\/salutieducacioemocional.com\/wp-content\/uploads\/2022\/05\/practiques-estudiants-seer-joana.jpg","width":500,"height":375,"caption":"Pr\u00e0ctiques Universit\u00e0ries Joana Escurriola"},{"@type":"BreadcrumbList","@id":"https:\/\/salutieducacioemocional.com\/ca\/blog\/les-meves-practiques-universitaries-joana-escurriola\/#breadcrumb","itemListElement":[{"@type":"ListItem","position":1,"name":"Portada","item":"https:\/\/salutieducacioemocional.com\/"},{"@type":"ListItem","position":2,"name":"Les Meves Pr\u00e0ctiques Universit\u00e0ries &#8211; Joana Escurriola"}]},{"@type":"WebSite","@id":"https:\/\/salutieducacioemocional.com\/#website","url":"https:\/\/salutieducacioemocional.com\/","name":"SEER","description":"Salut i Educaci\u00f3 Emocional","publisher":{"@id":"https:\/\/salutieducacioemocional.com\/#organization"},"potentialAction":[{"@type":"SearchAction","target":{"@type":"EntryPoint","urlTemplate":"https:\/\/salutieducacioemocional.com\/?s={search_term_string}"},"query-input":{"@type":"PropertyValueSpecification","valueRequired":true,"valueName":"search_term_string"}}],"inLanguage":"ca"},{"@type":"Organization","@id":"https:\/\/salutieducacioemocional.com\/#organization","name":"Salut i Educaci\u00f3 Emocional S.L","alternateName":"SEER","url":"https:\/\/salutieducacioemocional.com\/","logo":{"@type":"ImageObject","inLanguage":"ca","@id":"https:\/\/salutieducacioemocional.com\/#\/schema\/logo\/image\/","url":"https:\/\/salutieducacioemocional.com\/wp-content\/uploads\/2018\/12\/cropped-educacion-emocional-seer-e1545471861400.png","contentUrl":"https:\/\/salutieducacioemocional.com\/wp-content\/uploads\/2018\/12\/cropped-educacion-emocional-seer-e1545471861400.png","width":200,"height":78,"caption":"Salut i Educaci\u00f3 Emocional S.L"},"image":{"@id":"https:\/\/salutieducacioemocional.com\/#\/schema\/logo\/image\/"},"sameAs":["https:\/\/www.facebook.com\/equipseer","https:\/\/x.com\/equipseer","https:\/\/www.instagram.com\/equipseer\/","https:\/\/www.linkedin.com\/company\/9231569\/admin\/","https:\/\/www.youtube.com\/@equipseer","https:\/\/t.me\/seer_info"]},{"@type":"Person","@id":"https:\/\/salutieducacioemocional.com\/#\/schema\/person\/5ff9b86498e028c736f70cf273bbd8be","name":"EquipSEER","image":{"@type":"ImageObject","inLanguage":"ca","@id":"https:\/\/secure.gravatar.com\/avatar\/a791e1b54851c4df706081fe7247ada89b2947f29168abc2ebfb33461f537949?s=96&d=mm&r=g","url":"https:\/\/secure.gravatar.com\/avatar\/a791e1b54851c4df706081fe7247ada89b2947f29168abc2ebfb33461f537949?s=96&d=mm&r=g","contentUrl":"https:\/\/secure.gravatar.com\/avatar\/a791e1b54851c4df706081fe7247ada89b2947f29168abc2ebfb33461f537949?s=96&d=mm&r=g","caption":"EquipSEER"},"url":"https:\/\/salutieducacioemocional.com\/ca\/author\/salutnueva\/"}]}},"_links":{"self":[{"href":"https:\/\/salutieducacioemocional.com\/ca\/wp-json\/wp\/v2\/posts\/8710","targetHints":{"allow":["GET"]}}],"collection":[{"href":"https:\/\/salutieducacioemocional.com\/ca\/wp-json\/wp\/v2\/posts"}],"about":[{"href":"https:\/\/salutieducacioemocional.com\/ca\/wp-json\/wp\/v2\/types\/post"}],"author":[{"embeddable":true,"href":"https:\/\/salutieducacioemocional.com\/ca\/wp-json\/wp\/v2\/users\/1"}],"replies":[{"embeddable":true,"href":"https:\/\/salutieducacioemocional.com\/ca\/wp-json\/wp\/v2\/comments?post=8710"}],"version-history":[{"count":6,"href":"https:\/\/salutieducacioemocional.com\/ca\/wp-json\/wp\/v2\/posts\/8710\/revisions"}],"predecessor-version":[{"id":8716,"href":"https:\/\/salutieducacioemocional.com\/ca\/wp-json\/wp\/v2\/posts\/8710\/revisions\/8716"}],"wp:featuredmedia":[{"embeddable":true,"href":"https:\/\/salutieducacioemocional.com\/ca\/wp-json\/wp\/v2\/media\/8702"}],"wp:attachment":[{"href":"https:\/\/salutieducacioemocional.com\/ca\/wp-json\/wp\/v2\/media?parent=8710"}],"wp:term":[{"taxonomy":"category","embeddable":true,"href":"https:\/\/salutieducacioemocional.com\/ca\/wp-json\/wp\/v2\/categories?post=8710"},{"taxonomy":"post_tag","embeddable":true,"href":"https:\/\/salutieducacioemocional.com\/ca\/wp-json\/wp\/v2\/tags?post=8710"}],"curies":[{"name":"wp","href":"https:\/\/api.w.org\/{rel}","templated":true}]}}